{"id":9983,"date":"2021-08-02T10:47:17","date_gmt":"2021-08-02T13:47:17","guid":{"rendered":"https:\/\/www.mpal.mp.br\/?p=9983"},"modified":"2022-06-20T10:48:28","modified_gmt":"2022-06-20T13:48:28","slug":"recomecar-procurador-geral-de-justica-recepciona-promotores-de-justica-e-senac-para-expansao-de-projeto-que-resgata-jovens-vulneraveis","status":"publish","type":"post","link":"https:\/\/www.mpal.mp.br\/?p=9983","title":{"rendered":"\u201cRecome\u00e7ar\u201d: Procurador-geral de Justi\u00e7a recepciona promotores de Justi\u00e7a e Senac para expans\u00e3o de projeto que resgata jovens vulner\u00e1veis"},"content":{"rendered":"<p class=\"western\" style=\"text-align: justify;\" align=\"justify\" data-raofz=\"14\"><span style=\"font-size: 14pt;\" data-raofz=\"16\">Amparar, resgatar, promover a ressocializa\u00e7\u00e3o, afastar da situa\u00e7\u00e3o de risco, da vulnerabilidade \u00e9 o prop\u00f3sito do \u201cProjeto Recome\u00e7ar\u201d, do Minist\u00e9rio P\u00fablico de Alagoas (MPAL), tendo como ponto de partida o munic\u00edpio de Arapiraca. Nessa quinta-feira (29), o procurador-geral de Justi\u00e7a recebeu, na Sala\u00a0dos Colegiados<b>\u00a0<\/b>Procurador de Justi\u00e7a Joubert C\u00e2mara Scala, no pr\u00e9dio-sede, bairro do Po\u00e7o, em Macei\u00f3, promotores de Justi\u00e7a e representantes do Senac, parceiro desde o in\u00edcio, instante onde foi oficializada a extens\u00e3o para as cidades de Delmiro Gouveia, Major Isidoro e Santana do Ipanema. At\u00e9 agora, j\u00e1 foram ofertadas 790 vagas de cursos profissionalizantes a jovens em cumprimento de medidas socioeducativas, mais de 320 conclu\u00edram.<\/span><\/p>\n<p class=\"western\" style=\"text-align: justify;\" align=\"justify\" data-raofz=\"14\"><span style=\"font-size: 14pt;\" data-raofz=\"16\">O chefe do Minist\u00e9rio P\u00fablico mostrou-se sensibilizado diante dos resultados do Projeto Recome\u00e7ar e se comprometeu em contribuir.<\/span><\/p>\n<p class=\"western\" style=\"text-align: justify;\" align=\"justify\" data-raofz=\"14\"><span style=\"font-size: 14pt;\" data-raofz=\"16\">\u201cSinto-me honrado em comandar a institui\u00e7\u00e3o num momento \u00edmpar como esse. Parabenizo os senhores promotores \u00e0 frente do projeto que, apesar da realidade vivida, continuam firmes no prop\u00f3sito de promover cidadania a esses jovens, contando com a parceria indispens\u00e1vel do Senac que oferta seus cursos, qualificando-os, preparando para um futuro diferente, bem como a parceria dos empres\u00e1rios locais que acolhem e somam na vida de cada um, apostando no potencial, no merecimento de oportunidades\u201d, declara o procurador-geral de Justi\u00e7a.<\/span><\/p>\n<p class=\"western\" style=\"text-align: justify;\" align=\"justify\" data-raofz=\"14\"><span style=\"font-size: 14pt;\" data-raofz=\"16\">Para o subprocurador-geral administrativo institucional, Valter Acioly, que trabalha h\u00e1 16 anos com crian\u00e7as e adolescentes em situa\u00e7\u00e3o de risco, \u00e9 preciso encontrar alternativas para ampar\u00e1-los.<\/span><\/p>\n<p class=\"western\" style=\"text-align: justify;\" align=\"justify\" data-raofz=\"14\"><span style=\"font-size: 14pt;\" data-raofz=\"16\">\u201c\u00c9\u00a0constrangedor acompanhar a car\u00eancia dos jovens. Nossos menores, ao completarem dezoito anos, s\u00e3o jogados para fora dos abrigos.\u00a0O sistema \u2018S\u2019 veio, com a parceria, garantir que se profissionalizem e possam ser aut\u00f4nomos. Maur\u00edcio e Viviane est\u00e3o conseguindo com esse projeto beneficiar os jovens carentes e estender esse amparo \u00e0s suas fam\u00edlias\u201d, transmite o subprocurador-geral.<\/span><\/p>\n<p class=\"western\" style=\"text-align: justify;\" align=\"justify\" data-raofz=\"14\"><span style=\"font-size: 14pt;\" data-raofz=\"16\">O promotor de Justi\u00e7a, Maur\u00edcio Wanderley um dos idealizadores do projeto, falou com entusiasmo sobre a disposi\u00e7\u00e3o dos colegas promotores de Justi\u00e7a, Kleber Valadares e Guilherme Diamantaras, abra\u00e7arem a causa.<\/span><\/p>\n<p class=\"western\" style=\"text-align: justify;\" align=\"justify\" data-raofz=\"14\"><span style=\"font-size: 14pt;\" data-raofz=\"16\">\u201cNosso trabalho \u00e9 algo que nos faz melhor a cada dia e vit\u00f3ria de um jovem e quando nos deparamos com colegas que se disp\u00f5em a levar para os munic\u00edpios onde atuam a\u00e7\u00f5es de esperan\u00e7a para meninos e meninas carentes, que precisam ser ajudados, resgatados, aumenta a certeza de que estamos no caminho certo. E l\u00f3gico, nada seria poss\u00edvel sem a parceria fundamental do Senac que traz o pontap\u00e9 da mudan\u00e7a com os cursos profissionalizantes\u201d, ressalta Maur\u00edcio Wanderley.<\/span><\/p>\n<p class=\"western\" style=\"text-align: justify;\" align=\"justify\" data-raofz=\"14\"><span style=\"font-size: 14pt;\" data-raofz=\"16\">Outra idealizadora do projeto, a promotora de Justi\u00e7a, Viviane Farias, destacou a import\u00e2ncia de se levar o projeto a outras cidades de Alagoas.<\/span><\/p>\n<p class=\"western\" style=\"text-align: justify;\" align=\"justify\" data-raofz=\"14\"><span style=\"font-size: 14pt;\" data-raofz=\"16\">\u201cEste \u00e9 um momento muito importante porque outros munic\u00edpios ter\u00e3o jovens com o mesmo prop\u00f3sito de transforma\u00e7\u00e3o social. S\u00f3 temos a agradecer essa parceria \u00edmpar com o Senac. Quero ressaltar que entre<span lang=\"pt-BR\" data-raofz=\"16\">\u00a0todos os\u00a0<\/span>jovens do projeto, n\u00e3o houve reincid\u00eancia em atos infracionais e o bom \u00e9 que al\u00e9m deles, as m\u00e3es tamb\u00e9m est\u00e3o sendo contempladas, o projeto tem ajudado a estruturar a fam\u00edlia\u201d, afirma a promotora Viviane.<\/span><\/p>\n<p class=\"western\" style=\"text-align: justify;\" align=\"justify\" data-raofz=\"14\"><span style=\"font-size: 14pt;\" data-raofz=\"16\">Felizes com a extens\u00e3o do projeto para os munic\u00edpios onde atuam, os promotores de Justi\u00e7a Guilherme Diamantaras e Kleber Valadares falaram com muita convic\u00e7\u00e3o de que fizeram a aposta certa.<\/span><\/p>\n<p class=\"western\" style=\"text-align: justify;\" align=\"justify\" data-raofz=\"14\"><span style=\"font-size: 14pt;\" data-raofz=\"16\">\u201cO projeto \u00e9 bem interessante e lev\u00e1-lo a Delmiro ser\u00e1 importante, visto que \u00e9 percept\u00edvel uma defasagem no trato de inf\u00e2ncia e juventude e percebo que o Munic\u00edpio n\u00e3o est\u00e1 correspondendo. Todos sabemos que a juventude \u00e9 responsabilidade de todos e o projeto \u00e9 um interc\u00e2mbio important\u00edssimo. Resolvi lev\u00e1-lo para o munic\u00edpio onde atuo, pois sabemos que no interior faltam instrumentos n\u00e3o somente para cumprimento das medidas socioeducativas, mas para retirar jovens da vida de risco\u201d, declara o promotor Guilherme Diamantaras.<\/span><\/p>\n<p class=\"western\" style=\"text-align: justify;\" align=\"justify\" data-raofz=\"14\"><span style=\"font-size: 14pt;\" data-raofz=\"16\">\u201cCom essa parceria com o sistema \u2018S\u201d ficou claro que grande parte das medidas se dava meramente de maneira formal e n\u00e3o com verdadeiras oportunidades de os jovens retornarem \u00e0 sociedade. \u00c9 um projeto muito positivo, estou muito feliz em poder ofertar esse apoio e assist\u00eancia aos jovens de Santana do Ipanema e acredito que unindo for\u00e7as poderemos mudar muitas realidades, resgatar meninos e meninos do estado de vulnerabilidade. \u00c9 muito bom registrar a vontade do trabalho social dos membros do Minist\u00e9rio P\u00fablico\u201d, evidencia o promotor Kleber Valadares.<\/span><\/p>\n<p class=\"western\" style=\"text-align: justify;\" align=\"justify\" data-raofz=\"14\"><span style=\"font-size: 14pt;\" data-raofz=\"16\">Senac<\/span><\/p>\n<p class=\"western\" style=\"text-align: justify;\" align=\"justify\" data-raofz=\"14\"><span style=\"font-size: 14pt;\" data-raofz=\"16\">O Senac est\u00e1 em parceria com o Minist\u00e9rio P\u00fablico no \u2018Projeto recome\u00e7ar\u2019 desde o in\u00edcio, em 2019, e tem sido de suma import\u00e2ncia para que o Minist\u00e9rio P\u00fablico atinja o seu maior prop\u00f3sito que \u00e9 de ofertar oportunidade de resgate e de assegurar um futuro digno para jovens socioeducandos e carentes das cidades onde \u00e9 executado.<\/span><\/p>\n<p class=\"western\" style=\"text-align: justify;\" align=\"justify\" data-raofz=\"14\"><span style=\"font-size: 14pt;\" data-raofz=\"16\">Entre as ofertas est\u00e3o cursos profissionalizantes para os jovens e\u00a0<span lang=\"pt-BR\" data-raofz=\"16\">m\u00e3es, montagem de laborat\u00f3rios entre outros.<\/span><\/span><\/p>\n<p class=\"western\" style=\"text-align: justify;\" align=\"justify\" data-raofz=\"14\"><span style=\"font-size: 14pt;\" data-raofz=\"16\"><span lang=\"pt-BR\" data-raofz=\"16\">P<\/span><span lang=\"pt-BR\" data-raofz=\"16\">ara a diretora regional do Senac-AL, Telma Ribeiro, h\u00e1 um orgulho imenso em poder contribuir com o projeto de nova vida para os jovens.<\/span><\/span><\/p>\n<p class=\"western\" style=\"text-align: justify;\" align=\"justify\" data-raofz=\"14\"><span style=\"font-size: 14pt;\" data-raofz=\"16\">\u201c<span lang=\"pt-BR\" data-raofz=\"16\">Esse projeto \u00e9 o escopo do Senac que tem responsabilidade social. Maur\u00edcio e Viviane v\u00eam abrindo oportunidades e resgatando jovens. Nosso prop\u00f3sito \u00e9 n\u00e3o perder nenhum garoto ou garota, bateu \u00e0 nossa porta esquecemos o hist\u00f3rico, o passado n\u00e3o importa, damos oportunidade. Orgulhamo-nos disso porque quanto mais ajuda, resgate, menos viol\u00eancia teremos. E estamos, hoje, muito felizes com a extens\u00e3o do projeto e tamb\u00e9m pela amplia\u00e7\u00e3o da nossa parceria e atua\u00e7\u00e3o\u201d, exprime a diretora do Senac.<\/span><\/span><\/p>\n<p class=\"western\" style=\"text-align: justify;\" align=\"justify\" data-raofz=\"14\"><span style=\"font-size: 14pt;\" data-raofz=\"16\"><span lang=\"pt-BR\" data-raofz=\"16\">O<\/span><span lang=\"pt-BR\" data-raofz=\"16\">utros parceiros<\/span><\/span><\/p>\n<p class=\"western\" style=\"text-align: justify;\" align=\"justify\" data-raofz=\"14\"><span style=\"font-size: 14pt;\" data-raofz=\"16\"><span lang=\"pt-BR\" data-raofz=\"16\">A promotora de Justi\u00e7a, Viviane Farias, faz quest\u00e3o de informar que o projeto conta com a parceria, tamb\u00e9m, de empres\u00e1rios que t\u00eam somado e feito a diferen\u00e7a. Ao todo, o Minist\u00e9rio P\u00fablico j\u00e1 tem 17 empresas que se sensibilizaram com a causa e efetivaram 34 jovens.<\/span><\/span><\/p>\n<p class=\"western\" style=\"text-align: justify;\" align=\"justify\" data-raofz=\"14\"><span style=\"font-size: 14pt;\" data-raofz=\"16\">\u201c<span lang=\"pt-BR\" data-raofz=\"16\">Isso \u00e9 maravilhoso e temos certeza de que em breve esse n\u00famero aumentar\u00e1, \u00e9 emocionante perceber que pessoas se incomodam com esses jovens e que lhes d\u00e3o oportunidades\u201d, afirma a promotora.<\/span><\/span><\/p>\n<p class=\"western\" style=\"text-align: justify;\" align=\"justify\" data-raofz=\"14\"><span style=\"font-size: 14pt;\" data-raofz=\"16\">Desde o\u00a0in\u00edcio,\u00a0o Minist\u00e9rio P\u00fablico conta com o apoio das empresas: Grupo Coringa, Grupo Vieira, Coagro, Hotel Ibis, Caraj\u00e1s, Grupo Jota Pinto, Supermercado 15 de novembro, Rede Unicompra, Popular Alimentos, Minera\u00e7\u00e3o Vale Verde, Andrade Distribuidora, Unimed Arapiraca, Grupo Asa Branca, Supermercado S\u00e3o Luiz, Grupo S. Pessoa, R\u00e1pido Infoshop e Andrade Distribuidora.<\/span><\/p>\n<p class=\"western\" style=\"text-align: justify;\" align=\"justify\" data-raofz=\"14\"><span style=\"font-size: 14pt;\" data-raofz=\"16\">Tamb\u00e9m participaram do evento, o procurador de Justi\u00e7a, Eduardo Tavares, o presidente do Sistema Fecom\u00e9rcio Sesc\/Senac, Gilton Lima, a diretora de educa\u00e7\u00e3o profissional Senac-Al, Rosely Alves, e o analista educacional do Senac\/Arapiraca, Jo\u00e3o Paulo Barbosa. Na oportunidade, os promotores de Justi\u00e7a, Guilherme Diamantaras e Kleber Valadares, assinaram um termo de ades\u00e3o ao \u201cRecome\u00e7ar\u201d.<\/span><\/p>\n<p style=\"text-align: justify;\" align=\"justify\" data-raofz=\"14\"><span style=\"font-size: 14pt;\" data-raofz=\"16\">Foto: Claudemir Mota<\/span><\/p>\n","protected":false},"excerpt":{"rendered":"<p> [&hellip;]<\/p>\n","protected":false},"author":1,"featured_media":9987,"comment_status":"open","ping_status":"open","sticky":false,"template":"","format":"standard","meta":{"om_disable_all_campaigns":false,"_monsterinsights_skip_tracking":false,"_monsterinsights_sitenote_active":false,"_monsterinsights_sitenote_note":"","_monsterinsights_sitenote_category":0,"_uf_show_specific_survey":0,"_uf_disable_surveys":false,"footnotes":""},"categories":[2],"tags":[],"class_list":["post-9983","post","type-post","status-publish","format-standard","has-post-thumbnail","hentry","category-not_mpal"],"aioseo_notices":[],"_links":{"self":[{"href":"https:\/\/www.mpal.mp.br\/index.php?rest_route=\/wp\/v2\/posts\/9983","targetHints":{"allow":["GET"]}}],"collection":[{"href":"https:\/\/www.mpal.mp.br\/index.php?rest_route=\/wp\/v2\/posts"}],"about":[{"href":"https:\/\/www.mpal.mp.br\/index.php?rest_route=\/wp\/v2\/types\/post"}],"author":[{"embeddable":true,"href":"https:\/\/www.mpal.mp.br\/index.php?rest_route=\/wp\/v2\/users\/1"}],"replies":[{"embeddable":true,"href":"https:\/\/www.mpal.mp.br\/index.php?rest_route=%2Fwp%2Fv2%2Fcomments&post=9983"}],"version-history":[{"count":1,"href":"https:\/\/www.mpal.mp.br\/index.php?rest_route=\/wp\/v2\/posts\/9983\/revisions"}],"predecessor-version":[{"id":9989,"href":"https:\/\/www.mpal.mp.br\/index.php?rest_route=\/wp\/v2\/posts\/9983\/revisions\/9989"}],"wp:featuredmedia":[{"embeddable":true,"href":"https:\/\/www.mpal.mp.br\/index.php?rest_route=\/wp\/v2\/media\/9987"}],"wp:attachment":[{"href":"https:\/\/www.mpal.mp.br\/index.php?rest_route=%2Fwp%2Fv2%2Fmedia&parent=9983"}],"wp:term":[{"taxonomy":"category","embeddable":true,"href":"https:\/\/www.mpal.mp.br\/index.php?rest_route=%2Fwp%2Fv2%2Fcategories&post=9983"},{"taxonomy":"post_tag","embeddable":true,"href":"https:\/\/www.mpal.mp.br\/index.php?rest_route=%2Fwp%2Fv2%2Ftags&post=9983"}],"curies":[{"name":"wp","href":"https:\/\/api.w.org\/{rel}","templated":true}]}}