{"id":998,"date":"2022-02-15T09:50:07","date_gmt":"2022-02-15T12:50:07","guid":{"rendered":"https:\/\/www.mpal.mp.br\/?p=998"},"modified":"2023-06-12T19:06:16","modified_gmt":"2023-06-12T22:06:16","slug":"corregedoria-geral-realiza-primeira-reuniao-com-os-promotores-recem-empossados","status":"publish","type":"post","link":"https:\/\/www.mpal.mp.br\/?p=998","title":{"rendered":"Corregedoria-Geral realiza primeira reuni\u00e3o com os promotores rec\u00e9m-empossados"},"content":{"rendered":"<div class=\"fusion-fullwidth fullwidth-box fusion-builder-row-1 nonhundred-percent-fullwidth non-hundred-percent-height-scrolling\"  style='background-color: #ffffff;background-position: center center;background-repeat: no-repeat;padding-top:0px;padding-right:0px;padding-bottom:0px;padding-left:0px;'><div class=\"fusion-builder-row fusion-row \"><div  class=\"fusion-layout-column fusion_builder_column fusion_builder_column_1_1 fusion-builder-column-1 fusion-one-full fusion-column-first fusion-column-last 1_1\"  style='margin-top:0px;margin-bottom:20px;'>\n\t\t\t\t\t<div class=\"fusion-column-wrapper\" style=\"padding: 0px 0px 0px 0px;background-position:left top;background-repeat:no-repeat;-webkit-background-size:cover;-moz-background-size:cover;-o-background-size:cover;background-size:cover;\"   data-bg-url=\"\">\n\t\t\t\t\t\t<div class=\"fusion-text\"><p style=\"text-align: justify;\" align=\"justify\" data-raofz=\"14\"><span style=\"font-size: 14pt;\" data-raofz=\"13\">A Corregedoria-Geral do Minist\u00e9rio P\u00fablico do Estado de Alagoas realizou a primeira reuni\u00e3o com os promotores de Justi\u00e7a empossados em janeiro deste ano. O encontro, que ocorreu de forma virtual, teve o objetivo de explicar aos novos membros sobre o trabalho do \u00f3rg\u00e3o que, dentre outras coisas, tem a miss\u00e3o de acompanhar o est\u00e1gio probat\u00f3rio de cada um deles e realizar correi\u00e7\u00f5es peri\u00f3dicas.<\/span><\/p>\n<p style=\"text-align: justify;\" data-raofz=\"14\"><span style=\"font-size: 14pt;\" data-raofz=\"13\">A reuni\u00e3o on-line foi coordenada pelo corregedor-geral do MPAL, procurador de Justi\u00e7a Walber Valente de Lima. Ao lado dele tamb\u00e9m participaram os promotores de Justi\u00e7a Adriana Gomes e Napole\u00e3o Amaral, que desempenham suas fun\u00e7\u00f5es na Corregedoria, e a servidora M\u00e1rcia Barros.<\/span><\/p>\n<p style=\"text-align: justify;\" data-raofz=\"14\"><span style=\"font-size: 14pt;\" data-raofz=\"13\">\u201cFoi um encontro onde abordamos diversos temas, a exemplo do acompanhamento de est\u00e1gio probat\u00f3rio, as correi\u00e7\u00f5es ordin\u00e1rias, a execu\u00e7\u00e3o das resolu\u00e7\u00f5es do Conselho Nacional do Minist\u00e9rio P\u00fablico (CNMP) e outros assuntos inerentes a atividade da Corregedoria-Geral no tocante a orienta\u00e7\u00e3o e fiscaliza\u00e7\u00e3o da atividade-fim\u201d, informou Walber Valente de Lima.<\/span><\/p>\n<p style=\"text-align: justify;\" align=\"justify\" data-raofz=\"14\"><span style=\"font-size: 14pt;\" data-raofz=\"13\">Estiveram presentes \u00e0 reuni\u00e3o os promotores de Justi\u00e7a Frederico Alves Monteiro Pereira, Andrea de Andrade Teixeira, Gustavo Arns da Silva Vasconcelos, Jo\u00e3o de S\u00e1 Bomfim Filho e Izelman In\u00e1cio da Silva que respondem, respectivamente, pelas comarcas de Cajueiro, Maribondo, Matriz do Camaragibe, Maravilha e Anadia.<\/span><\/p>\n<\/div><div class=\"fusion-clearfix\"><\/div>\n\n\t\t\t\t\t<\/div>\n\t\t\t\t<\/div><\/div><\/div>\n","protected":false},"excerpt":{"rendered":"","protected":false},"author":2,"featured_media":999,"comment_status":"closed","ping_status":"closed","sticky":false,"template":"","format":"standard","meta":{"om_disable_all_campaigns":false,"_monsterinsights_skip_tracking":false,"_monsterinsights_sitenote_active":false,"_monsterinsights_sitenote_note":"","_monsterinsights_sitenote_category":0,"_uf_show_specific_survey":0,"_uf_disable_surveys":false,"footnotes":""},"categories":[48,2],"tags":[],"class_list":["post-998","post","type-post","status-publish","format-standard","has-post-thumbnail","hentry","category-not_corregedoria","category-not_mpal"],"aioseo_notices":[],"_links":{"self":[{"href":"https:\/\/www.mpal.mp.br\/index.php?rest_route=\/wp\/v2\/posts\/998","targetHints":{"allow":["GET"]}}],"collection":[{"href":"https:\/\/www.mpal.mp.br\/index.php?rest_route=\/wp\/v2\/posts"}],"about":[{"href":"https:\/\/www.mpal.mp.br\/index.php?rest_route=\/wp\/v2\/types\/post"}],"author":[{"embeddable":true,"href":"https:\/\/www.mpal.mp.br\/index.php?rest_route=\/wp\/v2\/users\/2"}],"replies":[{"embeddable":true,"href":"https:\/\/www.mpal.mp.br\/index.php?rest_route=%2Fwp%2Fv2%2Fcomments&post=998"}],"version-history":[{"count":3,"href":"https:\/\/www.mpal.mp.br\/index.php?rest_route=\/wp\/v2\/posts\/998\/revisions"}],"predecessor-version":[{"id":1002,"href":"https:\/\/www.mpal.mp.br\/index.php?rest_route=\/wp\/v2\/posts\/998\/revisions\/1002"}],"wp:featuredmedia":[{"embeddable":true,"href":"https:\/\/www.mpal.mp.br\/index.php?rest_route=\/wp\/v2\/media\/999"}],"wp:attachment":[{"href":"https:\/\/www.mpal.mp.br\/index.php?rest_route=%2Fwp%2Fv2%2Fmedia&parent=998"}],"wp:term":[{"taxonomy":"category","embeddable":true,"href":"https:\/\/www.mpal.mp.br\/index.php?rest_route=%2Fwp%2Fv2%2Fcategories&post=998"},{"taxonomy":"post_tag","embeddable":true,"href":"https:\/\/www.mpal.mp.br\/index.php?rest_route=%2Fwp%2Fv2%2Ftags&post=998"}],"curies":[{"name":"wp","href":"https:\/\/api.w.org\/{rel}","templated":true}]}}