{"id":9949,"date":"2021-08-04T10:41:47","date_gmt":"2021-08-04T13:41:47","guid":{"rendered":"https:\/\/www.mpal.mp.br\/?p=9949"},"modified":"2023-04-24T09:17:01","modified_gmt":"2023-04-24T12:17:01","slug":"procurador-geral-de-justica-acompanha-corregedor-nacional-e-conselheiro-do-cnmp-em-visitas-ao-gaeco-e-gaesf","status":"publish","type":"post","link":"https:\/\/www.mpal.mp.br\/?p=9949","title":{"rendered":"Procurador-geral de Justi\u00e7a acompanha corregedor-nacional e conselheiro do CNMP em visitas ao Gaeco e Gaesf"},"content":{"rendered":"<p style=\"text-align: justify;\" align=\"justify\" data-raofz=\"14\"><span style=\"font-size: 14pt;\" data-raofz=\"16\">O procurador-geral de Justi\u00e7a (PGJ), M\u00e1rcio Roberto Ten\u00f3rio de Albuquerque, acompanhou, na manh\u00e3 dessa ter\u00e7a-feira (3), o corregedor- nacional do\u00a0Conselho Nacional do Minist\u00e9rio P\u00fablico\u00a0(CNMP,) Rinaldo Reis, e\u00a0o\u00a0conselheiro Silvio Amorim, presidente da Comiss\u00e3o de Controle Administrativo e Financeiro (CCAF) e da Comiss\u00e3o de Enfrentamento\u00a0\u00e0\u00a0Corrup\u00e7\u00e3o (CEC) do CNMP\u00a0durante visitas ao Grupo de Atua\u00e7\u00e3o Especial de Combate \u00e0s Organiza\u00e7\u00f5es Criminosas (Gaeco) e ao Grupo de Atua\u00e7\u00e3o Especial em Sonega\u00e7\u00e3o Fiscal e Lavagem de Bens (Gaesf), onde foram recepcionados pelos chefes das referidas unidades ministeriais, promotores de Justi\u00e7a e suas equipes, e puderam conhecer de perto toda estrutura.\u00a0Os representantes do CNMP parabenizaram a gest\u00e3o do MPAL pela organiza\u00e7\u00e3o e compet\u00eancia constatadas na atua\u00e7\u00e3o de todos que comp\u00f5em a institui\u00e7\u00e3o.<\/span><\/p>\n<p style=\"text-align: justify;\" align=\"justify\" data-raofz=\"14\"><span style=\"font-size: 14pt;\" data-raofz=\"16\">O conselheiro do CNMP, S\u00edlvio Amorim, teceu elogios ao MPAL enaltecendo a excel\u00eancia do trabalho de todos quem comp\u00f5e a institui\u00e7\u00e3o.<\/span><\/p>\n<p style=\"text-align: justify;\" align=\"justify\" data-raofz=\"14\"><span style=\"font-size: 14pt;\" data-raofz=\"16\">\u201cEsses dois dias foram muito importantes para mim como presidente de duas comiss\u00f5es do CNMP e tenho convic\u00e7\u00e3o\u00a0de\u00a0que \u00e9 o mesmo pensamento dos conselheiros\u00a0que estiveram conosco, o corregedor\u00a0Rinaldo e o conselheiro\u00a0Sebasti\u00e3o Caixeta. Foram dias importantes porque\u00a0percebemos o trabalho de excel\u00eancia que \u00e9 realizado pelo MP de Alagoas, nas esferas administrativas, de combate \u00e0 corrup\u00e7\u00e3o e ao crime organizado,\u00a0mas\u00a0tamb\u00e9m porque percebemos que esse trabalho tem um impacto na sociedade da melhor forma poss\u00edvel, ent\u00e3o sa\u00edmos daqui felizes com o que vimos\u201d, ressalta o conselheiro S\u00edlvio Amorim.<\/span><\/p>\n<p style=\"text-align: justify;\" align=\"justify\" data-raofz=\"14\"><span style=\"font-size: 14pt;\" data-raofz=\"16\">O corregedor-nacional, Rinaldo Reis,\u00a0mostrou-se impressionado com o planejamento, a organiza\u00e7\u00e3o e a produtividade do MP de Alagoas.<\/span><\/p>\n<p style=\"text-align: justify;\" align=\"justify\" data-raofz=\"14\"><span style=\"font-size: 14pt;\" data-raofz=\"16\">\u201cEsperava encontrar aqui no Minist\u00e9rio P\u00fablico de Alagoas um Minist\u00e9rio P\u00fablico bem organizado, bem estruturado, principalmente no que se refere ao combate \u00e0 corrup\u00e7\u00e3o, improbidade administrativa e tamb\u00e9m nas pr\u00e1ticas de gest\u00e3o, mas confesso que saio ainda muito melhor impressionado com o que vi. Percebi que o procurador-geral de Justi\u00e7a tem uma equipe excepcional que trabalha com efic\u00e1cia, assim, posso afirmar, esse \u00e9 um Minist\u00e9rio P\u00fablico que tem prestado um grande servi\u00e7o \u00e0 sociedade alagoana. Portanto, de parab\u00e9ns o procurador-geral de Justi\u00e7a e de parab\u00e9ns cada um dos integrantes de sua equipe, bem como o corregedor-geral de Justi\u00e7a que tem feito um excelente trabalho\u201d, enfatiza o corregedor-nacional.<\/span><\/p>\n<p style=\"text-align: justify;\" align=\"justify\" data-raofz=\"14\"><span style=\"font-size: 14pt;\" data-raofz=\"16\">Lisonjeado, o chefe ministerial, M\u00e1rcio Roberto Ten\u00f3rio, agradeceu aos representantes do CNMP e dividiu os elogios com membros e servidores.<\/span><\/p>\n<p style=\"text-align: justify;\" align=\"justify\" data-raofz=\"14\"><span style=\"font-size: 14pt;\" data-raofz=\"16\">\u201c\u00c9 gratificante quando temos o trabalho reconhecido e, principalmente, quando o corregedor-nacional enaltece a nossa institui\u00e7\u00e3o referindo-se \u00e0 quem comp\u00f5e o Minist\u00e9rio P\u00fablico de Alagoas como grandes e excepcionais prestadores de servi\u00e7o \u00e0 sociedade alagoana. Enquanto procurador-geral, agrade\u00e7o cada palavra e divido os elogios com cada membro e servidor porque nossa gest\u00e3o \u00e9 a soma do empenho e doa\u00e7\u00e3o de cada. Posso afirmar que estaremos sempre tranquilos com as visitas do corregedor-nacional e os conselheiros do CNMP porque trabalhamos pautados pela idoneidade, seguindo as leis e com o prop\u00f3sito \u00fanico de combater tudo que for il\u00edcito e crime em defesa dos direitos e da cidadania dos alagoanos\u201d, declara o PGJ.<\/span><\/p>\n<p style=\"text-align: justify;\" align=\"justify\" data-raofz=\"14\"><span style=\"font-size: 14pt;\" data-raofz=\"16\"><b>Gaeco<\/b><\/span><\/p>\n<p style=\"text-align: justify;\" align=\"justify\" data-raofz=\"14\"><span style=\"font-size: 14pt;\" data-raofz=\"16\">A primeira visita da comitiva do CNMP, acompanhada pelo PGJ, M\u00e0rcio Roberto, foi \u00e0 unidade do Gaeco. L\u00e1 o corregedor-nacional e os conselheiros foram recepcionados pelo coordenador, promotor de Justi\u00e7a Ant\u00f4nio Luiz, e pelos promotores de Justi\u00e7a, Hamilton Carneiro (coordenador-adjunto) e Martha Bueno. Os representantes do CNMP conheceram todos os setores, as equipes de trabalho, formadas por policiais militares, e ficaram a par de como s\u00e3o desenvolvidas as atividades nos respectivos recintos.<\/span><\/p>\n<p style=\"text-align: justify;\" align=\"justify\" data-raofz=\"14\"><span style=\"font-size: 14pt;\" data-raofz=\"16\"><b>Gaesf<\/b><\/span><\/p>\n<p style=\"text-align: justify;\" align=\"justify\" data-raofz=\"14\"><span style=\"font-size: 14pt;\" data-raofz=\"16\">No Gaesf, a recep\u00e7\u00e3o ficou sob responsabilidade do coordenador, promotor de Justi\u00e7a Cyro Blater, bem como da promotora de Justi\u00e7a, Mar\u00edlia Cerqueira. Da mesma forma, houve a apresenta\u00e7\u00e3o de toda estrutura e os representantes do CNMP conheceram pormenores sobre o desenvolvimento das atividades voltadas ao combate \u00e0 sonega\u00e7\u00e3o fiscal em Alagoas.<\/span><\/p>\n","protected":false},"excerpt":{"rendered":"<p> [&hellip;]<\/p>\n","protected":false},"author":1,"featured_media":9952,"comment_status":"closed","ping_status":"closed","sticky":false,"template":"","format":"standard","meta":{"om_disable_all_campaigns":false,"_monsterinsights_skip_tracking":false,"_monsterinsights_sitenote_active":false,"_monsterinsights_sitenote_note":"","_monsterinsights_sitenote_category":0,"_uf_show_specific_survey":0,"_uf_disable_surveys":false,"footnotes":""},"categories":[23,24],"tags":[],"class_list":["post-9949","post","type-post","status-publish","format-standard","has-post-thumbnail","hentry","category-not_gaeco","category-not_gaesf"],"aioseo_notices":[],"_links":{"self":[{"href":"https:\/\/www.mpal.mp.br\/index.php?rest_route=\/wp\/v2\/posts\/9949","targetHints":{"allow":["GET"]}}],"collection":[{"href":"https:\/\/www.mpal.mp.br\/index.php?rest_route=\/wp\/v2\/posts"}],"about":[{"href":"https:\/\/www.mpal.mp.br\/index.php?rest_route=\/wp\/v2\/types\/post"}],"author":[{"embeddable":true,"href":"https:\/\/www.mpal.mp.br\/index.php?rest_route=\/wp\/v2\/users\/1"}],"replies":[{"embeddable":true,"href":"https:\/\/www.mpal.mp.br\/index.php?rest_route=%2Fwp%2Fv2%2Fcomments&post=9949"}],"version-history":[{"count":1,"href":"https:\/\/www.mpal.mp.br\/index.php?rest_route=\/wp\/v2\/posts\/9949\/revisions"}],"predecessor-version":[{"id":9953,"href":"https:\/\/www.mpal.mp.br\/index.php?rest_route=\/wp\/v2\/posts\/9949\/revisions\/9953"}],"wp:featuredmedia":[{"embeddable":true,"href":"https:\/\/www.mpal.mp.br\/index.php?rest_route=\/wp\/v2\/media\/9952"}],"wp:attachment":[{"href":"https:\/\/www.mpal.mp.br\/index.php?rest_route=%2Fwp%2Fv2%2Fmedia&parent=9949"}],"wp:term":[{"taxonomy":"category","embeddable":true,"href":"https:\/\/www.mpal.mp.br\/index.php?rest_route=%2Fwp%2Fv2%2Fcategories&post=9949"},{"taxonomy":"post_tag","embeddable":true,"href":"https:\/\/www.mpal.mp.br\/index.php?rest_route=%2Fwp%2Fv2%2Ftags&post=9949"}],"curies":[{"name":"wp","href":"https:\/\/api.w.org\/{rel}","templated":true}]}}