{"id":9941,"date":"2021-08-04T10:36:44","date_gmt":"2021-08-04T13:36:44","guid":{"rendered":"https:\/\/www.mpal.mp.br\/?p=9941"},"modified":"2022-06-20T10:37:14","modified_gmt":"2022-06-20T13:37:14","slug":"mp-nomeara-novo-promotor-para-acompanhar-processo-de-falencia-do-grupo-joao-lyra","status":"publish","type":"post","link":"https:\/\/www.mpal.mp.br\/?p=9941","title":{"rendered":"MP nomear\u00e1 novo promotor para acompanhar processo de fal\u00eancia do Grupo Jo\u00e3o Lyra"},"content":{"rendered":"<p data-raofz=\"14\">O procurador-geral de Justi\u00e7a de Alagoas, M\u00e1rcio Roberto Ten\u00f3rio de Albuquerque, vai nomear um novo promotor de Justi\u00e7a para atuar no processo que envolve a massa falida do Grupo Jo\u00e3o Lyra. O compromisso foi assumido ap\u00f3s reuni\u00e3o ocorrida na manh\u00e3 desta quarta-feira (3), no pr\u00e9dio-sede do Minist\u00e9rio P\u00fablico do Estado de Alagoas (MPAL), com representantes da Prefeitura de Atalaia e da Cooperativa Agr\u00edcola do Vale do Satuba (Copervales), que, na ocasi\u00e3o, demonstrou preocupa\u00e7\u00e3o com o futuro do arrendamento das terras da Uruba, usina que integra o referido grupo empresarial.<\/p>\n<p data-raofz=\"14\">Durante o encontro, foi explicado \u00e0 chefia do MPAL que cerca de 110 fornecedores de cana-de-a\u00e7\u00facar da regi\u00e3o do Vale do Satuba, Para\u00edba e Munda\u00fa resolveram fundar a Copervales no intuito de buscar alternativas para continuar produzindo de forma eficiente e sustent\u00e1vel no cen\u00e1rio atual, principalmente diante das dificuldades enfrentadas por conta do fechamento de diversas unidades industriais nos \u00faltimos anos e que, essa mesma cooperativa arrendou cerca de 6 mil hectares da Usina Uruba. O contrato foi formalizado por 10 anos e, agora, faltam apenas quatro para que ele se encerre, o que est\u00e1 amea\u00e7ando novos investimentos por parte dos arrendat\u00e1rios. Diante dessa realidade, tanto a Copervales quanto a Prefeitura de Atalaia \u2013 uma vez que a cooperativa funciona naquela regi\u00e3o \u2013 buscaram o MPAL para que a entidade possa se posicionar, no processo, sobre a possibilidade de renova\u00e7\u00e3o desse prazo contratual.<\/p>\n<p data-raofz=\"14\">E foi ap\u00f3s a explana\u00e7\u00e3o desse pleito que o procurador-geral de Justi\u00e7a se comprometeu em nomear um novo promotor para o caso, uma vez que o anterior se averbou suspeito para seguir acompanhando os tr\u00e2mites processuais. \u201cSabemos da import\u00e2ncia do setor sucroalcooleiro para o estado de Alagoas e entendemos a preocupa\u00e7\u00e3o dos plantadores de cana-de-a\u00e7\u00facar que est\u00e3o na condi\u00e7\u00e3o de arrendat\u00e1rios das terras da Uruba. Vou estudar, com a maior brevidade poss\u00edvel, o nome de um promotor que tenha familiaridade com esse tipo de a\u00e7\u00e3o para, ent\u00e3o, design\u00e1-lo para atuar no processo\u201d, disse M\u00e1rcio Roberto Ten\u00f3rio de Albuquerque.<\/p>\n<p data-raofz=\"14\">Luiz Carlos de Barros, vice-presidente da Copervales, lembrou que criar a cooperativa foi uma decis\u00e3o corajosa de muitos fornecedores no intuito de viabilizar a perman\u00eancia deles no campo e que, agora, a realidade atual est\u00e1 exigindo ainda de cada associado. \u201cVivemos um momento que est\u00e1 nos demandando uma s\u00e9rie de investimentos e, para que eles sejam feitos, a Copervales precisa de seguran\u00e7a jur\u00eddica, da\u00ed a necessidade de um termo aditivo prorrogando o prazo de contrato de arrendamento da \u00e1rea\u201d, explicou<\/p>\n<p data-raofz=\"14\">Segundo a prefeita de Atalaia, Cec\u00edlia Herrmann Rocha, a Copervales \u00e9 uma grande geradora de emprego e renda para aquela regi\u00e3o. \u201c\u00c9 uma cooperativa que ajuda o munic\u00edpio na arrecada\u00e7\u00e3o de impostos, uma vez que os cooperados pagam o ISS (Imposto Sobre Servi\u00e7os) e que gera cerca de dois mil empregos diretos, al\u00e9m de aproximadamente mais 1,5 mil indiretos\u201d, informou ela.<\/p>\n<blockquote>\n<p data-raofz=\"16\">O procurador-geral do munic\u00edpio de Atalaia, M\u00e1rcio Roberto J\u00fanior, agradeceu a recep\u00e7\u00e3o dada pelo MPAL e refor\u00e7ou a import\u00e2ncia do processo que envolve a fal\u00eancia do Grupo Jo\u00e3o Lyra ter logo um novo promotor. \u201cA Copervales, pelo que nos foi informado, j\u00e1 pagou mais de R$ 30 milh\u00f5es pelo arrendamento, ou seja, ela est\u00e1 contribuindo para que os credores recebam as d\u00edvidas que resultaram como preju\u00edzo. Se ela seguir funcionando, tanto vai seguir ajudando nesse sentindo, quanto continuar\u00e1 gerando emprego e renda para a nossa cidade\u201d, argumentou ele.<\/p>\n<\/blockquote>\n","protected":false},"excerpt":{"rendered":"<p> [&hellip;]<\/p>\n","protected":false},"author":1,"featured_media":9943,"comment_status":"open","ping_status":"open","sticky":false,"template":"","format":"standard","meta":{"om_disable_all_campaigns":false,"_monsterinsights_skip_tracking":false,"_monsterinsights_sitenote_active":false,"_monsterinsights_sitenote_note":"","_monsterinsights_sitenote_category":0,"_uf_show_specific_survey":0,"_uf_disable_surveys":false,"footnotes":""},"categories":[2],"tags":[],"class_list":["post-9941","post","type-post","status-publish","format-standard","has-post-thumbnail","hentry","category-not_mpal"],"aioseo_notices":[],"_links":{"self":[{"href":"https:\/\/www.mpal.mp.br\/index.php?rest_route=\/wp\/v2\/posts\/9941","targetHints":{"allow":["GET"]}}],"collection":[{"href":"https:\/\/www.mpal.mp.br\/index.php?rest_route=\/wp\/v2\/posts"}],"about":[{"href":"https:\/\/www.mpal.mp.br\/index.php?rest_route=\/wp\/v2\/types\/post"}],"author":[{"embeddable":true,"href":"https:\/\/www.mpal.mp.br\/index.php?rest_route=\/wp\/v2\/users\/1"}],"replies":[{"embeddable":true,"href":"https:\/\/www.mpal.mp.br\/index.php?rest_route=%2Fwp%2Fv2%2Fcomments&post=9941"}],"version-history":[{"count":1,"href":"https:\/\/www.mpal.mp.br\/index.php?rest_route=\/wp\/v2\/posts\/9941\/revisions"}],"predecessor-version":[{"id":9944,"href":"https:\/\/www.mpal.mp.br\/index.php?rest_route=\/wp\/v2\/posts\/9941\/revisions\/9944"}],"wp:featuredmedia":[{"embeddable":true,"href":"https:\/\/www.mpal.mp.br\/index.php?rest_route=\/wp\/v2\/media\/9943"}],"wp:attachment":[{"href":"https:\/\/www.mpal.mp.br\/index.php?rest_route=%2Fwp%2Fv2%2Fmedia&parent=9941"}],"wp:term":[{"taxonomy":"category","embeddable":true,"href":"https:\/\/www.mpal.mp.br\/index.php?rest_route=%2Fwp%2Fv2%2Fcategories&post=9941"},{"taxonomy":"post_tag","embeddable":true,"href":"https:\/\/www.mpal.mp.br\/index.php?rest_route=%2Fwp%2Fv2%2Ftags&post=9941"}],"curies":[{"name":"wp","href":"https:\/\/api.w.org\/{rel}","templated":true}]}}