{"id":9938,"date":"2021-08-06T10:33:50","date_gmt":"2021-08-06T13:33:50","guid":{"rendered":"https:\/\/www.mpal.mp.br\/?p=9938"},"modified":"2022-06-20T10:34:08","modified_gmt":"2022-06-20T13:34:08","slug":"68a-pj-denuncia-bancario-por-homicidios-simples-e-lesao-corporal-grave","status":"publish","type":"post","link":"https:\/\/www.mpal.mp.br\/?p=9938","title":{"rendered":"68\u00aa PJ denuncia banc\u00e1rio por homic\u00eddios simples e les\u00e3o corporal grave"},"content":{"rendered":"<p style=\"text-align: justify;\" data-raofz=\"14\"><span style=\"font-size: 14pt;\" data-raofz=\"13\">O Minist\u00e9rio P\u00fablico do Estado de Alagoas (MPAL) denunciou, nesta sexta-feira (6), o banc\u00e1rio S\u00e9rgio Praxedes dos Santos Filho duas vezes pelo crime de homic\u00eddio simples e uma vez pelo il\u00edcito penal de les\u00e3o corporal grave contra as v\u00edtimas Pedro Alves de Souza J\u00fanior, Jos\u00e9 C\u00edcero da Silva e Quit\u00e9ria Gon\u00e7alves Amorim, respectivamente. O acidente envolvendo o r\u00e9u ocorreu no \u00faltimo dia 24, na Avenida Fernandes Lima, no bairro do Farol.<\/span><\/p>\n<p style=\"text-align: justify;\" data-raofz=\"14\"><span style=\"font-size: 14pt;\" data-raofz=\"13\">A a\u00e7\u00e3o penal foi ajuizada pelo promotor de Justi\u00e7a Ary Lages, da 68a Promotoria de Justi\u00e7a da capital. Segundo ele, no dia do fato, S\u00e9rgio Praxedes, por volta das 6h da manh\u00e3, \u201cao trafegar na contram\u00e3o e sob a influ\u00eancia de \u00e1lcool, causou um acidente que levou \u00e0 \u00f3bito Pedro Alves de Souza J\u00fanior e Jos\u00e9 C\u00edcero da Silva, e causou les\u00e3o corporal em Quit\u00e9ria Gon\u00e7alves Amorim\u201d.<\/span><\/p>\n<p style=\"text-align: justify;\" data-raofz=\"14\"><span style=\"font-size: 14pt;\" data-raofz=\"13\">A peti\u00e7\u00e3o tamb\u00e9m relata que o banc\u00e1rio, na noite e madrugada anteriores, participou de do anivers\u00e1rio de uma pessoa chamada \u201cKell Ferreti\u201d e que, por meio de diversas fotos e v\u00eddeos que circularam nas redes sociais, \u201cvia-se claramente o autor ingerindo bebida alc\u00f3olica\u201d.<\/span><\/p>\n<p style=\"text-align: justify;\" data-raofz=\"14\"><span style=\"font-size: 14pt;\" data-raofz=\"13\">Apesar do r\u00e9u ter se negado a fazer o exame de alcoolemia no local do crime, o MPAL afirma que \u201cforam encontradas, dentro de seu ve\u00edculo, garrafas de cerveja j\u00e1 vazias, al\u00e9m dos claros sinais de embriaguez, como odor e h\u00e1lito de quem tinha consumido \u00e1lcool\u201d.<\/span><\/p>\n<p style=\"text-align: justify;\" data-raofz=\"14\"><span style=\"font-size: 14pt;\"><strong>As v\u00edtimas<\/strong><\/span><\/p>\n<p style=\"text-align: justify;\" data-raofz=\"14\"><span style=\"font-size: 14pt;\" data-raofz=\"13\">De acordo com Ary Lages, as investiga\u00e7\u00f5es da Pol\u00edcia Civil conclu\u00edram que \u201cPedro, que trabalhava como seguran\u00e7a e era pai de quatro filhos, dirigia em dire\u00e7\u00e3o a seu local de trabalho quando teve a vida ceifada, imediatamente, pela conduta do denunciado\u201d.<\/span><\/p>\n<p style=\"text-align: justify;\" data-raofz=\"14\"><span style=\"font-size: 14pt;\" data-raofz=\"13\">Jos\u00e9 C\u00edcero, por sua vez, pilotava a motocicleta em dire\u00e7\u00e3o ao local de trabalho de sua esposa, Quit\u00e9ria, que estava na garupa, quando ocorreu o acidente. Ambos foram levado ao HGE, mas Pedro n\u00e3o resistiu aos graves ferimentos que foram causados pelo impacto da colis\u00e3o. \u201cQuanto \u00e0 terceira v\u00edtima, agora vi\u00fava e \u00fanica fonte de renda da fam\u00edlia, encontra-se tamb\u00e9m impossibilitada de exercer seu trabalho como empregada dom\u00e9stica em raz\u00e3o da grave les\u00e3o que sofreu, fraturando-lhe o osso da bacia\u201d, detalha a a\u00e7\u00e3o.<\/span><\/p>\n<p style=\"text-align: justify;\" data-raofz=\"14\"><span style=\"font-size: 14pt;\" data-raofz=\"13\">\u201cA materialidade dos crimes e os ind\u00edcios de autoria est\u00e3o suficientemente demonstrados ao longo do procedimento investigat\u00f3rio, atrav\u00e9s dos depoimentos das testemunhas, do termo de constata\u00e7\u00e3o de sinais de altera\u00e7\u00e3o de capacidade psicomotora, das m\u00eddias com v\u00eddeos e fotos do evento criminoso, bem como pela certid\u00f5es de \u00f3bito, pelo laudo de exame cadav\u00e9rico e, por fim, pelo exame de corpo de delito solicitado\u201d, explicou o promotor de Justi\u00e7a.<\/span><\/p>\n<p style=\"text-align: justify;\" data-raofz=\"14\"><span style=\"font-size: 14pt;\"><strong>O dolo eventual<\/strong><\/span><\/p>\n<p style=\"text-align: justify;\" data-raofz=\"14\"><span style=\"font-size: 14pt;\" data-raofz=\"13\">Ary Lages denunciou S\u00e9rgio Praxedes, por duas vezes, pelo crime de homic\u00eddio simples<\/span><br \/>\n<span style=\"font-size: 14pt;\" data-raofz=\"13\">e, uma vez, pelo il\u00edcito penal de les\u00e3o corporal grave.<\/span><\/p>\n<p style=\"text-align: justify;\" data-raofz=\"14\"><span style=\"font-size: 14pt;\" data-raofz=\"13\">\u201cNecess\u00e1rio se faz frisar que, segundo o entendimento sedimentado dos tribunais superiores sobre a mat\u00e9ria, o agente que comete o crime de homic\u00eddio na dire\u00e7\u00e3o veicular, estando embriagado e dirigindo na contram\u00e3o, age com dolo eventual (assume o risco de matar), devendo ser processado perante uma vara do Tribunal do J\u00fari e n\u00e3o responder pelo C\u00f3digo de Tr\u00e2nsito Brasileiro\u201d, esclareceu o promotor de Justi\u00e7a, ao concluir a peti\u00e7\u00e3o.<\/span><\/p>\n","protected":false},"excerpt":{"rendered":"<p> [&hellip;]<\/p>\n","protected":false},"author":1,"featured_media":9939,"comment_status":"open","ping_status":"open","sticky":false,"template":"","format":"standard","meta":{"om_disable_all_campaigns":false,"_monsterinsights_skip_tracking":false,"_monsterinsights_sitenote_active":false,"_monsterinsights_sitenote_note":"","_monsterinsights_sitenote_category":0,"_uf_show_specific_survey":0,"_uf_disable_surveys":false,"footnotes":""},"categories":[2],"tags":[],"class_list":["post-9938","post","type-post","status-publish","format-standard","has-post-thumbnail","hentry","category-not_mpal"],"aioseo_notices":[],"_links":{"self":[{"href":"https:\/\/www.mpal.mp.br\/index.php?rest_route=\/wp\/v2\/posts\/9938","targetHints":{"allow":["GET"]}}],"collection":[{"href":"https:\/\/www.mpal.mp.br\/index.php?rest_route=\/wp\/v2\/posts"}],"about":[{"href":"https:\/\/www.mpal.mp.br\/index.php?rest_route=\/wp\/v2\/types\/post"}],"author":[{"embeddable":true,"href":"https:\/\/www.mpal.mp.br\/index.php?rest_route=\/wp\/v2\/users\/1"}],"replies":[{"embeddable":true,"href":"https:\/\/www.mpal.mp.br\/index.php?rest_route=%2Fwp%2Fv2%2Fcomments&post=9938"}],"version-history":[{"count":1,"href":"https:\/\/www.mpal.mp.br\/index.php?rest_route=\/wp\/v2\/posts\/9938\/revisions"}],"predecessor-version":[{"id":9940,"href":"https:\/\/www.mpal.mp.br\/index.php?rest_route=\/wp\/v2\/posts\/9938\/revisions\/9940"}],"wp:featuredmedia":[{"embeddable":true,"href":"https:\/\/www.mpal.mp.br\/index.php?rest_route=\/wp\/v2\/media\/9939"}],"wp:attachment":[{"href":"https:\/\/www.mpal.mp.br\/index.php?rest_route=%2Fwp%2Fv2%2Fmedia&parent=9938"}],"wp:term":[{"taxonomy":"category","embeddable":true,"href":"https:\/\/www.mpal.mp.br\/index.php?rest_route=%2Fwp%2Fv2%2Fcategories&post=9938"},{"taxonomy":"post_tag","embeddable":true,"href":"https:\/\/www.mpal.mp.br\/index.php?rest_route=%2Fwp%2Fv2%2Ftags&post=9938"}],"curies":[{"name":"wp","href":"https:\/\/api.w.org\/{rel}","templated":true}]}}