{"id":9929,"date":"2021-08-10T10:29:54","date_gmt":"2021-08-10T13:29:54","guid":{"rendered":"https:\/\/www.mpal.mp.br\/?p=9929"},"modified":"2022-06-20T10:30:16","modified_gmt":"2022-06-20T13:30:16","slug":"ministerio-publico-sugere-criacao-de-comite-gestor-para-acompanhar-a-situacao-de-familias-da-comunidade-sururu-de-capote-durante-obras-de-revitalizacao","status":"publish","type":"post","link":"https:\/\/www.mpal.mp.br\/?p=9929","title":{"rendered":"Minist\u00e9rio P\u00fablico sugere cria\u00e7\u00e3o de comit\u00ea gestor para acompanhar a situa\u00e7\u00e3o de fam\u00edlias da comunidade Sururu de Capote durante obras de revitaliza\u00e7\u00e3o"},"content":{"rendered":"<p style=\"text-align: justify;\" align=\"justify\" data-raofz=\"14\"><span style=\"font-size: 14pt;\" data-raofz=\"13\">Ap\u00f3s visitas t\u00e9cnicas \u00e0 comunidade Sururu de Capote, localizada \u00e0s margens da lagoa Munda\u00fa, e uma reuni\u00e3o no pr\u00e9dio das Promotorias de Justi\u00e7a da capital, ficou decidido que ser\u00e1 criado um comit\u00ea gestor para acompanhar a transfer\u00eancia das fam\u00edlias que moram naquela localidade. Elas est\u00e3o de mudan\u00e7a em raz\u00e3o das obras de revitaliza\u00e7\u00e3o promovidas pela Prefeitura de Macei\u00f3. A forma\u00e7\u00e3o do colegiado foi sugerida pelo Minist\u00e9rio P\u00fablico do Estado de Alagoas (MPAL), que constatou estar havendo viola\u00e7\u00e3o aos direitos humanos dos moradores da regi\u00e3o.<\/span><\/p>\n<p style=\"text-align: justify;\" align=\"justify\" data-raofz=\"14\"><span style=\"font-size: 14pt;\" data-raofz=\"13\">A inspe\u00e7\u00e3o foi realizada pelo promotor de Justi\u00e7a Magno Alexandre Moura, que est\u00e1 atuando na 61\u00aa Promotoria de Justi\u00e7a, com atribui\u00e7\u00e3o na \u00e1rea dos direitos humanos. \u201cTanto na condi\u00e7\u00e3o de promotor, quanto na de presidente do Conselho Estadual de Direitos Humanos, estamos acompanhando bem de perto a retirada dos moradores da favela para outras \u00e1reas, inclusive, tamb\u00e9m monitoramos como aqueles que continuam l\u00e1, est\u00e3o sendo tratados. Infelizmente, comprovamos que direitos fundamentais da pessoa humana est\u00e3o sendo feridos e, por isso, convocamos a reuni\u00e3o. O encontro foi proveitoso, discutimos algumas a\u00e7\u00f5es e decidimos por criar o comit\u00ea para que o grupo possa acompanhar ainda mais de perto essa realidade\u201d, afirmou ele.<\/span><\/p>\n<p style=\"text-align: justify;\" align=\"justify\" data-raofz=\"14\"><span style=\"font-size: 14pt;\" data-raofz=\"13\">Estiveram presentes representantes do Comit\u00ea dos Povos de Alagoas, do Movimento de Trabalhadoras e Trabalhadores por Direitos, das Secretarias Municipais de Assist\u00eancia Social, Seguran\u00e7a Comunit\u00e1ria e Conv\u00edvio Social, Habita\u00e7\u00e3o e Infraestrutura e da Secretaria de Estado da Mulher e dos Direitos Humanos.<\/span><\/p>\n<p style=\"text-align: justify;\" align=\"justify\" data-raofz=\"14\"><span style=\"font-size: 14pt;\" data-raofz=\"13\">Segundo Magno Alexandre Moura, o MPAL reconhece que a obra \u00e9 de relevante interesse p\u00fablico, mas, ele pontuou que o mais fundamental \u00e9 cuidar das pessoas. \u201cTemos que acompanhar como est\u00e1 se dando a realoca\u00e7\u00e3o dos moradores para que seja garantido um tratamento digno a eles. Inclusive, saber que tipo de nova moradia est\u00e1 sendo ofertada. E, para al\u00e9m disso, cobramos da prefeitura a reinser\u00e7\u00e3o social dessas pessoas, uma vez que a grande maioria vive \u00e0s margens da sociedade\u201d, enfatizou o promotor de Justi\u00e7a.<\/span><\/p>\n<p style=\"text-align: justify;\" align=\"justify\" data-raofz=\"14\"><span style=\"font-size: 14pt;\" data-raofz=\"13\">Ap\u00f3s a sugest\u00e3o do MPAL para a cria\u00e7\u00e3o do comit\u00ea gestor, ficou acordado que a Secretaria Municipal de Habita\u00e7\u00e3o far\u00e1 as tratativas com o prefeito de Macei\u00f3, Jo\u00e3o Henrique Caldas, no sentido de que ele promova, legalmente, essa cria\u00e7\u00e3o.<\/span><\/p>\n","protected":false},"excerpt":{"rendered":"<p> [&hellip;]<\/p>\n","protected":false},"author":1,"featured_media":9931,"comment_status":"open","ping_status":"open","sticky":false,"template":"","format":"standard","meta":{"om_disable_all_campaigns":false,"_monsterinsights_skip_tracking":false,"_monsterinsights_sitenote_active":false,"_monsterinsights_sitenote_note":"","_monsterinsights_sitenote_category":0,"_uf_show_specific_survey":0,"_uf_disable_surveys":false,"footnotes":""},"categories":[2],"tags":[],"class_list":["post-9929","post","type-post","status-publish","format-standard","has-post-thumbnail","hentry","category-not_mpal"],"aioseo_notices":[],"_links":{"self":[{"href":"https:\/\/www.mpal.mp.br\/index.php?rest_route=\/wp\/v2\/posts\/9929","targetHints":{"allow":["GET"]}}],"collection":[{"href":"https:\/\/www.mpal.mp.br\/index.php?rest_route=\/wp\/v2\/posts"}],"about":[{"href":"https:\/\/www.mpal.mp.br\/index.php?rest_route=\/wp\/v2\/types\/post"}],"author":[{"embeddable":true,"href":"https:\/\/www.mpal.mp.br\/index.php?rest_route=\/wp\/v2\/users\/1"}],"replies":[{"embeddable":true,"href":"https:\/\/www.mpal.mp.br\/index.php?rest_route=%2Fwp%2Fv2%2Fcomments&post=9929"}],"version-history":[{"count":1,"href":"https:\/\/www.mpal.mp.br\/index.php?rest_route=\/wp\/v2\/posts\/9929\/revisions"}],"predecessor-version":[{"id":9932,"href":"https:\/\/www.mpal.mp.br\/index.php?rest_route=\/wp\/v2\/posts\/9929\/revisions\/9932"}],"wp:featuredmedia":[{"embeddable":true,"href":"https:\/\/www.mpal.mp.br\/index.php?rest_route=\/wp\/v2\/media\/9931"}],"wp:attachment":[{"href":"https:\/\/www.mpal.mp.br\/index.php?rest_route=%2Fwp%2Fv2%2Fmedia&parent=9929"}],"wp:term":[{"taxonomy":"category","embeddable":true,"href":"https:\/\/www.mpal.mp.br\/index.php?rest_route=%2Fwp%2Fv2%2Fcategories&post=9929"},{"taxonomy":"post_tag","embeddable":true,"href":"https:\/\/www.mpal.mp.br\/index.php?rest_route=%2Fwp%2Fv2%2Ftags&post=9929"}],"curies":[{"name":"wp","href":"https:\/\/api.w.org\/{rel}","templated":true}]}}