{"id":9924,"date":"2015-04-27T10:28:00","date_gmt":"2015-04-27T13:28:00","guid":{"rendered":"https:\/\/www.mpal.mp.br\/?p=9924"},"modified":"2022-06-20T10:36:26","modified_gmt":"2022-06-20T13:36:26","slug":"promotoria-de-fundacoes-comemora-sucesso-do-ii-seminario-do-projeto-associacao-legal","status":"publish","type":"post","link":"https:\/\/www.mpal.mp.br\/?p=9924","title":{"rendered":"Promotoria de Funda\u00e7\u00f5es comemora sucesso do II Semin\u00e1rio do Projeto Associa\u00e7\u00e3o Legal"},"content":{"rendered":"<p style=\"text-align: justify;\"><span style=\"font-size: 14pt;\">Tal como na primeira edi\u00e7\u00e3o, o II Semin\u00e1rio do Projeto Associa\u00e7\u00e3o Legal lotou, nesta sexta-feira (24), o audit\u00f3rio Jo\u00e3o Sampaio, no Campus I do Cesmac, com cerca de 200 lideran\u00e7as comunit\u00e1rias de Macei\u00f3, dessa vez para discutir \u201cLegalidade e Capta\u00e7\u00e3o de Recursos de Entidades do Terceiro Setor\u201d, tema do evento. O Minist\u00e9rio P\u00fablico do Estado de Alagoas, por meio da 24\u00aa Promotoria de Justi\u00e7a da Capital (Funda\u00e7\u00f5es), foi o respons\u00e1vel pela iniciativa que ofertou a dirigentes e membros de associa\u00e7\u00f5es informa\u00e7\u00f5es para o exerc\u00edcio das fun\u00e7\u00f5es que exercem, de modo a capacit\u00e1-los para agirem de forma \u00e9tica e dentro da legalidade.<\/span><\/p>\n<p style=\"text-align: justify;\"><span style=\"font-size: 14pt;\">Para o procurador-geral de Justi\u00e7a, S\u00e9rgio Juc\u00e1, o evento da Promotoria de Funda\u00e7\u00f5es representa um marco para a organiza\u00e7\u00e3o das entidades filantr\u00f3picas e associa\u00e7\u00f5es. &#8220;Temos que louvar o projeto porque ele tem uma miss\u00e3o nobre, que \u00e9 capacitar as pessoas que est\u00e3o coordenando essas institui\u00e7\u00f5es. Tratam-se de entidades que prestam servi\u00e7os importantes \u00e0s comunidades, a segmentos espec\u00edficos, que representam uma parcela da sociedade, ent\u00e3o, \u00e9 fundamental que elas conhe\u00e7am o ordenamento jur\u00eddico que as regem&#8221;, defendeu Juc\u00e1.<\/span><\/p>\n<p style=\"text-align: justify;\"><span style=\"font-size: 14pt;\">Idealizadora do projeto, a promotora de Justi\u00e7a Failde Mendon\u00e7a comemorou o sucesso de p\u00fablico do semin\u00e1rio, que superou a expectativa de participantes. \u201cEsse evento chegou a um patamar inesperado porque o organizamos para 120 pessoas e apareceu quase o dobro. N\u00e3o s\u00f3 lotamos o audit\u00f3rio, como o mantivemos lotado durante todo o dia com o debate de temas importantes para as necessidades das entidades, que precisam de permanente capta\u00e7\u00e3o. Agrade\u00e7o \u00e0 Procuradoria Geral de Justi\u00e7a por nos ter dado todo o apoio poss\u00edvel. Senti-me extremamente prestigiada numa atividade, de fato, proveitosa\u201d, destacou.<\/span><\/p>\n<p style=\"text-align: justify;\"><span style=\"font-size: 14pt;\">\u201c\u00c9 preciso ter sede de aprender e voc\u00eas est\u00e3o no caminho certo. Somente o conhecimento e da edu\u00e7\u00e3o podem transformar. Saber fazer gest\u00e3o n\u00e3o \u00e9 f\u00e1cil e a presen\u00e7a de cada um no evento \u00e9 prova de que todo esse grupo quer servir da forma correta&#8221;, elogiou o professor e historiador Douglas Apratto, que, na qualidade de reitor em exerc\u00edcio, falou em nome do Cesmac, um dos apoiadores do projeto.<\/span><\/p>\n<p style=\"text-align: justify;\"><span style=\"font-size: 14pt;\">Tamb\u00e9m estiveram presentes no semin\u00e1rio o procurador de Justi\u00e7a Afr\u00e2nio Roberto de Queiroz, o promotor de Justi\u00e7a Rog\u00e9rio Paranhos, os vereadores Silv\u00e2nio Barbosa e Tereza Nelma, o procurador-geral do Minist\u00e9rio P\u00fablico de Contas, Rafael Alc\u00e2ntara e autoridades da Secretaria Estadual de Agricultura, Secretaria Municipal de Assist\u00eancia Social, Conselho Municipal de Assist\u00eancia Social e da Faculdade Alagoana de Tecnologia.<\/span><\/p>\n<p style=\"text-align: justify;\"><span style=\"font-size: 14pt;\"><strong>O evento<\/strong><\/span><\/p>\n<p style=\"text-align: justify;\"><span style=\"font-size: 14pt;\">Pela manh\u00e3, os participantes foram recepcionados com um caf\u00e9 da manh\u00e3 especial, que foi sucedido por um momento cultural com as crian\u00e7as do Projeto Move Paz. Na sequ\u00eancia, a professora e advogada da Master Consultoria Educacional, Michele Cordeiro, comandou a palestra \u201cDocumenta\u00e7\u00e3o indispens\u00e1vel para as entidades do Terceiro Setor\u201d. Depois foi a vez da sala de debate que, com a media\u00e7\u00e3o do jornalista Jorge Moraes, abordou o perfil das Entidades do Terceiro Setor sob a \u00f3tica dos \u00d3rg\u00e3os de fiscaliza\u00e7\u00e3o e parceiros.<\/span><\/p>\n<p style=\"text-align: justify;\"><span style=\"font-size: 14pt;\">Pela tarde, depois do almo\u00e7o, a professora e consultora do Sebrae, Eliane Amorim Merten, tamb\u00e9m da Master Consultoria, apresentou \u00e0s lideran\u00e7as presentes o processo para captar recursos atendendo a editais. No fim do evento, houve sorteio de brindes e entrega dos certificados para os participantes. O presidente da Federa\u00e7\u00e3o das Associa\u00e7\u00f5es de Moradores e Entidades Comunit\u00e1ria de Alagoas (Famecal), Petr\u00facio Santos, aprovou o semin\u00e1rio.<\/span><\/p>\n<p style=\"text-align: justify;\"><span style=\"font-size: 14pt;\">\u201cDe um a dez, eu dou nota dez ao evento em rela\u00e7\u00e3o \u00e0 organiza\u00e7\u00e3o, manuten\u00e7\u00e3o do p\u00fablico no local e qualidade das palestras. Foram muito importantes as interven\u00e7\u00f5es construtivas da promotora Failde Mendon\u00e7a e a presen\u00e7a do procurador-geral de Justi\u00e7a, S\u00e9rgio Juc\u00e1, para aprendermos mais sobre o tema do evento. No 3\u00ba Semin\u00e1rio, vamos dobrar o p\u00fablico, porque a realiza\u00e7\u00e3o das primeiras edi\u00e7\u00f5es permitiu que n\u00e3o s\u00f3 a Capital, mas todo o estado pudesse conhecer melhor a nossa Famecal\u201d, disse Petr\u00facio, que comemora o aumento da procura da entidade por outras associa\u00e7\u00f5es.<\/span><\/p>\n<p style=\"text-align: justify;\"><span style=\"font-size: 14pt;\">\u201cS\u00f3 pelo fato de ocorrer o segundo semin\u00e1rio j\u00e1 \u00e9 um grande imenso para o movimento comunit\u00e1rio, principalmente para as associa\u00e7\u00f5es. Na forma\u00e7\u00e3o de hoje, n\u00f3s discutimos temas como legaliza\u00e7\u00e3o das entidades, elabora\u00e7\u00e3o de projetos sociais e capta\u00e7\u00e3o de recursos. Para quem tem uma associa\u00e7\u00e3o organizada, o evento corresponde \u00e0 sua finalidade, al\u00e9m de mostrar que o di\u00e1logo com o Minist\u00e9rio P\u00fablico deu resultado, j\u00e1 que nossas expectativas de evolu\u00e7\u00e3o foram todas atingidas\u201d, destacou o diretor de Educa\u00e7\u00e3o Comunit\u00e1ria da Famecal, Ant\u00f4nio Sabino.<\/span><\/p>\n<p style=\"text-align: justify;\"><span style=\"font-size: 14pt;\"><strong>A origem do projeto<\/strong><\/span><\/p>\n<p style=\"text-align: justify;\"><span style=\"font-size: 14pt;\">De acordo com a promotora de Justi\u00e7a Failde Mendon\u00e7a, o projeto surgiu na busca por eliminar dificuldades existentes dentre destas organiza\u00e7\u00f5es, as quais foram detectadas pela promotoria nas audi\u00eancias com membros e dirigentes de associa\u00e7\u00f5es e funda\u00e7\u00f5es, bem como em visitas realizadas pela promotoria. A iniciativa surgiu da necessidade de se atuar de forma mais proativa diante das institui\u00e7\u00f5es com a finalidade de capacitar dirigentes, membros e conselheiros, bem como lideran\u00e7as locais, a partir da forma mais \u00e9tica, legal e cordial de agir com os usu\u00e1rios dos servi\u00e7os e no trato dos recursos sociais e p\u00fablicos.<\/span><\/p>\n<p style=\"text-align: justify;\"><span style=\"font-size: 14pt;\">\u201cNo diagn\u00f3stico que realizamos em algumas associa\u00e7\u00f5es e funda\u00e7\u00f5es identificamos algumas necessidades como a falta conhecimento em administra\u00e7\u00e3o, capta\u00e7\u00e3o e trato de recursos; a necessidade de que haja uma melhor postura diante de financiadores e parceiros, bem como um atendimento mais qualificado e rela\u00e7\u00f5es interpessoais mais sin\u00e9rgicas e harm\u00f4nicas. Sem estes aspectos bem definidos e funcionando de forma eficiente, qualquer organiza\u00e7\u00e3o passa por dificuldades. Por essa raz\u00e3o, desenvolvemos este projeto para contribuir de forma significativa com o desenvolvimento de cada uma delas. Afinal, a qualifica\u00e7\u00e3o \u00e9 essencial a todos os segmentos\u201d, disse a promotora de Justi\u00e7a.<\/span><\/p>\n<p style=\"text-align: justify;\"><span style=\"font-size: 14pt;\"><strong>Outras edi\u00e7\u00f5es do Semin\u00e1rio<\/strong><\/span><\/p>\n<p style=\"text-align: justify;\"><span style=\"font-size: 14pt;\">Em 16 de dezembro do ano passado, aconteceu a primeira edi\u00e7\u00e3o do projeto que contou com a participa\u00e7\u00e3o de 120 pessoas e tratou da tem\u00e1tica da Corrup\u00e7\u00e3o e \u00c9tica no Terceiro Setor.<\/span><\/p>\n<p style=\"text-align: justify;\"><span style=\"font-size: 14pt;\">Ainda para 2015, est\u00e3o previstos mais tr\u00eas semin\u00e1rios, que devem ocorrer nos meses de agosto, outubro e dezembro, nos quais ser\u00e3o ofertados no\u00e7\u00f5es de comportamento, de gest\u00e3o administrativa e cont\u00e1bil-financeira, dentre outros que sejam identificados como necess\u00e1rios para o desenvolvimento das associa\u00e7\u00f5es e funda\u00e7\u00f5es.<\/span><\/p>\n","protected":false},"excerpt":{"rendered":"<p> [&hellip;]<\/p>\n","protected":false},"author":4,"featured_media":9930,"comment_status":"open","ping_status":"open","sticky":false,"template":"","format":"standard","meta":{"om_disable_all_campaigns":false,"_monsterinsights_skip_tracking":false,"_monsterinsights_sitenote_active":false,"_monsterinsights_sitenote_note":"","_monsterinsights_sitenote_category":0,"_uf_show_specific_survey":0,"_uf_disable_surveys":false,"footnotes":""},"categories":[2],"tags":[],"class_list":["post-9924","post","type-post","status-publish","format-standard","has-post-thumbnail","hentry","category-not_mpal"],"aioseo_notices":[],"_links":{"self":[{"href":"https:\/\/www.mpal.mp.br\/index.php?rest_route=\/wp\/v2\/posts\/9924","targetHints":{"allow":["GET"]}}],"collection":[{"href":"https:\/\/www.mpal.mp.br\/index.php?rest_route=\/wp\/v2\/posts"}],"about":[{"href":"https:\/\/www.mpal.mp.br\/index.php?rest_route=\/wp\/v2\/types\/post"}],"author":[{"embeddable":true,"href":"https:\/\/www.mpal.mp.br\/index.php?rest_route=\/wp\/v2\/users\/4"}],"replies":[{"embeddable":true,"href":"https:\/\/www.mpal.mp.br\/index.php?rest_route=%2Fwp%2Fv2%2Fcomments&post=9924"}],"version-history":[{"count":1,"href":"https:\/\/www.mpal.mp.br\/index.php?rest_route=\/wp\/v2\/posts\/9924\/revisions"}],"predecessor-version":[{"id":9934,"href":"https:\/\/www.mpal.mp.br\/index.php?rest_route=\/wp\/v2\/posts\/9924\/revisions\/9934"}],"wp:featuredmedia":[{"embeddable":true,"href":"https:\/\/www.mpal.mp.br\/index.php?rest_route=\/wp\/v2\/media\/9930"}],"wp:attachment":[{"href":"https:\/\/www.mpal.mp.br\/index.php?rest_route=%2Fwp%2Fv2%2Fmedia&parent=9924"}],"wp:term":[{"taxonomy":"category","embeddable":true,"href":"https:\/\/www.mpal.mp.br\/index.php?rest_route=%2Fwp%2Fv2%2Fcategories&post=9924"},{"taxonomy":"post_tag","embeddable":true,"href":"https:\/\/www.mpal.mp.br\/index.php?rest_route=%2Fwp%2Fv2%2Ftags&post=9924"}],"curies":[{"name":"wp","href":"https:\/\/api.w.org\/{rel}","templated":true}]}}