{"id":9916,"date":"2021-08-12T10:26:35","date_gmt":"2021-08-12T13:26:35","guid":{"rendered":"https:\/\/www.mpal.mp.br\/?p=9916"},"modified":"2022-06-20T10:26:50","modified_gmt":"2022-06-20T13:26:50","slug":"mpal-participa-de-discussoes-sobre-convenio-para-que-adolescentes-em-conflito-com-a-lei-tenham-praticas-socioeducacionais","status":"publish","type":"post","link":"https:\/\/www.mpal.mp.br\/?p=9916","title":{"rendered":"MPAL participa de discuss\u00f5es sobre conv\u00eanio para que adolescentes em conflito com a lei tenham pr\u00e1ticas socioeducacionais"},"content":{"rendered":"<p style=\"text-align: justify;\" data-raofz=\"14\"><span style=\"font-size: 14pt;\" data-raofz=\"13\">O Minist\u00e9rio P\u00fablico de Estado de Alagoas (MPAL) participou, nessa quarta-feira (11), das discuss\u00f5es para assinatura de um conv\u00eanio que vai proporcionar atividades f\u00edsicas e educacionais para o p\u00fablico socioeducativo e para crian\u00e7as e adolescentes em situa\u00e7\u00e3o de vulnerabilidade social. Nesse sentido, dever\u00e1 ser assinado um termo de coopera\u00e7\u00e3o entre a Secretaria de Estado de Preven\u00e7\u00e3o \u00e0 Viol\u00eancia (Seprev) e a Universidade Federal de Alagoas (UFAL), com o aval da 12\u00aa Promotoria de Justi\u00e7a da Capital, que possui atribui\u00e7\u00e3o para atuar junto ao Sistema Socioeducativo. Outro conv\u00eanio tamb\u00e9m dever\u00e1 ser firmado, dessa vez, entre o Minist\u00e9rio P\u00fablico Estadual e a universidade, na perspectiva de possibilitar o desenvolvimento de a\u00e7\u00f5es em todo o estado voltadas \u00e0 inclus\u00e3o sociofamiliar daqueles que conflitaram com a lei para que, assim, eles superem essa condi\u00e7\u00e3o.\u00a0<\/span><\/p>\n<p style=\"text-align: justify;\" data-raofz=\"14\"><span style=\"font-size: 14pt;\" data-raofz=\"13\">No sistema socioeducativo, as atividades dever\u00e3o englobar programas de educa\u00e7\u00e3o f\u00edsica, de esportes, de matem\u00e1tica e de inform\u00e1tica, todos promovidos pela Ufal. Para a promotora de Justi\u00e7a Mar\u00edlia Cerqueira, titular da 12\u00aa Promotoria de Justi\u00e7a, essa inciativa vai resgatar nos adolescentes em conflito com a lei o sentimento de pertencimento ao ambiente educacional e despertar um novo olhar sobre a conviv\u00eancia em sociedade. \u201cEsse conv\u00eanio \u00e9 a abertura de um novo campo de transforma\u00e7\u00e3o social para a socioeduca\u00e7\u00e3o, possibilitando que adolescentes e jovens construam uma vida diferente daquela que o levou \u00e0 pr\u00e1tica do ato infracional. Estar inserido no ambiente universit\u00e1rio e descobrir suas habilidades e potencialidades far\u00e1 uma diferen\u00e7a enorme no p\u00f3s medida, no adulto que se formar\u00e1 mais adiante\u201d, enfatizou ela.<\/span><\/p>\n<p style=\"text-align: justify;\" data-raofz=\"14\"><span style=\"font-size: 14pt;\" data-raofz=\"13\">A superintendente de Medidas Socioeducativas da Seprev, Denise Paranhos, tamb\u00e9m destacou a import\u00e2ncia da pr\u00e1tica esportiva durante o per\u00edodo de priva\u00e7\u00e3o de liberdade. \u201cSabemos o quanto o esporte \u00e9 fundamental para nossos adolescentes, principalmente durante a interna\u00e7\u00e3o. Essa parceria ser\u00e1 muito proveitosa e permitir\u00e1 trabalhar as habilidades dos socioeducandos e at\u00e9 descobrir novos talentos\u201d, afirmou.<\/span><\/p>\n<p style=\"text-align: justify;\" data-raofz=\"14\"><span style=\"font-size: 14pt;\"><strong>Vulnerabilidade social<\/strong><\/span><\/p>\n<p style=\"text-align: justify;\" data-raofz=\"14\"><span style=\"font-size: 14pt;\" data-raofz=\"13\">Durante a reuni\u00e3o, tamb\u00e9m ficou combinado que as mesmas a\u00e7\u00f5es ser\u00e3o executadas com jovens provenientes de locais a serem selecionados que apresentem altos \u00edndices de vulnerabilidade social de crian\u00e7as e adolescentes. A ideia \u00e9 que os programas passem a agir como fator de prote\u00e7\u00e3o ao p\u00fablico menor de 18 anos, oportunizando a sua forma\u00e7\u00e3o cidad\u00e3.<\/span><\/p>\n<p style=\"text-align: justify;\" data-raofz=\"14\"><span style=\"font-size: 14pt;\" data-raofz=\"13\">A diretora do Instituto de Educa\u00e7\u00e3o F\u00edsica e Esportes da UFAL, Leon\u00e9a Santiago, explicou que a perspectiva da institui\u00e7\u00e3o de ensino \u00e9 ser um setor inclusivo da sociedade. \u201cApresentamos algumas propostas de esporte educacional para trazer crian\u00e7as e jovens alagoanos para dentro da universidade. Estamos abrindo as portas para que eles comecem a dar maior sentido \u00e0 educa\u00e7\u00e3o, \u00e0 forma\u00e7\u00e3o graduada e \u00e0 vida a partir do trabalho, pois entendemos que instrumentalizar essas pessoas para o trabalho tamb\u00e9m \u00e9 um papel da universidade\u201d, esclareceu ela.<\/span><\/p>\n<p style=\"text-align: justify;\" data-raofz=\"14\"><span style=\"font-size: 14pt;\" data-raofz=\"13\">O encontro, que ocorreu no Campus Ufal, reuniu, al\u00e9m do MPAL, da universidade e da Seprev, representantes da Secretaria de Seguran\u00e7a P\u00fablica e do Programa Educacional de Resist\u00eancia \u00e0s Drogas e \u00e0 Viol\u00eancia (Proerd) da Pol\u00edcia Militar.<\/span><\/p>\n<p style=\"text-align: justify;\" align=\"justify\" data-raofz=\"14\"><span style=\"font-size: 14pt;\" data-raofz=\"13\">Com informa\u00e7\u00f5es da Seprev.*<\/span><\/p>\n<p style=\"text-align: justify;\" align=\"justify\" data-raofz=\"14\"><span style=\"font-size: 14pt;\" data-raofz=\"13\">Foto: Victor Lopes.<\/span><\/p>\n","protected":false},"excerpt":{"rendered":"<p> [&hellip;]<\/p>\n","protected":false},"author":1,"featured_media":9918,"comment_status":"open","ping_status":"open","sticky":false,"template":"","format":"standard","meta":{"om_disable_all_campaigns":false,"_monsterinsights_skip_tracking":false,"_monsterinsights_sitenote_active":false,"_monsterinsights_sitenote_note":"","_monsterinsights_sitenote_category":0,"_uf_show_specific_survey":0,"_uf_disable_surveys":false,"footnotes":""},"categories":[2],"tags":[],"class_list":["post-9916","post","type-post","status-publish","format-standard","has-post-thumbnail","hentry","category-not_mpal"],"aioseo_notices":[],"_links":{"self":[{"href":"https:\/\/www.mpal.mp.br\/index.php?rest_route=\/wp\/v2\/posts\/9916","targetHints":{"allow":["GET"]}}],"collection":[{"href":"https:\/\/www.mpal.mp.br\/index.php?rest_route=\/wp\/v2\/posts"}],"about":[{"href":"https:\/\/www.mpal.mp.br\/index.php?rest_route=\/wp\/v2\/types\/post"}],"author":[{"embeddable":true,"href":"https:\/\/www.mpal.mp.br\/index.php?rest_route=\/wp\/v2\/users\/1"}],"replies":[{"embeddable":true,"href":"https:\/\/www.mpal.mp.br\/index.php?rest_route=%2Fwp%2Fv2%2Fcomments&post=9916"}],"version-history":[{"count":1,"href":"https:\/\/www.mpal.mp.br\/index.php?rest_route=\/wp\/v2\/posts\/9916\/revisions"}],"predecessor-version":[{"id":9919,"href":"https:\/\/www.mpal.mp.br\/index.php?rest_route=\/wp\/v2\/posts\/9916\/revisions\/9919"}],"wp:featuredmedia":[{"embeddable":true,"href":"https:\/\/www.mpal.mp.br\/index.php?rest_route=\/wp\/v2\/media\/9918"}],"wp:attachment":[{"href":"https:\/\/www.mpal.mp.br\/index.php?rest_route=%2Fwp%2Fv2%2Fmedia&parent=9916"}],"wp:term":[{"taxonomy":"category","embeddable":true,"href":"https:\/\/www.mpal.mp.br\/index.php?rest_route=%2Fwp%2Fv2%2Fcategories&post=9916"},{"taxonomy":"post_tag","embeddable":true,"href":"https:\/\/www.mpal.mp.br\/index.php?rest_route=%2Fwp%2Fv2%2Ftags&post=9916"}],"curies":[{"name":"wp","href":"https:\/\/api.w.org\/{rel}","templated":true}]}}