{"id":9907,"date":"2021-08-12T10:24:37","date_gmt":"2021-08-12T13:24:37","guid":{"rendered":"https:\/\/www.mpal.mp.br\/?p=9907"},"modified":"2022-06-20T10:25:16","modified_gmt":"2022-06-20T13:25:16","slug":"ministerio-publico-entra-em-acao-e-consegue-assistencia-para-idosa-abandonada-pela-familia","status":"publish","type":"post","link":"https:\/\/www.mpal.mp.br\/?p=9907","title":{"rendered":"Minist\u00e9rio P\u00fablico entra em a\u00e7\u00e3o e consegue assist\u00eancia para idosa abandonada pela fam\u00edlia"},"content":{"rendered":"<p style=\"text-align: justify;\" data-raofz=\"14\"><span style=\"font-size: 14pt;\">Uni\u00e3o de for\u00e7as, respeito, sensibilidade \u00e0 causa, uma vida salva. A iniciativa do Minist\u00e9rio P\u00fablico do Estado de Alagoas (MPAL), nessa quarta-feira (11), com \u00f3rg\u00e3os parceiros, adotou provid\u00eancias e conseguiu a assist\u00eancia necess\u00e1ria para uma idosa de 100 anos, moradora do bairro da Jati\u00faca, na capital alagoana, em situa\u00e7\u00e3o de abandono familiar. Ainda \u00e0 noite, uma equipe do Projeto Idoso Protegido da SSP\/AL, parceira do MPAL, foi ao local contando com suporte da chefia de Preven\u00e7\u00e3o da SSP\/AL da Base Comunit\u00e1ria da PMAL, e uma equipe do Servi\u00e7o de Atendimento M\u00f3vel de Urg\u00eancia (Samu) que examinou a v\u00edtima e a conduziu para o Hospital Geral do Estado (HGE), onde passou por avalia\u00e7\u00f5es m\u00e9dicas detalhadas e se encontra, neste momento, na Ala C, da Enfermaria 3-3, do 1\u00b0 andar<\/span><\/p>\n<p style=\"text-align: justify;\" data-raofz=\"14\"><span style=\"font-size: 14pt;\">Foi uma a\u00e7\u00e3o r\u00e1pida, intermediada pelo MPAL, tendo \u00e0 frente a promotora de Justi\u00e7a e coordenadora do N\u00facleo de Direitos Humanos, Marluce Falc\u00e3o, com apoio do secret\u00e1rio de Sa\u00fade do Estado, Alexandre Ayres, e da promotora de Justi\u00e7a, Micheline Ten\u00f3rio (coordenadora do N\u00facleo da Sa\u00fade), em apoio \u00e0 promotora de Justi\u00e7a Maria Aparecida Carna\u00faba (agora titular da Promotoria de Defesa do Idoso), ap\u00f3s orienta\u00e7\u00e3o do procurador-geral de Justi\u00e7a, M\u00e1rcio Roberto Ten\u00f3rio de Albuquerque, e de muitas m\u00e3os unidas. Foram precisos muitos contatos e mais uma vez a institui\u00e7\u00e3o contou com gestos de amor ao pr\u00f3ximo. Al\u00e9m dos \u00f3rg\u00e3os j\u00e1 mencionados, tamb\u00e9m teve o apoio necess\u00e1rio do Centro de Refer\u00eancia e Assist\u00eancia Social (CRAS), que esteve no local, fazendo o levantamento de vulnerabilidade social da v\u00edtima.<\/span><\/p>\n<p style=\"text-align: justify;\" data-raofz=\"14\"><span style=\"font-size: 14pt;\">No primeiro momento, in loco, foi avaliada a situa\u00e7\u00e3o f\u00edsica da idosa, era preciso submet\u00ea-la a uma avalia\u00e7\u00e3o cl\u00ednica para se pensar, posteriormente na sua institucionaliza\u00e7\u00e3o, ou seja, lev\u00e1-la para um abrigo.<\/span><\/p>\n<p style=\"text-align: justify;\" data-raofz=\"14\"><span style=\"font-size: 14pt;\">A promotora Marluce Falc\u00e3o fala sobre a integra\u00e7\u00e3o para salvar a vida da idosa e ressalta que abandono de incapaz \u00e9 crime.<\/span><\/p>\n<p style=\"text-align: justify;\" data-raofz=\"14\"><span style=\"font-size: 14pt;\">\u201d Sem d\u00favida estamos diante de uma grave viola\u00e7\u00e3o de Direitos Humanos, onde a integridade f\u00edsica e a dignidade de uma senhora idosa vem sendo flagrantemente violadas. O Minist\u00e9rio P\u00fablico de Alagoas, por meio do N\u00facleo de Defesa dos Direitos Humanos e o N\u00facleo de Defesa da Sa\u00fade, em apoio a 25\u00aa Promotoria da Capital, adotou de imediato todas as provid\u00eancias de urg\u00eancia, passando a acompanhar o caso buscando, inclusive, localizar seus familiares, pois deixar sem justa causa de prover a subsist\u00eancia e socorrer ascendente inv\u00e1lido, maior de 60 anos, \u00e9 crime, prevendo a Lei Penal at\u00e9 4 anos de pris\u00e3o\u201d, afirma a promotora.<\/span><\/p>\n<p style=\"text-align: justify;\" data-raofz=\"14\"><span style=\"font-size: 14pt;\">O procurador-geral, M\u00e1rcio Roberto, elogiou o trabalho dos membros do Minist\u00e9rio P\u00fablico, bem como o apoio recebido dos outros \u00f3rg\u00e3os.<\/span><\/p>\n<p style=\"text-align: justify;\" data-raofz=\"14\"><span style=\"font-size: 14pt;\">\u201cAssim que soube do caso me sensibilizei e pedi que a amiga Marluce Falc\u00e3o entrasse em a\u00e7\u00e3o porque, por ser coordenadora do n\u00facleo de direitos humanos, j\u00e1 tem articula\u00e7\u00e3o e poderia, sem d\u00favida, obter uma resposta mais c\u00e9lere. E fico feliz porque, unindo for\u00e7as com as outras promotoras, Micheline Ten\u00f3rio, que tem um grande trabalho na \u00e1rea da sa\u00fade, e Maria Aparecida que assumiu a promotoria do Idoso, todas com apoio indispens\u00e1vel do secret\u00e1rio de Sa\u00fade, Alexandre Ayres, agilizando a ida do Samu e a assist\u00eancia no HGE, da Preven\u00e7\u00e3o da SSP, com o tenente Alex e a rede de apoio, salvamos mais uma vida. Para essa integra\u00e7\u00e3o cabe a mensagem de que nunca somos nada sozinhos e, diante desse caso, que precisamos refletir muito mais sobre amor ao pr\u00f3ximo, principalmente nossos pais, nossos familiares. Que a sociedade alagoana tire esse caso como exemplo\u201d, declara M\u00e1rcio Roberto.<\/span><\/p>\n<p style=\"text-align: justify;\" data-raofz=\"14\"><span style=\"font-size: 14pt;\">Situa\u00e7\u00e3o cl\u00ednica<\/span><\/p>\n<p style=\"text-align: justify;\" data-raofz=\"14\"><span style=\"font-size: 14pt;\">Do tenente PM Alex Acioli , chefe do setor de Preven\u00e7\u00e3o da SSP\/AL, a promotora Marluce Falc\u00e3o recebeu a informa\u00e7\u00e3o, ainda no final da noite dessa quarta-feira (11), de que a paciente j\u00e1 havia sido acolhida e internada, sendo o caso devidamente acompanhado pela M\u00e9dica Rosana Veras, Diretora M\u00e9dia do HGE, e pelo Servi\u00e7o Social, passando a Idosa por exames cl\u00ednica, sendo constatada a sua grave debilidade f\u00edsica.<\/span><\/p>\n<p style=\"text-align: justify;\" data-raofz=\"14\"><span style=\"font-size: 14pt;\">Rede de Apoio<\/span><\/p>\n<p style=\"text-align: justify;\" data-raofz=\"14\"><span style=\"font-size: 14pt;\">A a\u00e7\u00e3o de amparo contou com equipes do \u2018Projeto Idoso Protegido\u2019, executado pela Rede de apoio formada pela Chefia de Preven\u00e7\u00e3o da SSP\/AL, Bases Comunit\u00e1rias e CREAS.<\/span><\/p>\n<p style=\"text-align: justify;\" data-raofz=\"14\"><span style=\"font-size: 14pt;\">\u201cN\u00e3o podemos jamais esquecer os \u00f3rg\u00e3os parceiros. Foram muito eficientes. E sempre est\u00e3o dispostos a nos ajudar. Ent\u00e3o refor\u00e7o aqui o agradecimento, em nome dos membros do Minist\u00e9rio P\u00fablico, \u00e0 chefia da Preven\u00e7\u00e3o Social da SSP, \u00e0 base comunit\u00e1ria da PM , ao CREAS, ao secret\u00e1rio estadual de Sa\u00fade, ao Samu e ao HGE\u201d, conclui a promotora Marluce Falc\u00e3o .<\/span><\/p>\n","protected":false},"excerpt":{"rendered":"<p> [&hellip;]<\/p>\n","protected":false},"author":1,"featured_media":9911,"comment_status":"open","ping_status":"open","sticky":false,"template":"","format":"standard","meta":{"om_disable_all_campaigns":false,"_monsterinsights_skip_tracking":false,"_monsterinsights_sitenote_active":false,"_monsterinsights_sitenote_note":"","_monsterinsights_sitenote_category":0,"_uf_show_specific_survey":0,"_uf_disable_surveys":false,"footnotes":""},"categories":[2],"tags":[],"class_list":["post-9907","post","type-post","status-publish","format-standard","has-post-thumbnail","hentry","category-not_mpal"],"aioseo_notices":[],"_links":{"self":[{"href":"https:\/\/www.mpal.mp.br\/index.php?rest_route=\/wp\/v2\/posts\/9907","targetHints":{"allow":["GET"]}}],"collection":[{"href":"https:\/\/www.mpal.mp.br\/index.php?rest_route=\/wp\/v2\/posts"}],"about":[{"href":"https:\/\/www.mpal.mp.br\/index.php?rest_route=\/wp\/v2\/types\/post"}],"author":[{"embeddable":true,"href":"https:\/\/www.mpal.mp.br\/index.php?rest_route=\/wp\/v2\/users\/1"}],"replies":[{"embeddable":true,"href":"https:\/\/www.mpal.mp.br\/index.php?rest_route=%2Fwp%2Fv2%2Fcomments&post=9907"}],"version-history":[{"count":1,"href":"https:\/\/www.mpal.mp.br\/index.php?rest_route=\/wp\/v2\/posts\/9907\/revisions"}],"predecessor-version":[{"id":9913,"href":"https:\/\/www.mpal.mp.br\/index.php?rest_route=\/wp\/v2\/posts\/9907\/revisions\/9913"}],"wp:featuredmedia":[{"embeddable":true,"href":"https:\/\/www.mpal.mp.br\/index.php?rest_route=\/wp\/v2\/media\/9911"}],"wp:attachment":[{"href":"https:\/\/www.mpal.mp.br\/index.php?rest_route=%2Fwp%2Fv2%2Fmedia&parent=9907"}],"wp:term":[{"taxonomy":"category","embeddable":true,"href":"https:\/\/www.mpal.mp.br\/index.php?rest_route=%2Fwp%2Fv2%2Fcategories&post=9907"},{"taxonomy":"post_tag","embeddable":true,"href":"https:\/\/www.mpal.mp.br\/index.php?rest_route=%2Fwp%2Fv2%2Ftags&post=9907"}],"curies":[{"name":"wp","href":"https:\/\/api.w.org\/{rel}","templated":true}]}}