{"id":9904,"date":"2015-09-02T10:21:48","date_gmt":"2015-09-02T13:21:48","guid":{"rendered":"https:\/\/www.mpal.mp.br\/?p=9904"},"modified":"2022-06-20T10:27:54","modified_gmt":"2022-06-20T13:27:54","slug":"mpe-al-define-ultimos-detalhes-do-iii-seminario-do-projeto-associacao-legal-evento-desta-sexta-feira-debatera-lei-de-fomento-e-colaboracao-com-organizacoes-da-sociedade-civil","status":"publish","type":"post","link":"https:\/\/www.mpal.mp.br\/?p=9904","title":{"rendered":"MPE\/AL define \u00faltimos detalhes do III Semin\u00e1rio do Projeto Associa\u00e7\u00e3o Legal; evento desta sexta-feira debater\u00e1 lei de fomento e colabora\u00e7\u00e3o com organiza\u00e7\u00f5es da sociedade civil"},"content":{"rendered":"<p style=\"text-align: justify;\"><span style=\"font-size: 14pt;\">O III Semin\u00e1rio do Projeto Associa\u00e7\u00e3o Legal est\u00e1 prestes a sair do forno. Sob o comando da\u00a024\u00aa Promotoria de Justi\u00e7a da Capital (Funda\u00e7\u00f5es), com o apoio da Procuradoria Geral de Justi\u00e7a, servidores das \u00e1reas administrativa, comunica\u00e7\u00e3o, cerimonial, tecnologia da informa\u00e7\u00e3o, entre outras, trabalham em sinergia para levar ao p\u00fablico um evento de qualidade, nesta sexta-feira (04),\u00a0no Centro Cultural e de Exposi\u00e7\u00f5es Ruth Cardoso &#8211; Sala Jati\u00faca, no bairro do Jaragu\u00e1, a partir das 7h30. O evento ter\u00e1 como tema &#8220;Parcerias volunt\u00e1rias e presta\u00e7\u00e3o de contas: Lei n\u00ba 13.019\/2014 e aspectos do novo manual de procedimento para o Terceiro Setor, CFC, FBC e PROFIS&#8221;. As inscri\u00e7\u00f5es para o evento s\u00e3o limitadas e ocorre at\u00e9 o final da manh\u00e3.<\/span><\/p>\n<p style=\"text-align: justify;\"><span style=\"font-size: 14pt;\">Uma das atra\u00e7\u00f5es desta edi\u00e7\u00e3o do semin\u00e1rio ser\u00e1 a assessora especial do Ministro-Chefe da Secretaria-Geral da Presid\u00eancia da Rep\u00fablica, La\u00eds de Figueiredo Lopes, que falar\u00e1 sobre as mudan\u00e7as trazidas pela Lei n\u00ba 13.019\/2014. A legisla\u00e7\u00e3o trata das parcerias entre organiza\u00e7\u00f5es da sociedade civil (OSCs) e o poder p\u00fablico e, nesses casos, apresenta como novos instrumentos jur\u00eddicos os termos de fomento e de colabora\u00e7\u00e3o, em substitui\u00e7\u00e3o aos conv\u00eanios e contratos de repasse.<\/span><\/p>\n<p style=\"text-align: justify;\"><span style=\"font-size: 14pt;\">Outro convidado que estar\u00e1 presente no evento ser\u00e1 o coordenador do Manual de Procedimentos para o Terceiro Setor, Jos\u00e9 Ant\u00f4nio de Fran\u00e7a, que falar\u00e1 sobre aspectos cont\u00e1beis da rec\u00e9m-lan\u00e7ada publica\u00e7\u00e3o. O manual foi elaborado pela Funda\u00e7\u00e3o Brasileira de Contabilidade (FBC), com o apoio do Conselho Federal de Contabilidade (CFC) e da Associa\u00e7\u00e3o de Procuradores e Promotores de Justi\u00e7a de Funda\u00e7\u00f5es e Entidades de Interesse Social (Profis).<\/span><\/p>\n<p style=\"text-align: justify;\"><span style=\"font-size: 14pt;\">As inscri\u00e7\u00f5es podem ser feitas no pr\u00e9dio-sede da Procuradoria Geral de Justi\u00e7a, no bairro do Po\u00e7o, ou na sede na Federa\u00e7\u00e3o das Associa\u00e7\u00f5es de Moradores e Entidades Comunit\u00e1ria de Alagoas (Famecal), no Centro. L\u00edderes comunit\u00e1rios, dirigentes, conselheiros e membros de associa\u00e7\u00f5es e funda\u00e7\u00f5es, servidores p\u00fablicos, operadores de Direito, contadores e estudantes correspondem ao p\u00fablico-alvo da iniciativa.<\/span><\/p>\n<p style=\"text-align: justify;\"><span style=\"font-size: 14pt;\">Para mais informa\u00e7\u00f5es, os contatos dispon\u00edveis s\u00e3o (82) 2122-3538 \/ 98888-5848.<\/span><\/p>\n<p style=\"text-align: justify;\"><span style=\"font-size: 14pt;\"><strong>O semin\u00e1rio<\/strong><\/span><\/p>\n<p style=\"text-align: justify;\"><span style=\"font-size: 14pt;\">De acordo com a promotora de Justi\u00e7a Failde Mendon\u00e7a, o projeto surgiu na busca por eliminar dificuldades existentes dentre estas organiza\u00e7\u00f5es, as quais foram detectadas pela Promotoria nas audi\u00eancias com membros e dirigentes de associa\u00e7\u00f5es e funda\u00e7\u00f5es, bem como em visitas realizadas pelo \u00f3rg\u00e3o do Minist\u00e9rio P\u00fablico. A iniciativa visa atender a necessidade de se atuar de forma mais proativa diante das institui\u00e7\u00f5es com a finalidade de capacitar dirigentes, membros e conselheiros, bem como lideran\u00e7as locais, a partir da forma mais \u00e9tica, legal e cordial de agir com os usu\u00e1rios dos servi\u00e7os e no trato dos recursos sociais e p\u00fablicos.<\/span><\/p>\n<p style=\"text-align: justify;\"><span style=\"font-size: 14pt;\">\u201cNo diagn\u00f3stico que realizamos em algumas associa\u00e7\u00f5es e funda\u00e7\u00f5es identificamos algumas necessidades como a falta de conhecimento em administra\u00e7\u00e3o, capta\u00e7\u00e3o e trato de recursos; a necessidade de que haja uma melhor postura diante de financiadores e parceiros, bem como um atendimento mais qualificado e rela\u00e7\u00f5es interpessoais mais sin\u00e9rgicas e harm\u00f4nicas. Sem estes aspectos bem definidos e funcionando de forma eficiente, qualquer organiza\u00e7\u00e3o passa por dificuldades. Por essa raz\u00e3o, desenvolvemos este projeto para contribuir de forma significativa com o desenvolvimento de cada uma delas. Afinal, a qualifica\u00e7\u00e3o \u00e9 essencial a todos os segmentos\u201d, disse a promotora de Justi\u00e7a.<\/span><\/p>\n<p style=\"text-align: justify;\"><span style=\"font-size: 14pt;\"><strong>Outras edi\u00e7\u00f5es do Semin\u00e1rio<\/strong><\/span><\/p>\n<p style=\"text-align: justify;\"><span style=\"font-size: 14pt;\">Em 16 de dezembro do ano passado, aconteceu a primeira edi\u00e7\u00e3o do projeto que contou com a participa\u00e7\u00e3o de 120 pessoas e tratou da tem\u00e1tica da Corrup\u00e7\u00e3o e \u00c9tica no Terceiro Setor. J\u00e1 a segunda edi\u00e7\u00e3o ocorreu no \u00faltimo dia 24 de abril, com mais de 200 lideran\u00e7as comunit\u00e1rias.<\/span><\/p>\n<p style=\"text-align: justify;\"><span style=\"font-size: 14pt;\">Para 2016, est\u00e3o previstos mais dois semin\u00e1rios, nos quais ser\u00e3o ofertados no\u00e7\u00f5es de comportamento e de gest\u00e3o administrativa, dentre outros que sejam identificados como necess\u00e1rios para o desenvolvimento das associa\u00e7\u00f5es e funda\u00e7\u00f5es.<\/span><\/p>\n<p style=\"text-align: justify;\"><span style=\"font-size: 14pt;\"><strong>Programa\u00e7\u00e3o<\/strong><\/span><\/p>\n<p style=\"text-align: justify;\"><span style=\"font-size: 14pt;\">7h30 \u2013 Credenciamento<\/span><\/p>\n<p style=\"text-align: justify;\"><span style=\"font-size: 14pt;\">8h30 \u2013 Abertura e momento cultural<\/span><\/p>\n<p style=\"text-align: justify;\"><span style=\"font-size: 14pt;\">9h30 \u2013 &#8220;Marco Regulat\u00f3rio das Organiza\u00e7\u00f5es da Sociedade Civil: oportunidades e desafios da nova lei de fomento e colabora\u00e7\u00e3o &#8211; Lei 13.019\/2014&#8221;<\/span><\/p>\n<p style=\"text-align: justify;\"><span style=\"font-size: 14pt;\">Palestrante: Lais de Figueiredo Lopes &#8211; Assessora na Secretaria Geral da Presid\u00eancia da Rep\u00fablica<\/span><\/p>\n<p style=\"text-align: justify;\"><span style=\"font-size: 14pt;\">10h50 \u2013 Coffee Break<\/span><\/p>\n<p style=\"text-align: justify;\"><span style=\"font-size: 14pt;\">11h20 \u2013 Aspectos Cont\u00e1beis do Novo Manual de Procedimentos para o Terceiro Setor elaborado com a parceria CFC, FBC e PROFIS<\/span><\/p>\n<p style=\"text-align: justify;\"><span style=\"font-size: 14pt;\">Palestrante: Jos\u00e9 Ant\u00f4nio de Fran\u00e7a \u2013 Coordenador do Manual de Procedimentos para o Terceiro Setor<\/span><\/p>\n<p style=\"text-align: justify;\"><span style=\"font-size: 14pt;\">12h30 \u2013 Almo\u00e7o<\/span><\/p>\n<p style=\"text-align: justify;\"><span style=\"font-size: 14pt;\">14h \u2013 Palestra: Cooperativismo \u2013 SEBRAE\/AL<\/span><\/p>\n<p style=\"text-align: justify;\"><span style=\"font-size: 14pt;\">14h45 \u2013 Painel: Enfoques de Gest\u00e3o e de Contabilidade para Entidades de Interesse Social<\/span><\/p>\n<p style=\"text-align: justify;\"><span style=\"font-size: 14pt;\">Coordenadora: Luciana Machado dos Santos Maia \u2013 Promotora de Justi\u00e7a da Bahia<\/span><\/p>\n<p style=\"text-align: justify;\"><span style=\"font-size: 14pt;\">Painel 1: Isen\u00e7\u00f5es e Imunidades<\/span><\/p>\n<p style=\"text-align: justify;\"><span style=\"font-size: 14pt;\">Yuri Patrice Rocha de Miranda \u2013 Fiscal de Tributos Estaduais da SEFAZ\/AL<\/span><\/p>\n<p style=\"text-align: justify;\"><span style=\"font-size: 14pt;\">Painel 2: Controle Externo e Interno<\/span><\/p>\n<p style=\"text-align: justify;\"><span style=\"font-size: 14pt;\">Leo Charles Henri Bossard II \u2013 Procurador de Justi\u00e7a do Cear\u00e1<\/span><\/p>\n<p style=\"text-align: justify;\"><span style=\"font-size: 14pt;\">Painel 3: Remunera\u00e7\u00e3o de Dirigentes<\/span><\/p>\n<p style=\"text-align: justify;\"><span style=\"font-size: 14pt;\">Jo\u00e3o Augusto Soares Viegas \u2013 Advogado<\/span><\/p>\n<p style=\"text-align: justify;\"><span style=\"font-size: 14pt;\">17h \u2013 Momento Cultural<\/span><\/p>\n<p style=\"text-align: justify;\"><span style=\"font-size: 14pt;\">17h30 \u2013 Encerramento, Sorteio de brindes e Coquetel<\/span><\/p>\n","protected":false},"excerpt":{"rendered":"<p> [&hellip;]<\/p>\n","protected":false},"author":4,"featured_media":9912,"comment_status":"open","ping_status":"open","sticky":false,"template":"","format":"standard","meta":{"om_disable_all_campaigns":false,"_monsterinsights_skip_tracking":false,"_monsterinsights_sitenote_active":false,"_monsterinsights_sitenote_note":"","_monsterinsights_sitenote_category":0,"_uf_show_specific_survey":0,"_uf_disable_surveys":false,"footnotes":""},"categories":[2],"tags":[],"class_list":["post-9904","post","type-post","status-publish","format-standard","has-post-thumbnail","hentry","category-not_mpal"],"aioseo_notices":[],"_links":{"self":[{"href":"https:\/\/www.mpal.mp.br\/index.php?rest_route=\/wp\/v2\/posts\/9904","targetHints":{"allow":["GET"]}}],"collection":[{"href":"https:\/\/www.mpal.mp.br\/index.php?rest_route=\/wp\/v2\/posts"}],"about":[{"href":"https:\/\/www.mpal.mp.br\/index.php?rest_route=\/wp\/v2\/types\/post"}],"author":[{"embeddable":true,"href":"https:\/\/www.mpal.mp.br\/index.php?rest_route=\/wp\/v2\/users\/4"}],"replies":[{"embeddable":true,"href":"https:\/\/www.mpal.mp.br\/index.php?rest_route=%2Fwp%2Fv2%2Fcomments&post=9904"}],"version-history":[{"count":1,"href":"https:\/\/www.mpal.mp.br\/index.php?rest_route=\/wp\/v2\/posts\/9904\/revisions"}],"predecessor-version":[{"id":9914,"href":"https:\/\/www.mpal.mp.br\/index.php?rest_route=\/wp\/v2\/posts\/9904\/revisions\/9914"}],"wp:featuredmedia":[{"embeddable":true,"href":"https:\/\/www.mpal.mp.br\/index.php?rest_route=\/wp\/v2\/media\/9912"}],"wp:attachment":[{"href":"https:\/\/www.mpal.mp.br\/index.php?rest_route=%2Fwp%2Fv2%2Fmedia&parent=9904"}],"wp:term":[{"taxonomy":"category","embeddable":true,"href":"https:\/\/www.mpal.mp.br\/index.php?rest_route=%2Fwp%2Fv2%2Fcategories&post=9904"},{"taxonomy":"post_tag","embeddable":true,"href":"https:\/\/www.mpal.mp.br\/index.php?rest_route=%2Fwp%2Fv2%2Ftags&post=9904"}],"curies":[{"name":"wp","href":"https:\/\/api.w.org\/{rel}","templated":true}]}}