{"id":9884,"date":"2015-09-22T10:15:01","date_gmt":"2015-09-22T13:15:01","guid":{"rendered":"https:\/\/www.mpal.mp.br\/?p=9884"},"modified":"2022-06-20T10:17:44","modified_gmt":"2022-06-20T13:17:44","slug":"projeto-associacao-legal-assessora-da-secretaria-geral-da-presidencia-da-republica-fala-sobre-marco-regulatorio-das-organizacoes-da-sociedade-civil","status":"publish","type":"post","link":"https:\/\/www.mpal.mp.br\/?p=9884","title":{"rendered":"Projeto Associa\u00e7\u00e3o Legal: assessora da Secretaria Geral da Presid\u00eancia da Rep\u00fablica fala sobre marco regulat\u00f3rio das organiza\u00e7\u00f5es da sociedade civil"},"content":{"rendered":"<p style=\"text-align: justify;\"><span style=\"font-size: 14pt;\">Em entrevista concedida ao Minist\u00e9rio P\u00fablico do Estado de Alagoas (MPE\/AL), a assessora especial da Secretaria Geral da Presid\u00eancia da Rep\u00fablica, La\u00eds de Figueir\u00eado Lopes, falou sobre a Lei n\u00ba 13.019\/2014, considerado o marco regulat\u00f3rio das organiza\u00e7\u00f5es da sociedade civil. A representante do governo federal participou, no in\u00edcio de setembro, do III Semin\u00e1rio do Projeto Associa\u00e7\u00e3o Legal promovido pela 24\u00aa Promotoria de Justi\u00e7a da Capital e Federa\u00e7\u00e3o das Associa\u00e7\u00f5es de Moradores e Entidades Comunit\u00e1ria de Alagoas (Famecal).<\/span><\/p>\n<p style=\"text-align: justify;\"><span style=\"font-size: 14pt;\">Segundo La\u00eds de Figueir\u00eado, as entidades cobraram do governo a cria\u00e7\u00e3o de um espa\u00e7o participativo que pudesse realizar um diagn\u00f3stico e propostas para melhoria do ambiente jur\u00eddico e institucional do terceiro setor. Desse espa\u00e7o, nasceria o texto da Lei n\u00ba 13.019\/2014. Coube ent\u00e3o \u00e0 Secretaria Geral da Presid\u00eancia coordenar os trabalhos para elabora\u00e7\u00e3o de uma proposta que pudesse dialogar com o movimento. \u201cHavia uma percep\u00e7\u00e3o muito clara de que precis\u00e1vamos trabalhar estrat\u00e9gias para melhorar o cen\u00e1rio de criminaliza\u00e7\u00e3o burocr\u00e1tica em que o pa\u00eds acabou colocando as organiza\u00e7\u00f5es da sociedade civil, de modo a resgatar a confian\u00e7a p\u00fablica\u201d, disse.<\/span><\/p>\n<p style=\"text-align: justify;\"><span style=\"font-size: 14pt;\">De acordo com a assessora, a nova legisla\u00e7\u00e3o traz como novidades a abrang\u00eancia nacional, aumento da transpar\u00eancia e controle dos gastos, remunera\u00e7\u00e3o de gestores, atua\u00e7\u00e3o em rede e monitoramento e avalia\u00e7\u00e3o constantes, dentre outras. \u201c\u00c9 um sistema que ajuda a induzir melhor a parceria entre Estado e as organiza\u00e7\u00f5es da sociedade civil baseado na ideia de que a participa\u00e7\u00e3o social \u00e9 um direito do cidad\u00e3o e que o fortalecimento institucional da sociedade civil \u00e9 uma estrat\u00e9gia da nossa democracia, que pode ser pensada, incorporada pelo Estado Brasileiro, de maneira cada vez mais forte\u201d, destacou.<\/span><\/p>\n<p style=\"text-align: justify;\"><span style=\"font-size: 14pt;\">\u201cA nova lei nos desafia a trabalhar em conjunto. Quando ela traz a ideia do \u00e2mbito nacional, ela exige uma articula\u00e7\u00e3o federativa, que \u00e9 de uma envergadura maior e que nos obriga a estar sempre em contato com os governos dos estados e munic\u00edpios, al\u00e9m das organiza\u00e7\u00f5es da sociedade civil. Para que tudo isso aconte\u00e7a, vamos precisar que as institui\u00e7\u00f5es democr\u00e1ticas tamb\u00e9m se engajem em prol da efetiva\u00e7\u00e3o da nova lei\u201d, concluiu.<\/span><\/p>\n<p style=\"text-align: justify;\"><span style=\"font-size: 14pt;\">Confira\u00a0<a href=\"https:\/\/youtu.be\/zm1YXBmc8tk\">aqui<\/a>\u00a0a entrevista com a assessora especial da Secretaria Geral da Presid\u00eancia da Rep\u00fablica na \u00edntegra.<\/span><\/p>\n","protected":false},"excerpt":{"rendered":"<p> [&hellip;]<\/p>\n","protected":false},"author":4,"featured_media":9887,"comment_status":"open","ping_status":"open","sticky":false,"template":"","format":"standard","meta":{"om_disable_all_campaigns":false,"_monsterinsights_skip_tracking":false,"_monsterinsights_sitenote_active":false,"_monsterinsights_sitenote_note":"","_monsterinsights_sitenote_category":0,"_uf_show_specific_survey":0,"_uf_disable_surveys":false,"footnotes":""},"categories":[2],"tags":[],"class_list":["post-9884","post","type-post","status-publish","format-standard","has-post-thumbnail","hentry","category-not_mpal"],"aioseo_notices":[],"_links":{"self":[{"href":"https:\/\/www.mpal.mp.br\/index.php?rest_route=\/wp\/v2\/posts\/9884","targetHints":{"allow":["GET"]}}],"collection":[{"href":"https:\/\/www.mpal.mp.br\/index.php?rest_route=\/wp\/v2\/posts"}],"about":[{"href":"https:\/\/www.mpal.mp.br\/index.php?rest_route=\/wp\/v2\/types\/post"}],"author":[{"embeddable":true,"href":"https:\/\/www.mpal.mp.br\/index.php?rest_route=\/wp\/v2\/users\/4"}],"replies":[{"embeddable":true,"href":"https:\/\/www.mpal.mp.br\/index.php?rest_route=%2Fwp%2Fv2%2Fcomments&post=9884"}],"version-history":[{"count":1,"href":"https:\/\/www.mpal.mp.br\/index.php?rest_route=\/wp\/v2\/posts\/9884\/revisions"}],"predecessor-version":[{"id":9888,"href":"https:\/\/www.mpal.mp.br\/index.php?rest_route=\/wp\/v2\/posts\/9884\/revisions\/9888"}],"wp:featuredmedia":[{"embeddable":true,"href":"https:\/\/www.mpal.mp.br\/index.php?rest_route=\/wp\/v2\/media\/9887"}],"wp:attachment":[{"href":"https:\/\/www.mpal.mp.br\/index.php?rest_route=%2Fwp%2Fv2%2Fmedia&parent=9884"}],"wp:term":[{"taxonomy":"category","embeddable":true,"href":"https:\/\/www.mpal.mp.br\/index.php?rest_route=%2Fwp%2Fv2%2Fcategories&post=9884"},{"taxonomy":"post_tag","embeddable":true,"href":"https:\/\/www.mpal.mp.br\/index.php?rest_route=%2Fwp%2Fv2%2Ftags&post=9884"}],"curies":[{"name":"wp","href":"https:\/\/api.w.org\/{rel}","templated":true}]}}