{"id":9878,"date":"2021-08-18T10:13:12","date_gmt":"2021-08-18T13:13:12","guid":{"rendered":"https:\/\/www.mpal.mp.br\/?p=9878"},"modified":"2022-06-20T10:13:55","modified_gmt":"2022-06-20T13:13:55","slug":"procurador-geral-de-justica-e-procurador-geral-em-exercicio-acompanham-presidente-da-ampal-em-visita-de-cortesia-ao-secretario-do-gabinete-civil-2","status":"publish","type":"post","link":"https:\/\/www.mpal.mp.br\/?p=9878","title":{"rendered":"Procurador-geral de Justi\u00e7a e procurador-geral em exerc\u00edcio acompanham presidente da Ampal em visita de cortesia ao secret\u00e1rio do Gabinete Civil"},"content":{"rendered":"<p style=\"text-align: justify;\" align=\"justify\" data-raofz=\"14\"><span style=\"font-size: 14pt;\">O procurador-geral de Justi\u00e7a, M\u00e1rcio Roberto Ten\u00f3rio de Albuquerque, e o procurador-geral em exerc\u00edcio, Valter Jos\u00e9 Omena Acioly, acompanharam, na tarde desta ter\u00e7a-feira (17), o presidente da Associa\u00e7\u00e3o do Minist\u00e9rio P\u00fablico de Alagoas (Ampal), promotor de Justi\u00e7a, Roberto Salom\u00e3o do Nascimento, em visita de cortesia ao secret\u00e1rio do Gabinete Civil do Governo do Estado, F\u00e1bio Farias, no Pal\u00e1cio Rep\u00fablica dos Palmares. A comitiva contou tamb\u00e9m com o diretor-financeiro da Ampal, promotor de Justi\u00e7a, Fl\u00e1vio Gomes da Costa Neto.<\/span><\/p>\n<p style=\"text-align: justify;\" align=\"justify\" data-raofz=\"14\"><span style=\"font-size: 14pt;\">O encontro, al\u00e9m da apresenta\u00e7\u00e3o do novo gestor da Ampal, serviu tamb\u00e9m para refor\u00e7ar a cordialidade e o respeito m\u00fatuo na rela\u00e7\u00e3o entre as institui\u00e7\u00f5es e o Governo do Estado. O presidente, Roberto Salom\u00e3o, apresentou-se ao secret\u00e1rio F\u00e1bio Farias e, ao ser parabenizado, destacou que o foco da sua administra\u00e7\u00e3o ser\u00e1 a uni\u00e3o.<\/span><\/p>\n<p style=\"text-align: justify;\" align=\"justify\" data-raofz=\"14\"><span style=\"font-size: 14pt;\">\u201cA vit\u00f3ria foi do grupo, sempre tive o entendimento de que dividir for\u00e7as serve \u00fanica e exclusivamente para enfraquecer a institui\u00e7\u00e3o. Estaremos unidos, lutando firmemente pela categoria e convictos de que teremos sempre espa\u00e7o para dialogar com os senhores\u201d, disse o presidente da Ampal.<\/span><\/p>\n<p style=\"text-align: justify;\" align=\"justify\" data-raofz=\"14\"><span style=\"font-size: 14pt;\">O secret\u00e1rio do Gabinete Civil, F\u00e1bio Farias, que recepcionou a comitiva de forma cort\u00eas, lembrou da parceria e falou sobre o esfor\u00e7o para atender as reivindica\u00e7\u00f5es apresentadas pelo PGJ.<\/span><\/p>\n<p style=\"text-align: justify;\" align=\"justify\" data-raofz=\"14\"><span style=\"font-size: 14pt;\">\u201cGostaria de manter a mesma rela\u00e7\u00e3o que tivemos com a gest\u00e3o anterior, de muita parceria, colocando-nos \u00e0 disposi\u00e7\u00e3o, o que \u00e9 nossa obriga\u00e7\u00e3o. O doutor M\u00e1rcio enquanto gestor do MP \u00e9 veloz e tem agido atentamente na luta pela institui\u00e7\u00e3o. E da nossa parte h\u00e1 sempre o esfor\u00e7o para atender\u201d, enfatizou o secret\u00e1rio F\u00e1bio Farias.<\/span><\/p>\n<p style=\"text-align: justify;\" align=\"justify\" data-raofz=\"14\"><span style=\"font-size: 14pt;\">O procurador-geral, M\u00e1rcio Roberto, por sua vez, agradeceu toda a aten\u00e7\u00e3o recebida e agradeceu pelo atendimento \u00e0s demandas.<\/span><\/p>\n<p style=\"text-align: justify;\" align=\"justify\" data-raofz=\"14\"><span style=\"font-size: 14pt;\">\u201cO homem tem de carregar sempre consigo gratid\u00e3o. Enquanto gest\u00e3o, agradecemos o tratamento diferenciado que o senhor tem conosco, atendendo nossos pleitos, e sabemos da sua importante participa\u00e7\u00e3o em todos os encaminhamentos at\u00e9 chegarem ao governador. Ent\u00e3o \u00e9 preciso ser grato. Gra\u00e7as a Deus mantemos desde o in\u00edcio essa rela\u00e7\u00e3o respeitosa e n\u00e3o vejo motivos para modific\u00e1-la\u201d, ressalta M\u00e1rcio Roberto.<\/span><\/p>\n<p style=\"text-align: justify;\" align=\"justify\" data-raofz=\"14\"><span style=\"font-size: 14pt;\">O procurador-geral em exerc\u00edcio, Valter Acioly, refor\u00e7ou essa import\u00e2ncia quando se pensa melhoria para a institui\u00e7\u00e3o.<\/span><\/p>\n<p style=\"text-align: justify;\" align=\"justify\" data-raofz=\"14\"><span style=\"font-size: 14pt;\">\u201cDe fato, n\u00e3o h\u00e1 como pensarmos em mudar essa rela\u00e7\u00e3o. \u00c9 de extrema import\u00e2ncia que continuemos os di\u00e1logos salutares buscando sempre atendimento aos anseios de todos que integram o MP de Alagoas\u201d, declara.<\/span><\/p>\n<p style=\"text-align: justify;\" align=\"justify\" data-raofz=\"14\"><span style=\"font-size: 14pt;\">Por fim, o diretor financeiro da Ampal, promotor de Justi\u00e7a, Fl\u00e1vio Gomes da Costa, em concord\u00e2ncia com os depoimentos anteriores, posicionou-se.<\/span><\/p>\n<p style=\"text-align: justify;\" align=\"justify\" data-raofz=\"14\"><span style=\"font-size: 14pt;\">\u201cTemos de ressaltar que esse di\u00e1logo aberto e respeitoso tem culminado em conquistas indispens\u00e1veis para nossa categoria e a visita \u00e9 t\u00e3o somente para reafirmar a parceria e manter as portas abertas para continuarmos as discuss\u00f5es e a luta\u201d, diz o pomotor Fl\u00e1vio Gomes.<\/span><\/p>\n<p style=\"text-align: justify;\" align=\"justify\" data-raofz=\"14\"><span style=\"font-size: 14pt;\">Os representantes ministeriais aproveitaram o ensejo para tratativas relacionadas \u00e0 quest\u00f5es estruturais e or\u00e7ament\u00e1rias.<\/span><\/p>\n<p style=\"text-align: justify;\" align=\"justify\" data-raofz=\"14\"><span style=\"font-size: 14pt;\">Foto&gt; Claudemir Mota<\/span><\/p>\n","protected":false},"excerpt":{"rendered":"<p> [&hellip;]<\/p>\n","protected":false},"author":1,"featured_media":0,"comment_status":"open","ping_status":"open","sticky":false,"template":"","format":"standard","meta":{"om_disable_all_campaigns":false,"_monsterinsights_skip_tracking":false,"_monsterinsights_sitenote_active":false,"_monsterinsights_sitenote_note":"","_monsterinsights_sitenote_category":0,"_uf_show_specific_survey":0,"_uf_disable_surveys":false,"footnotes":""},"categories":[2],"tags":[],"class_list":["post-9878","post","type-post","status-publish","format-standard","hentry","category-not_mpal"],"aioseo_notices":[],"_links":{"self":[{"href":"https:\/\/www.mpal.mp.br\/index.php?rest_route=\/wp\/v2\/posts\/9878","targetHints":{"allow":["GET"]}}],"collection":[{"href":"https:\/\/www.mpal.mp.br\/index.php?rest_route=\/wp\/v2\/posts"}],"about":[{"href":"https:\/\/www.mpal.mp.br\/index.php?rest_route=\/wp\/v2\/types\/post"}],"author":[{"embeddable":true,"href":"https:\/\/www.mpal.mp.br\/index.php?rest_route=\/wp\/v2\/users\/1"}],"replies":[{"embeddable":true,"href":"https:\/\/www.mpal.mp.br\/index.php?rest_route=%2Fwp%2Fv2%2Fcomments&post=9878"}],"version-history":[{"count":1,"href":"https:\/\/www.mpal.mp.br\/index.php?rest_route=\/wp\/v2\/posts\/9878\/revisions"}],"predecessor-version":[{"id":9880,"href":"https:\/\/www.mpal.mp.br\/index.php?rest_route=\/wp\/v2\/posts\/9878\/revisions\/9880"}],"wp:attachment":[{"href":"https:\/\/www.mpal.mp.br\/index.php?rest_route=%2Fwp%2Fv2%2Fmedia&parent=9878"}],"wp:term":[{"taxonomy":"category","embeddable":true,"href":"https:\/\/www.mpal.mp.br\/index.php?rest_route=%2Fwp%2Fv2%2Fcategories&post=9878"},{"taxonomy":"post_tag","embeddable":true,"href":"https:\/\/www.mpal.mp.br\/index.php?rest_route=%2Fwp%2Fv2%2Ftags&post=9878"}],"curies":[{"name":"wp","href":"https:\/\/api.w.org\/{rel}","templated":true}]}}