{"id":9875,"date":"2015-11-16T10:11:40","date_gmt":"2015-11-16T12:11:40","guid":{"rendered":"https:\/\/www.mpal.mp.br\/?p=9875"},"modified":"2022-06-20T10:14:51","modified_gmt":"2022-06-20T13:14:51","slug":"projeto-associacao-legal-oficina-capacita-liderancas-comunitarias-e-dirigentes-de-fundacoes-em-captacao-de-recursos","status":"publish","type":"post","link":"https:\/\/www.mpal.mp.br\/?p=9875","title":{"rendered":"Projeto Associa\u00e7\u00e3o Legal: oficina capacita lideran\u00e7as comunit\u00e1rias e dirigentes de funda\u00e7\u00f5es em capta\u00e7\u00e3o de recursos"},"content":{"rendered":"<p style=\"text-align: justify;\"><span style=\"font-size: 14pt;\">Com o apoio da 24\u00aa Promotoria de Justi\u00e7a da Capital (Funda\u00e7\u00f5es) do Minist\u00e9rio P\u00fablico do Estado de Alagoas, a Federa\u00e7\u00e3o das Associa\u00e7\u00f5es de Moradores e Entidades Comunit\u00e1rias de Alagoas (Famecal) promoveu, na sexta-feira (13), a primeira das duas etapas da oficina \u201cElabora\u00e7\u00e3o de Projetos Sociais objetivando capta\u00e7\u00e3o de recursos\u201d. O evento ocorreu durante todo o dia na Escola Legislativa, que fica na Casa de Tavares Bastos, no Centro.<\/span><\/p>\n<p style=\"text-align: justify;\"><span style=\"font-size: 14pt;\">Quem ministrou a oficina foi a administradora de empresa Eliane Amorim Merten, que tamb\u00e9m \u00e9 especialista em Recursos Humanos e Gest\u00e3o de Inova\u00e7\u00e3o de Competitividade e gestora da Master Consultoria Educacional. Ao longo de 16 horas de aulas did\u00e1ticas e pr\u00e1ticas, a palestrante apresentar\u00e1 os conceitos fundamentais para elabora\u00e7\u00e3o de projetos, as principais ferramentas para confeccion\u00e1-los e a constru\u00e7\u00e3o de iniciativas com plano de atendimento, aplica\u00e7\u00e3o e metas. Haver\u00e1 entrega de certificado para os participantes.<\/span><\/p>\n<p style=\"text-align: justify;\"><span style=\"font-size: 14pt;\">\u201cA partir do projeto Associa\u00e7\u00e3o Legal, observamos que algumas institui\u00e7\u00f5es precisavam de uma capacita\u00e7\u00e3o mais aprofundada em algumas atividades. A capta\u00e7\u00e3o de recursos \u00e9 uma delas. Diante do retorno do p\u00fablico, podemos descrever o evento como algo emocionante e efetivo, ao mesmo tempo em que refor\u00e7a a perspectiva de que o Minist\u00e9rio P\u00fablico e a Famecal est\u00e3o no caminho certo na ajuda das funda\u00e7\u00f5es e associa\u00e7\u00f5es comunit\u00e1rias\u201d, destacou a promotora de Justi\u00e7a Failde Mendon\u00e7a.<\/span><\/p>\n<p style=\"text-align: justify;\"><span style=\"font-size: 14pt;\">O diretor de Forma\u00e7\u00e3o e Educa\u00e7\u00e3o Comunit\u00e1ria da Famecal, Ant\u00f4nio Sabino, aprovou a oficina e elogiou a din\u00e2mica da palestrante, que, segundo ele, soube lidar com um p\u00fablico heterog\u00eaneo, composto por pessoas que j\u00e1 tinham no\u00e7\u00f5es b\u00e1sicas de gerenciamento de projetos e outras completamente leigas no assunto. \u201cNo dia 27 de novembro, voltaremos \u00e0 Escola Legislativa para a segunda etapa, quando teremos uma oficina de fato para confeccionar estas iniciativas estrat\u00e9gicas\u201d, disse.<\/span><\/p>\n<p style=\"text-align: justify;\"><span style=\"font-size: 14pt;\">A promotora de Justi\u00e7a afirmou que, em 2016, haver\u00e1 mais quatro cursos voltados para a capta\u00e7\u00e3o de recursos, sendo dois deles avan\u00e7ados (para as turmas j\u00e1 iniciadas) e outros dois b\u00e1sicos, que ocorrer\u00e3o alternadamente. Um deles abordar\u00e1 a\u00e7\u00f5es de marketing para a \u00e1rea.<\/span><\/p>\n<p style=\"text-align: justify;\"><span style=\"font-size: 14pt;\"><strong>Associa\u00e7\u00e3o Legal<\/strong><\/span><\/p>\n<p style=\"text-align: justify;\"><span style=\"font-size: 14pt;\">O projeto Associa\u00e7\u00e3o Legal surgiu na busca por eliminar dificuldades existentes nas organiza\u00e7\u00f5es comunit\u00e1rias, as quais foram detectadas pela 24\u00aa Promotoria de Justi\u00e7a da Capital nas audi\u00eancias com membros e dirigentes de associa\u00e7\u00f5es e funda\u00e7\u00f5es, bem como em visitas realizadas pela promotoria.<\/span><\/p>\n<p style=\"text-align: justify;\"><span style=\"font-size: 14pt;\">A iniciativa tem como objetivo atuar de forma mais proativa diante das institui\u00e7\u00f5es para capacitar dirigentes, membros e conselheiros, bem como lideran\u00e7as locais, a partir da forma mais \u00e9tica, legal e cordial de agir com os usu\u00e1rios dos servi\u00e7os e no trato dos recursos sociais e p\u00fablicos.<\/span><\/p>\n","protected":false},"excerpt":{"rendered":"<p> [&hellip;]<\/p>\n","protected":false},"author":4,"featured_media":9879,"comment_status":"open","ping_status":"open","sticky":false,"template":"","format":"standard","meta":{"om_disable_all_campaigns":false,"_monsterinsights_skip_tracking":false,"_monsterinsights_sitenote_active":false,"_monsterinsights_sitenote_note":"","_monsterinsights_sitenote_category":0,"_uf_show_specific_survey":0,"_uf_disable_surveys":false,"footnotes":""},"categories":[2],"tags":[],"class_list":["post-9875","post","type-post","status-publish","format-standard","has-post-thumbnail","hentry","category-not_mpal"],"aioseo_notices":[],"_links":{"self":[{"href":"https:\/\/www.mpal.mp.br\/index.php?rest_route=\/wp\/v2\/posts\/9875","targetHints":{"allow":["GET"]}}],"collection":[{"href":"https:\/\/www.mpal.mp.br\/index.php?rest_route=\/wp\/v2\/posts"}],"about":[{"href":"https:\/\/www.mpal.mp.br\/index.php?rest_route=\/wp\/v2\/types\/post"}],"author":[{"embeddable":true,"href":"https:\/\/www.mpal.mp.br\/index.php?rest_route=\/wp\/v2\/users\/4"}],"replies":[{"embeddable":true,"href":"https:\/\/www.mpal.mp.br\/index.php?rest_route=%2Fwp%2Fv2%2Fcomments&post=9875"}],"version-history":[{"count":1,"href":"https:\/\/www.mpal.mp.br\/index.php?rest_route=\/wp\/v2\/posts\/9875\/revisions"}],"predecessor-version":[{"id":9881,"href":"https:\/\/www.mpal.mp.br\/index.php?rest_route=\/wp\/v2\/posts\/9875\/revisions\/9881"}],"wp:featuredmedia":[{"embeddable":true,"href":"https:\/\/www.mpal.mp.br\/index.php?rest_route=\/wp\/v2\/media\/9879"}],"wp:attachment":[{"href":"https:\/\/www.mpal.mp.br\/index.php?rest_route=%2Fwp%2Fv2%2Fmedia&parent=9875"}],"wp:term":[{"taxonomy":"category","embeddable":true,"href":"https:\/\/www.mpal.mp.br\/index.php?rest_route=%2Fwp%2Fv2%2Fcategories&post=9875"},{"taxonomy":"post_tag","embeddable":true,"href":"https:\/\/www.mpal.mp.br\/index.php?rest_route=%2Fwp%2Fv2%2Ftags&post=9875"}],"curies":[{"name":"wp","href":"https:\/\/api.w.org\/{rel}","templated":true}]}}