{"id":9869,"date":"2016-04-07T10:09:37","date_gmt":"2016-04-07T13:09:37","guid":{"rendered":"https:\/\/www.mpal.mp.br\/?p=9869"},"modified":"2022-06-20T10:11:28","modified_gmt":"2022-06-20T13:11:28","slug":"promotora-de-justica-failde-mendonca-ministra-palestra-no-xiii-forum-nacional-das-entidades-representativas-dos-pms-e-bms-do-brasil","status":"publish","type":"post","link":"https:\/\/www.mpal.mp.br\/?p=9869","title":{"rendered":"Promotora de Justi\u00e7a Failde Mendon\u00e7a ministra palestra no XIII F\u00f3rum Nacional das Entidades Representativas dos PMs e BMs do Brasil"},"content":{"rendered":"<p style=\"text-align: justify;\" align=\"justify\"><span style=\"font-size: 14pt;\">Come\u00e7ou nesta quinta-feira (07\/04) e encerra nesta sexta-feira (08\/04), o XIII F\u00f3rum\u00a0\u00a0Nacional das Entidades Representativas dos Policiais e Bombeiros Militares do Brasil. Evento que visa propiciar uma ampla discuss\u00e3o em torno do atual modelo de seguran\u00e7a p\u00fablica e contribuir com temas que sirvam para o aprimoramento dessas entidades. Objetivos que est\u00e3o sendo alcan\u00e7ados j\u00e1 no primeiro dia do evento.<\/span><\/p>\n<p style=\"text-align: justify;\" align=\"justify\"><span style=\"font-size: 14pt;\">Na tarde de hoje, a promotora de Justi\u00e7a da 24\u00aa Promotoria de Justi\u00e7a da Capital, Failde Soares Ferreira de Mendon\u00e7a, foi uma das palestrantes. Ela abordou o tema: \u201cO Minist\u00e9rio P\u00fablico Estadual e a fiscaliza\u00e7\u00e3o das associa\u00e7\u00f5es\u201d, trabalhando conceitos como o de associa\u00e7\u00f5es, suas caracter\u00edsticas, legisla\u00e7\u00e3o e participa\u00e7\u00e3o na sociedade e na economia, al\u00e9m das atribui\u00e7\u00f5es e fiscaliza\u00e7\u00e3o do Minist\u00e9rio P\u00fablico do Estado de Alagoas e leis que respaldam essa atua\u00e7\u00e3o.<\/span><\/p>\n<p style=\"text-align: justify;\" align=\"justify\"><span style=\"font-size: 14pt;\">A promotora de Justi\u00e7a disse que o convite para participar desse f\u00f3rum foi uma oportunidade de representar o Minist\u00e9rio P\u00fablico do Estado de Alagoas (MPE-AL).<\/span><\/p>\n<p style=\"text-align: justify;\" align=\"justify\"><span style=\"font-size: 14pt;\">\u201cQuando temos a oportunidade de ministrar uma palestra, podemos partilhar informa\u00e7\u00e3o e apresentar o trabalho que realizamos no cotidiano, enaltecendo e dando visibilidade a institui\u00e7\u00e3o que n\u00f3s, promotores, pertencemos, o Minist\u00e9rio P\u00fablico. Por isso, sempre recebo convites como estes com muito carinho. Uma palestra tem um papel muito educativo e de preven\u00e7\u00e3o\u201d, disse a promotora.<\/span><\/p>\n<p style=\"text-align: justify;\" align=\"justify\"><span style=\"font-size: 14pt;\">Os participantes do F\u00f3rum demonstraram tanto interesse pelo tema, que motivaram os organizadores do evento a concederem mais tempo para a explana\u00e7\u00e3o da promotora, tanto na palestra como no ato do debate. Ao unir teoria a exemplos pr\u00e1ticos, Failde Mendon\u00e7a despertou a aten\u00e7\u00e3o do p\u00fablico, provindo de diversos lugares do Brasil.<\/span><\/p>\n<p style=\"text-align: justify;\" align=\"justify\"><span style=\"font-size: 14pt;\">\u201cTivemos a oportunidade de receber conhecimentos e compartilhar experi\u00eancias acerca de um tema de grande relev\u00e2ncia, onde a promotora de Justi\u00e7a Failde Mendon\u00e7a sanou d\u00favidas e explicou as fun\u00e7\u00f5es do Minist\u00e9rio P\u00fablico enquanto fiscalizador das atividades das associa\u00e7\u00f5es. Com uma excelente did\u00e1tica, ela explanou com brilhantismo o tema, o que j\u00e1 fez valer a pena o nosso deslocamento a Macei\u00f3\u201d, foi o que ressaltou o Sargento da Pol\u00edcia Militar do Distrito Federal, Fl\u00e1vio Oliveira, que \u00e9 conselheiro do Departamento de Assuntos Jur\u00eddicos Legislativos do F\u00f3rum Nacional Permanente de Pra\u00e7as dos Corpos de Bombeiros e das Pol\u00edcias Militares do Brasil (FONAP).<\/span><\/p>\n<p style=\"text-align: justify;\" align=\"justify\"><span style=\"font-size: 14pt;\">O sargento \u00c9lcio Inocente, presidente da Associa\u00e7\u00e3o dos Policiais Militares Portadores de Defici\u00eancia F\u00edsica do Estado de S\u00e3o Paulo,\u00a0enalteceu a import\u00e2ncia dos esclarecimentos.<\/span><\/p>\n<p style=\"text-align: justify;\" align=\"justify\"><span style=\"font-size: 14pt;\">\u201cInteressante e muito esclarecedora a palestra e as respostas concedidas durante o debate, que dirimiram muitas d\u00favidas que n\u00f3s temos nas mais diversas associa\u00e7\u00f5es. Somos carentes dessas informa\u00e7\u00f5es. Por isso, foi oportuno trabalhar o tema, com certeza, vamos retornar aos nossos estados e associa\u00e7\u00f5es mais preparados, pois fomos munidos de informa\u00e7\u00f5es relevantes e necess\u00e1rias\u201d, disse o presidente.<\/span><\/p>\n<p style=\"text-align: justify;\" align=\"justify\"><span style=\"font-size: 14pt;\">Ap\u00f3s encerrar sua participa\u00e7\u00e3o, a promotora foi recebida de forma calorosa por muitos participantes, que al\u00e9m de lhe cumprimentarem, solicitaram a c\u00f3pia da apresenta\u00e7\u00e3o dela. A promotora, prontamente, atendeu ao pedido e disponibilizou aos organizadores do evento e tamb\u00e9m encaminhou para aqueles que informaram o email.<\/span><\/p>\n<p style=\"text-align: justify;\" align=\"justify\"><span style=\"font-size: 14pt;\">\u201cA palestra foi muito rica, muitas informa\u00e7\u00f5es necess\u00e1rias. A tarde foi produtiva, o que foi muito bom, aprendemos muito sobre o papel do Minist\u00e9rio P\u00fablico. Toda associa\u00e7\u00e3o deve buscar e espera essa parceria desse importante \u00f3rg\u00e3o. A promotora est\u00e1 de parab\u00e9ns, melhor dizendo, o MP de Alagoas est\u00e1 de parab\u00e9ns por ter um membro que possui tanto conhecimento e que queremos partilhar com outros\u201d, exp\u00f4s o vice-presidente da Associa\u00e7\u00e3o Beneficente e Representativa dos Subtenentes e Sargentos de Santa Catarina.<\/span><\/p>\n<p style=\"text-align: justify;\" align=\"justify\"><span style=\"font-size: 14pt;\">Diante da receptividade, a promotora de Justi\u00e7a destacou que foi assertiva a escolha do tema.<\/span><\/p>\n<p style=\"text-align: justify;\" align=\"justify\"><span style=\"font-size: 14pt;\">\u201cDe fato, o tema foi bastante relevante, pois propiciou um debate caloroso. Um momento \u00edmpar. Um trabalho proativo e positivo que destaca a atua\u00e7\u00e3o e voca\u00e7\u00e3o do Minist\u00e9rio P\u00fablico\u201d, conclui a promotora.<\/span><\/p>\n<p style=\"text-align: justify;\" align=\"justify\"><span style=\"font-size: 14pt;\">O XIII F\u00f3rum \u00e9 organizado pela Associa\u00e7\u00e3o Nacional de Entidades Representativas de Policiais Militares e Bombeiros Militares (ANERMB), presidida pelo Sargento PM Leonel Lucas, em parceria com a Associa\u00e7\u00e3o dos Cabos e Soldados em Alagoas (ACS\/AL) representada pelo Cabo Wellington (presidente) e a Associa\u00e7\u00e3o dos Subtenentes e Sargentos Militares de Alagoas (ASSMAL) representada pelo Sargento PM Gedson Ata\u00edde (presidente), ambas filiadas da ANERMB.<\/span><\/p>\n<p style=\"text-align: justify;\" align=\"justify\"><span style=\"font-size: 14pt;\">O evento que j\u00e1 foi promovido nas regi\u00f5es norte, sul e sudeste do pa\u00eds, acontece pela segunda vez na capital alagoana. Nesta sexta-feira (08\/04), haver\u00e1 a palestra do promotor de Justi\u00e7a Alfredo Gaspar de Mendon\u00e7a.<\/span><\/p>\n","protected":false},"excerpt":{"rendered":"<p> [&hellip;]<\/p>\n","protected":false},"author":4,"featured_media":9872,"comment_status":"open","ping_status":"open","sticky":false,"template":"","format":"standard","meta":{"om_disable_all_campaigns":false,"_monsterinsights_skip_tracking":false,"_monsterinsights_sitenote_active":false,"_monsterinsights_sitenote_note":"","_monsterinsights_sitenote_category":0,"_uf_show_specific_survey":0,"_uf_disable_surveys":false,"footnotes":""},"categories":[2],"tags":[],"class_list":["post-9869","post","type-post","status-publish","format-standard","has-post-thumbnail","hentry","category-not_mpal"],"aioseo_notices":[],"_links":{"self":[{"href":"https:\/\/www.mpal.mp.br\/index.php?rest_route=\/wp\/v2\/posts\/9869","targetHints":{"allow":["GET"]}}],"collection":[{"href":"https:\/\/www.mpal.mp.br\/index.php?rest_route=\/wp\/v2\/posts"}],"about":[{"href":"https:\/\/www.mpal.mp.br\/index.php?rest_route=\/wp\/v2\/types\/post"}],"author":[{"embeddable":true,"href":"https:\/\/www.mpal.mp.br\/index.php?rest_route=\/wp\/v2\/users\/4"}],"replies":[{"embeddable":true,"href":"https:\/\/www.mpal.mp.br\/index.php?rest_route=%2Fwp%2Fv2%2Fcomments&post=9869"}],"version-history":[{"count":1,"href":"https:\/\/www.mpal.mp.br\/index.php?rest_route=\/wp\/v2\/posts\/9869\/revisions"}],"predecessor-version":[{"id":9873,"href":"https:\/\/www.mpal.mp.br\/index.php?rest_route=\/wp\/v2\/posts\/9869\/revisions\/9873"}],"wp:featuredmedia":[{"embeddable":true,"href":"https:\/\/www.mpal.mp.br\/index.php?rest_route=\/wp\/v2\/media\/9872"}],"wp:attachment":[{"href":"https:\/\/www.mpal.mp.br\/index.php?rest_route=%2Fwp%2Fv2%2Fmedia&parent=9869"}],"wp:term":[{"taxonomy":"category","embeddable":true,"href":"https:\/\/www.mpal.mp.br\/index.php?rest_route=%2Fwp%2Fv2%2Fcategories&post=9869"},{"taxonomy":"post_tag","embeddable":true,"href":"https:\/\/www.mpal.mp.br\/index.php?rest_route=%2Fwp%2Fv2%2Ftags&post=9869"}],"curies":[{"name":"wp","href":"https:\/\/api.w.org\/{rel}","templated":true}]}}