{"id":9868,"date":"2021-08-18T10:10:30","date_gmt":"2021-08-18T13:10:30","guid":{"rendered":"https:\/\/www.mpal.mp.br\/?p=9868"},"modified":"2022-06-20T10:10:45","modified_gmt":"2022-06-20T13:10:45","slug":"ft-de-combate-a-covid-19-recebe-informacoes-sobre-medidas-adotadas-contra-festa-na-barra-de-sao-miguel","status":"publish","type":"post","link":"https:\/\/www.mpal.mp.br\/?p=9868","title":{"rendered":"FT de combate \u00e0 Covid-19 recebe informa\u00e7\u00f5es sobre medidas adotadas contra festa na Barra de S\u00e3o Miguel"},"content":{"rendered":"<p style=\"text-align: justify;\" data-raofz=\"14\"><span style=\"font-size: 14pt;\" data-raofz=\"13\">Em reuni\u00e3o ocorrida na tarde desta quarta-feira (18), a For\u00e7a-tarefa de enfrentamento \u00e0 Covid-19 do Minist\u00e9rio P\u00fablico do Estado de Alagoas recebeu informa\u00e7\u00f5es sobre as provid\u00eancias adotadas pelos promotores de Justi\u00e7a da Barra de S\u00e3o Miguel com rela\u00e7\u00e3o a festa clandestina ocorrida no \u00faltimo final de semana. Foram requisitadas explica\u00e7\u00f5es \u00e0 prefeitura daquele munic\u00edpio, e ela ter\u00e1 prazo de 10 dias para responder a demanda do MPAL. O organizador do evento, que aconteceu em per\u00edodo de pandemia e sem respeitar as medidas sanit\u00e1rias exigidas pelas autoridades de sa\u00fade, dever\u00e1 ser responsabilizado criminalmente.<\/span><\/p>\n<p style=\"text-align: justify;\" data-raofz=\"14\"><span style=\"font-size: 14pt;\" data-raofz=\"13\">O encontro virtual, que foi comandado pelo procurador-geral de Justi\u00e7a em exerc\u00edcio, Valter Acioly, contou com a participa\u00e7\u00e3o, al\u00e9m dos membros efetivos do colegiado, do promotor de Justi\u00e7a Vin\u00edcius Calheiros, titular da 2\u00aa\u00a0Promotoria de Justi\u00e7a de S\u00e3o Miguel dos Campos, que tem atribui\u00e7\u00e3o para atuar na \u00e1rea c\u00edvel.\u00a0<\/span><\/p>\n<p style=\"text-align: justify;\" data-raofz=\"14\"><span style=\"font-size: 14pt;\" data-raofz=\"13\">\u201cComo fiscal da lei, o Minist\u00e9rio P\u00fablico precisa estar vigilante quanto ao cumprimento dos protocolos de seguran\u00e7a impostos pelos especialistas em sa\u00fade p\u00fablica, de modo que os n\u00fameros da pandemia possam ser diminu\u00eddos. O combate ao novo coronav\u00edrus precisa ser um compromisso coletivo de cada um de n\u00f3s e, se algu\u00e9m insiste em desrespeitar as regras, precisamos pensar nas puni\u00e7\u00f5es adequadas para a devida responsabiliza\u00e7\u00e3o. O compromisso deve ser com a preserva\u00e7\u00e3o de vidas\u201d, afirmou Valter Acioly.<\/span><\/p>\n<p style=\"text-align: justify;\" data-raofz=\"14\"><span style=\"font-size: 14pt;\" data-raofz=\"13\">Os pedidos<\/span><\/p>\n<p style=\"text-align: justify;\" data-raofz=\"14\"><span style=\"font-size: 14pt;\" data-raofz=\"13\">Ao informar sobre as suas iniciativas adotadas, Vin\u00edcius Calheiros explicou que enviou of\u00edcio ao Poder Executivo da Barra de S\u00e3o Miguel. \u201cRequisitamos todas as informa\u00e7\u00f5es necess\u00e1rias para que o Minist\u00e9rio P\u00fablico possa formar ju\u00edzo de valor sobre o caso. Queremos saber se a prefeitura sabia da festa, se autorizou a realiza\u00e7\u00e3o ou, em \u00faltimo caso, se ela agiu com neglig\u00eancia. O munic\u00edpio ter\u00e1 prazo de 10 dias para responder \u00e0 nossa solicita\u00e7\u00e3o\u201d, disse ele.<\/span><\/p>\n<p style=\"text-align: justify;\" data-raofz=\"14\"><span style=\"font-size: 14pt;\" data-raofz=\"13\">O promotor tamb\u00e9m afirmou estar reunindo os nomes de todas as casas de evento da Barra de S\u00e3o Miguel para exigir que os seus propriet\u00e1rios s\u00f3 autorizem a realiza\u00e7\u00e3o de festas a partir do momento que os locat\u00e1rios comunicarem a prefeitura sobre a inten\u00e7\u00e3o de promover tais iniciativas.<\/span><\/p>\n<p style=\"text-align: justify;\" data-raofz=\"14\"><span style=\"font-size: 14pt;\" data-raofz=\"13\"><strong>\u00c1rea criminal<\/strong><\/span><\/p>\n<p style=\"text-align: justify;\" data-raofz=\"14\"><span style=\"font-size: 14pt;\" data-raofz=\"13\">Na esfera penal, o promotor de Justi\u00e7a Hermann Brito, da 5\u00aa Promotoria de Justi\u00e7a de S\u00e3o Miguel dos Campos,\u00a0requisitou a instaura\u00e7\u00e3o de inqu\u00e9rito \u00e0 Pol\u00edcia Civil. Ap\u00f3s concluir a investiga\u00e7\u00e3o sobre a responsabilidade do organizador da festa, a PC ir\u00e1 enviar os autos ao Minist\u00e9rio P\u00fablico para que o \u00f3rg\u00e3o adote as medidas cab\u00edveis.<\/span><\/p>\n<p style=\"text-align: justify;\" data-raofz=\"14\"><span style=\"font-size: 14pt;\" data-raofz=\"13\">Por fim, com rela\u00e7\u00e3o as festas que ocorreram em Macei\u00f3, tamb\u00e9m no final de semana, a for\u00e7a-tarefa vai enviar of\u00edcio \u00e0 dire\u00e7\u00e3o-geral da Pol\u00edcia Civil para saber se h\u00e1 alguma apura\u00e7\u00e3o em curso para identificar os respons\u00e1veis.<\/span><\/p>\n","protected":false},"excerpt":{"rendered":"<p> [&hellip;]<\/p>\n","protected":false},"author":1,"featured_media":9870,"comment_status":"open","ping_status":"open","sticky":false,"template":"","format":"standard","meta":{"om_disable_all_campaigns":false,"_monsterinsights_skip_tracking":false,"_monsterinsights_sitenote_active":false,"_monsterinsights_sitenote_note":"","_monsterinsights_sitenote_category":0,"_uf_show_specific_survey":0,"_uf_disable_surveys":false,"footnotes":""},"categories":[2],"tags":[],"class_list":["post-9868","post","type-post","status-publish","format-standard","has-post-thumbnail","hentry","category-not_mpal"],"aioseo_notices":[],"_links":{"self":[{"href":"https:\/\/www.mpal.mp.br\/index.php?rest_route=\/wp\/v2\/posts\/9868","targetHints":{"allow":["GET"]}}],"collection":[{"href":"https:\/\/www.mpal.mp.br\/index.php?rest_route=\/wp\/v2\/posts"}],"about":[{"href":"https:\/\/www.mpal.mp.br\/index.php?rest_route=\/wp\/v2\/types\/post"}],"author":[{"embeddable":true,"href":"https:\/\/www.mpal.mp.br\/index.php?rest_route=\/wp\/v2\/users\/1"}],"replies":[{"embeddable":true,"href":"https:\/\/www.mpal.mp.br\/index.php?rest_route=%2Fwp%2Fv2%2Fcomments&post=9868"}],"version-history":[{"count":1,"href":"https:\/\/www.mpal.mp.br\/index.php?rest_route=\/wp\/v2\/posts\/9868\/revisions"}],"predecessor-version":[{"id":9871,"href":"https:\/\/www.mpal.mp.br\/index.php?rest_route=\/wp\/v2\/posts\/9868\/revisions\/9871"}],"wp:featuredmedia":[{"embeddable":true,"href":"https:\/\/www.mpal.mp.br\/index.php?rest_route=\/wp\/v2\/media\/9870"}],"wp:attachment":[{"href":"https:\/\/www.mpal.mp.br\/index.php?rest_route=%2Fwp%2Fv2%2Fmedia&parent=9868"}],"wp:term":[{"taxonomy":"category","embeddable":true,"href":"https:\/\/www.mpal.mp.br\/index.php?rest_route=%2Fwp%2Fv2%2Fcategories&post=9868"},{"taxonomy":"post_tag","embeddable":true,"href":"https:\/\/www.mpal.mp.br\/index.php?rest_route=%2Fwp%2Fv2%2Ftags&post=9868"}],"curies":[{"name":"wp","href":"https:\/\/api.w.org\/{rel}","templated":true}]}}