{"id":9862,"date":"2021-08-19T10:08:33","date_gmt":"2021-08-19T13:08:33","guid":{"rendered":"https:\/\/www.mpal.mp.br\/?p=9862"},"modified":"2022-06-20T10:08:48","modified_gmt":"2022-06-20T13:08:48","slug":"ministerio-publico-requisita-inquerito-policial-para-apurar-responsabilidades-de-parentes-de-idosa-que-faleceu-no-hge","status":"publish","type":"post","link":"https:\/\/www.mpal.mp.br\/?p=9862","title":{"rendered":"Minist\u00e9rio P\u00fablico requisita inqu\u00e9rito policial para apurar responsabilidades de parentes de idosa que faleceu no HGE"},"content":{"rendered":"<p style=\"text-align: justify;\" data-raofz=\"14\"><span style=\"font-size: 14pt;\" data-raofz=\"13\">O Minist\u00e9rio P\u00fablico do Estado de Alagoas requisitou a instaura\u00e7\u00e3o de inqu\u00e9rito policial para apurar a responsabilidade dos respons\u00e1veis pela idosa Maria Izabel de Jesus dos Santos, de 101 anos, que estava internada no Hospital Geral do Estado (HGE) e, no in\u00edcio da manh\u00e3 desta quinta-feira (19), morreu em decorr\u00eancia de um quadro de derrame pleural. No \u00faltimo dia 11, ap\u00f3s mobiliza\u00e7\u00e3o do N\u00facleo de Defesa do Idoso do MPAL e da rede de prote\u00e7\u00e3o \u00e0 pessoa idosa, ela foi resgatada de sua resid\u00eancia, no bairro da Jati\u00faca, em estado de abandono e j\u00e1 apresentava delicado quadro de sa\u00fade.<\/span><\/p>\n<p style=\"text-align: justify;\" data-raofz=\"14\"><span style=\"font-size: 14pt;\" data-raofz=\"13\">A quest\u00e3o, ap\u00f3s a atua\u00e7\u00e3o na esfera c\u00edvel, chegou ao conhecimento das Promotorias Criminais e o pedido de abertura de investiga\u00e7\u00e3o para apurar o porqu\u00ea daquela senhora estar vivendo sozinha, sem qualquer assist\u00eancia familiar, foi feito pela 60\u00aa Promotoria de Justi\u00e7a da capital, que tem atribui\u00e7\u00e3o para atuar na \u00e1rea de crimes contra idosos, diretamente \u00e0 dire\u00e7\u00e3o-geral da Pol\u00edcia Civil, que dever\u00e1 solicitar informa\u00e7\u00f5es ao HGE sobre o tratamento que ela recebeu no hospital e ouvir, claro, os vizinhos da v\u00edtima. Ap\u00f3s a sua conclus\u00e3o, os autos ser\u00e3o encaminhados ao Minist\u00e9rio P\u00fablico para, se for o caso de des\u00eddia ou abandono por parte dos respons\u00e1veis ou familiares, haver a devida responsabiliza\u00e7\u00e3o deles.<\/span><\/p>\n<p style=\"text-align: justify;\" data-raofz=\"14\"><span style=\"font-size: 14pt;\" data-raofz=\"13\"><strong>O resgate<\/strong><\/span><\/p>\n<p style=\"text-align: justify;\" data-raofz=\"14\"><span style=\"font-size: 14pt;\" data-raofz=\"13\">No \u00faltimo dia 11, ap\u00f3s ser acionada, a promotora de Justi\u00e7a Marluce Falc\u00e3o mobilizou a rede de sa\u00fade e de prote\u00e7\u00e3o \u00e0 pessoa idosa para fazer o resgate da Izabel. O Samu foi acionado para levar a senhora para o HGE que, t\u00e3o logo recebeu a paciente, j\u00e1 adotou todos os cuidados necess\u00e1rios.<\/span><\/p>\n<p style=\"text-align: justify;\" data-raofz=\"14\"><span style=\"font-size: 14pt;\" data-raofz=\"13\">Inclusive, o Minist\u00e9rio P\u00fablico j\u00e1 havia viabilizado uma vaga na Casa de Ranquines, entidade sem fins lucrativos, para que a idosa ficasse abrigada na institui\u00e7\u00e3o, de modo que pudesse receber a assist\u00eancia devida.<\/span><\/p>\n","protected":false},"excerpt":{"rendered":"<p> [&hellip;]<\/p>\n","protected":false},"author":1,"featured_media":9866,"comment_status":"open","ping_status":"open","sticky":false,"template":"","format":"standard","meta":{"om_disable_all_campaigns":false,"_monsterinsights_skip_tracking":false,"_monsterinsights_sitenote_active":false,"_monsterinsights_sitenote_note":"","_monsterinsights_sitenote_category":0,"_uf_show_specific_survey":0,"_uf_disable_surveys":false,"footnotes":""},"categories":[2],"tags":[],"class_list":["post-9862","post","type-post","status-publish","format-standard","has-post-thumbnail","hentry","category-not_mpal"],"aioseo_notices":[],"_links":{"self":[{"href":"https:\/\/www.mpal.mp.br\/index.php?rest_route=\/wp\/v2\/posts\/9862","targetHints":{"allow":["GET"]}}],"collection":[{"href":"https:\/\/www.mpal.mp.br\/index.php?rest_route=\/wp\/v2\/posts"}],"about":[{"href":"https:\/\/www.mpal.mp.br\/index.php?rest_route=\/wp\/v2\/types\/post"}],"author":[{"embeddable":true,"href":"https:\/\/www.mpal.mp.br\/index.php?rest_route=\/wp\/v2\/users\/1"}],"replies":[{"embeddable":true,"href":"https:\/\/www.mpal.mp.br\/index.php?rest_route=%2Fwp%2Fv2%2Fcomments&post=9862"}],"version-history":[{"count":1,"href":"https:\/\/www.mpal.mp.br\/index.php?rest_route=\/wp\/v2\/posts\/9862\/revisions"}],"predecessor-version":[{"id":9867,"href":"https:\/\/www.mpal.mp.br\/index.php?rest_route=\/wp\/v2\/posts\/9862\/revisions\/9867"}],"wp:featuredmedia":[{"embeddable":true,"href":"https:\/\/www.mpal.mp.br\/index.php?rest_route=\/wp\/v2\/media\/9866"}],"wp:attachment":[{"href":"https:\/\/www.mpal.mp.br\/index.php?rest_route=%2Fwp%2Fv2%2Fmedia&parent=9862"}],"wp:term":[{"taxonomy":"category","embeddable":true,"href":"https:\/\/www.mpal.mp.br\/index.php?rest_route=%2Fwp%2Fv2%2Fcategories&post=9862"},{"taxonomy":"post_tag","embeddable":true,"href":"https:\/\/www.mpal.mp.br\/index.php?rest_route=%2Fwp%2Fv2%2Ftags&post=9862"}],"curies":[{"name":"wp","href":"https:\/\/api.w.org\/{rel}","templated":true}]}}