{"id":9861,"date":"2016-04-30T10:05:47","date_gmt":"2016-04-30T13:05:47","guid":{"rendered":"https:\/\/www.mpal.mp.br\/?p=9861"},"modified":"2022-06-20T10:09:08","modified_gmt":"2022-06-20T13:09:08","slug":"promotora-de-justica-failde-mendonca-ministra-palestra-no-congresso-nacional-da-confederacao-brasileira-das-federacoes-de-associacoes-de-moradores-e-entidades-comunitarias","status":"publish","type":"post","link":"https:\/\/www.mpal.mp.br\/?p=9861","title":{"rendered":"Promotora de Justi\u00e7a Failde Mendon\u00e7a ministra palestra no Congresso Nacional da Confedera\u00e7\u00e3o Brasileira das Federa\u00e7\u00f5es de Associa\u00e7\u00f5es de Moradores e Entidades Comunit\u00e1rias"},"content":{"rendered":"<p style=\"text-align: justify;\"><span style=\"font-size: 14pt;\">A promotora de Justi\u00e7a da 24\u00aa Promotoria de Justi\u00e7a da Capital, Failde Soares Ferreira de Mendon\u00e7a, participou, nesta sexta-feira (29), do Congresso Nacional da Confedera\u00e7\u00e3o Brasileira das Federa\u00e7\u00f5es de Associa\u00e7\u00f5es de Moradores e Entidades Comunit\u00e1rias, ministrando uma palestra sobre &#8220;A import\u00e2ncia das federa\u00e7\u00f5es, associa\u00e7\u00f5es de moradores e entidades comunit\u00e1rias para o fortalecimento do Terceiro Setor\u201d.<\/span><\/p>\n<p style=\"text-align: justify;\"><span style=\"font-size: 14pt;\">O evento, que ocorreu em Macei\u00f3, reuniu representantes de entidades comunit\u00e1rias com objetivo de fortalecer a Confedera\u00e7\u00e3o e, ainda, de capacitar os participantes com temas que retratam a import\u00e2ncia do Terceiro setor.<\/span><\/p>\n<p style=\"text-align: justify;\"><span style=\"font-size: 14pt;\">A promotora de Justi\u00e7a disse que foi mais uma oportunidade de representar o Minist\u00e9rio P\u00fablico do Estado de Alagoas (MPE-AL), mostrando que al\u00e9m de fiscalizar, a institui\u00e7\u00e3o est\u00e1 sempre preocupada em participar de momentos de qualifica\u00e7\u00e3o.<\/span><\/p>\n<p style=\"text-align: justify;\"><span style=\"font-size: 14pt;\">\u201cQuando temos a oportunidade de ministrar uma palestra, podemos partilhar informa\u00e7\u00e3o e apresentar o trabalho que realizamos no cotidiano, enaltecendo e dando visibilidade a institui\u00e7\u00e3o que n\u00f3s, promotores, pertencemos, o Minist\u00e9rio P\u00fablico. Por isso, sempre recebo convites como estes com muito carinho. Uma palestra tem um papel muito educativo e de preven\u00e7\u00e3o. O Minist\u00e9rio P\u00fablico, al\u00e9m de fiscalizar, busca sempre contribuir \u00a0para elevar o conhecimento de todos que integram as associa\u00e7\u00f5es e funda\u00e7\u00f5es. As entidades precisam contar com pessoas com\u00a0capacidade gerencial para a tomada de decis\u00e3o, o que inclui a aquisi\u00e7\u00e3o de habilidades e metodologias obtidas por meio do conhecimento\u201d, disse a promotora.<\/span><\/p>\n<p style=\"text-align: justify;\"><span style=\"font-size: 14pt;\">Durante uma hora, a promotora discorreu sobre conceitos inerentes ao tema de sua palestra, como o de filantropia e entidades comunit\u00e1rias. Ela contextualizou sobre o surgimento do Terceiro Setor, suas caracter\u00edsticas, posicionamento na sociedade e na economia brasileira e, ainda, destacou os desafios que ele enfrenta, sempre citando exemplos pr\u00e1ticos para melhor entendimento dos participantes. O tema gerou tanto a aten\u00e7\u00e3o que ap\u00f3s sua explana\u00e7\u00e3o, ela participou de mais de uma hora de debate, onde quem esteve presente teve a oportunidade de esclarecer suas d\u00favidas e partilhar suas experi\u00eancias.<\/span><\/p>\n<p style=\"text-align: justify;\"><span style=\"font-size: 14pt;\">&#8220;As organiza\u00e7\u00f5es do Terceiro Setor exercem atividades relevantes \u00e0 sociedade, pois muitas mobilizam uma grande quantidade de pessoas, geram empregos e recursos significativos. O seu crescimento\u00a0possui car\u00e1ter estrat\u00e9gico e de suma import\u00e2ncia para qualquer sociedade que se preocupa com o desenvolvimento social e consolida\u00e7\u00e3o de seus valores democr\u00e1ticos. O fortalecimento do Terceiro Setor requer a constru\u00e7\u00e3o de respostas aos desafios que enfrentam, como o de produzir e disseminar informa\u00e7\u00f5es sobre o que \u00e9 e o que faz; o de melhorar a qualidade e efici\u00eancia da gest\u00e3o e programas sociais ofertada, al\u00e9m de outras, tamb\u00e9m a de criar condi\u00e7\u00f5es para o aumento da participa\u00e7\u00e3o volunt\u00e1ria dos cidad\u00e3os. Vale destacar que, as entidades precisam ser bem administradas, agir dentro da legalidade, atender as cobran\u00e7as impostas, devem estar preocupados sempre com o bem comum&#8221;,\u00a0exp\u00f4s Failde Mendon\u00e7a.<\/span><\/p>\n","protected":false},"excerpt":{"rendered":"<p> [&hellip;]<\/p>\n","protected":false},"author":4,"featured_media":9863,"comment_status":"open","ping_status":"open","sticky":false,"template":"","format":"standard","meta":{"om_disable_all_campaigns":false,"_monsterinsights_skip_tracking":false,"_monsterinsights_sitenote_active":false,"_monsterinsights_sitenote_note":"","_monsterinsights_sitenote_category":0,"_uf_show_specific_survey":0,"_uf_disable_surveys":false,"footnotes":""},"categories":[2],"tags":[],"class_list":["post-9861","post","type-post","status-publish","format-standard","has-post-thumbnail","hentry","category-not_mpal"],"aioseo_notices":[],"_links":{"self":[{"href":"https:\/\/www.mpal.mp.br\/index.php?rest_route=\/wp\/v2\/posts\/9861","targetHints":{"allow":["GET"]}}],"collection":[{"href":"https:\/\/www.mpal.mp.br\/index.php?rest_route=\/wp\/v2\/posts"}],"about":[{"href":"https:\/\/www.mpal.mp.br\/index.php?rest_route=\/wp\/v2\/types\/post"}],"author":[{"embeddable":true,"href":"https:\/\/www.mpal.mp.br\/index.php?rest_route=\/wp\/v2\/users\/4"}],"replies":[{"embeddable":true,"href":"https:\/\/www.mpal.mp.br\/index.php?rest_route=%2Fwp%2Fv2%2Fcomments&post=9861"}],"version-history":[{"count":1,"href":"https:\/\/www.mpal.mp.br\/index.php?rest_route=\/wp\/v2\/posts\/9861\/revisions"}],"predecessor-version":[{"id":9864,"href":"https:\/\/www.mpal.mp.br\/index.php?rest_route=\/wp\/v2\/posts\/9861\/revisions\/9864"}],"wp:featuredmedia":[{"embeddable":true,"href":"https:\/\/www.mpal.mp.br\/index.php?rest_route=\/wp\/v2\/media\/9863"}],"wp:attachment":[{"href":"https:\/\/www.mpal.mp.br\/index.php?rest_route=%2Fwp%2Fv2%2Fmedia&parent=9861"}],"wp:term":[{"taxonomy":"category","embeddable":true,"href":"https:\/\/www.mpal.mp.br\/index.php?rest_route=%2Fwp%2Fv2%2Fcategories&post=9861"},{"taxonomy":"post_tag","embeddable":true,"href":"https:\/\/www.mpal.mp.br\/index.php?rest_route=%2Fwp%2Fv2%2Ftags&post=9861"}],"curies":[{"name":"wp","href":"https:\/\/api.w.org\/{rel}","templated":true}]}}