{"id":9850,"date":"2021-08-23T10:02:37","date_gmt":"2021-08-23T13:02:37","guid":{"rendered":"https:\/\/www.mpal.mp.br\/?p=9850"},"modified":"2022-06-20T10:03:08","modified_gmt":"2022-06-20T13:03:08","slug":"mpal-assina-convenios-com-instituicoes-e-empresas-para-fortalecer-o-combate-a-violencia-domestica-e-familiar-contra-a-mulher","status":"publish","type":"post","link":"https:\/\/www.mpal.mp.br\/?p=9850","title":{"rendered":"MPAL assina conv\u00eanios com institui\u00e7\u00f5es e empresas para fortalecer o combate \u00e0 viol\u00eancia dom\u00e9stica e familiar contra a mulher"},"content":{"rendered":"<p style=\"text-align: justify;\" align=\"justify\" data-raofz=\"14\"><span style=\"font-size: 14pt;\" data-raofz=\"13\">O Minist\u00e9rio P\u00fablico do Estado de Alagoas (MPAL) assinou, na manh\u00e3 desta segunda-feira (23), uma s\u00e9rie conv\u00eanios com institui\u00e7\u00f5es e empresas para intensificar as a\u00e7\u00f5es do Agosto Lil\u00e1s, uma campanha voltada ao enfrentamento \u00e0 viol\u00eancia dom\u00e9stica e familiar contra a mulher. As parcerias tamb\u00e9m ocorreram com a finalidade de fortalecer a rede de prote\u00e7\u00e3o \u00e0s v\u00edtimas desse crime.<\/span><\/p>\n<p style=\"text-align: justify;\" align=\"justify\" data-raofz=\"14\"><span style=\"font-size: 14pt;\" data-raofz=\"13\">Durante a abertura do evento, o procurador-geral de Justi\u00e7a em exerc\u00edcio, Valter Jos\u00e9 Acioly, destacou que essa uni\u00e3o de \u00f3rg\u00e3os p\u00fablicos e da iniciativa privada demonstra o comprometimento social em torno do combate \u00e0 viol\u00eancia dom\u00e9stica. \u201cCada um no seu papel vai trabalhar os conceitos sobre esse tipo de crime, os mecanismos de enfrentamento a ele, o incentivo \u00e0 den\u00fancia para que a mulher rompa o sil\u00eancio, como buscar ajuda na rede de prote\u00e7\u00e3o etc. Ou seja, s\u00e3o muitas m\u00e3os trabalhando em conjunto para que possamos livrar a mulher da tormenta na qual ela vive. O Minist\u00e9rio P\u00fablico est\u00e1 feliz em ver o envolvimento de tantos atores e agradece por acreditarem na nossa campanha\u201d, afirmou ele.<\/span><\/p>\n<p style=\"text-align: justify;\" align=\"justify\" data-raofz=\"14\"><span style=\"font-size: 14pt;\" data-raofz=\"13\">A promotora de Justi\u00e7a Ariadne Dantas, que atua na 38\u00aa Promotoria de Justi\u00e7a, lembrou que a viol\u00eancia contra a mulher n\u00e3o \u00e9 apenas uma quest\u00e3o de seguran\u00e7a p\u00fablica, mas, tamb\u00e9m, social, hist\u00f3rica, cultural e de sa\u00fade p\u00fablica e, justamente em raz\u00e3o disso, faz-se necess\u00e1ria uma articula\u00e7\u00e3o de rede. \u201cSozinho, o Minist\u00e9rio P\u00fablico n\u00e3o consegue enfrentar esse crime porque ele n\u00e3o exige apenas a puni\u00e7\u00e3o contra o agressor. Essa \u00e9 uma causa que precisa de uma atua\u00e7\u00e3o multidisciplinar, uma vez que, ao sair do relacionamento abusivo, a mulher necessitar\u00e1 de acompanhamento psicol\u00f3gico e social, ser reinserida no mercado de trabalho, ter apoio para cuidar dos filhos, dentre outras coisas. Temos a obriga\u00e7\u00e3o de voltar o olhar pra ela, por isso, esse di\u00e1logo interinstitucional me d\u00e1 esperan\u00e7as de que o acolhimento \u00e0s v\u00edtimas ser\u00e1 completo em breve\u201d, defendeu.<\/span><\/p>\n<p style=\"text-align: justify;\" align=\"justify\" data-raofz=\"14\"><span style=\"font-size: 14pt;\" data-raofz=\"13\">Pelo Minist\u00e9rio P\u00fablico tamb\u00e9m estiveram presentes o diretor do Centro de Apoio Operacional \u00e0s Promotorias de Justi\u00e7a (Caop), promotor Jos\u00e9 Ant\u00f4nio Malta Marques, o chefe de gabinete do MPAL, promotor Humberto Bulh\u00f5es, a coordenadora do N\u00facleo de Defesa de Direitos Humanos, promotora Marluce Falc\u00e3o, e a assessora de Planejamento e Gest\u00e3o Estrat\u00e9gica, promotora Stela Cavalcanti.<\/span><\/p>\n<p style=\"text-align: justify;\" align=\"justify\" data-raofz=\"14\"><span style=\"font-size: 14pt;\" data-raofz=\"13\"><strong>Os conv\u00eanios<\/strong><\/span><\/p>\n<p style=\"text-align: justify;\" align=\"justify\" data-raofz=\"14\"><span style=\"font-size: 14pt;\" data-raofz=\"13\">Os conv\u00eanios foram assinados com os representantes das institui\u00e7\u00f5es e empresas parceiras: o reitor do Ifal, Carlos Guedes de Lacerda; o presidente do Sesc Alagoas, Jos\u00e9 Gilton Pereira Lima; a gerente jur\u00eddica da Equatorial, Karine Maria Rodrigues Pereira de Morais; o vice-presidente corporativo da Casal, Victor Vigolvino Figueiredo;<\/span><br \/>\n<span style=\"font-size: 14pt;\" data-raofz=\"13\">a diretora do Cesmac do Agreste, Priscila Vieira; o administrador Condom\u00ednio Jardim Europa, Pedro de Medeiros; e o supervisor operacional do Empresarial Humberto Lobo, Andr\u00e9 Williams da Costa Ara\u00fajo J\u00fanior.<\/span><\/p>\n<p style=\"text-align: justify;\" align=\"justify\" data-raofz=\"14\"><span style=\"font-size: 14pt;\" data-raofz=\"13\">O Sesc, por exemplo, comprometeu-se em divulgar a campanha Agosto Lil\u00e1s do MAL em suas redes sociais e promover eventos sobre essa tem\u00e1tica, de modo a levar conscientiza\u00e7\u00e3o ao seu p\u00fablico. J\u00e1 a Casal e a Equatorial v\u00e3o imprimir nas contas de \u00e1gua e energia mensagens de enfrentamento \u00e0 viol\u00eancia dom\u00e9stica e familiar contra a mulher, chamando a aten\u00e7\u00e3o para o canal de den\u00fancias 190.<\/span><\/p>\n<p style=\"text-align: justify;\" align=\"justify\" data-raofz=\"14\"><span style=\"font-size: 14pt;\" data-raofz=\"13\">\u201cPara a Equatorial Alagoas \u00e9 uma honra refor\u00e7ar a rede de apoio ao combate \u00e0 viol\u00eancia dom\u00e9stica contra a mulher, cumprindo o seu papel social para al\u00e9m de fornecer energia, doando seus canais de atendimento ao cliente para informar e contribuir com as a\u00e7\u00f5es do agosto lil\u00e1s\u201d, declarou Karine Rodrigues.<\/span><\/p>\n<p style=\"text-align: justify;\" align=\"justify\" data-raofz=\"14\"><span style=\"font-size: 14pt;\" data-raofz=\"13\">Igualmente prestigiaram a solenidade o juiz que atua no Juizado da Viol\u00eancia Dom\u00e9stica e Familiar contra a Mulher do Tribunal de Justi\u00e7a de Alagoas, Paulo Zacarias, a presidente da Comiss\u00e3o Especial da Mulher da Ordem dos Advogados do Brasil (OAB\/AL), Caroline Leahly, a comandante da Patrulha Maria da Penha, major da Pol\u00edcia Militar Danielli Assun\u00e7\u00e3o, a coordenadora do Gabinete de Pol\u00edticas P\u00fablicas para Mulheres da Prefeitura de Macei\u00f3, Ana Paula Mendes, e a coordenadora da Casa da Mulher Alagoana, \u00c9rika Lima.<\/span><\/p>\n","protected":false},"excerpt":{"rendered":"<p> [&hellip;]<\/p>\n","protected":false},"author":1,"featured_media":9851,"comment_status":"open","ping_status":"open","sticky":false,"template":"","format":"standard","meta":{"om_disable_all_campaigns":false,"_monsterinsights_skip_tracking":false,"_monsterinsights_sitenote_active":false,"_monsterinsights_sitenote_note":"","_monsterinsights_sitenote_category":0,"_uf_show_specific_survey":0,"_uf_disable_surveys":false,"footnotes":""},"categories":[2],"tags":[],"class_list":["post-9850","post","type-post","status-publish","format-standard","has-post-thumbnail","hentry","category-not_mpal"],"aioseo_notices":[],"_links":{"self":[{"href":"https:\/\/www.mpal.mp.br\/index.php?rest_route=\/wp\/v2\/posts\/9850","targetHints":{"allow":["GET"]}}],"collection":[{"href":"https:\/\/www.mpal.mp.br\/index.php?rest_route=\/wp\/v2\/posts"}],"about":[{"href":"https:\/\/www.mpal.mp.br\/index.php?rest_route=\/wp\/v2\/types\/post"}],"author":[{"embeddable":true,"href":"https:\/\/www.mpal.mp.br\/index.php?rest_route=\/wp\/v2\/users\/1"}],"replies":[{"embeddable":true,"href":"https:\/\/www.mpal.mp.br\/index.php?rest_route=%2Fwp%2Fv2%2Fcomments&post=9850"}],"version-history":[{"count":1,"href":"https:\/\/www.mpal.mp.br\/index.php?rest_route=\/wp\/v2\/posts\/9850\/revisions"}],"predecessor-version":[{"id":9852,"href":"https:\/\/www.mpal.mp.br\/index.php?rest_route=\/wp\/v2\/posts\/9850\/revisions\/9852"}],"wp:featuredmedia":[{"embeddable":true,"href":"https:\/\/www.mpal.mp.br\/index.php?rest_route=\/wp\/v2\/media\/9851"}],"wp:attachment":[{"href":"https:\/\/www.mpal.mp.br\/index.php?rest_route=%2Fwp%2Fv2%2Fmedia&parent=9850"}],"wp:term":[{"taxonomy":"category","embeddable":true,"href":"https:\/\/www.mpal.mp.br\/index.php?rest_route=%2Fwp%2Fv2%2Fcategories&post=9850"},{"taxonomy":"post_tag","embeddable":true,"href":"https:\/\/www.mpal.mp.br\/index.php?rest_route=%2Fwp%2Fv2%2Ftags&post=9850"}],"curies":[{"name":"wp","href":"https:\/\/api.w.org\/{rel}","templated":true}]}}