{"id":9845,"date":"2021-08-24T10:01:12","date_gmt":"2021-08-24T13:01:12","guid":{"rendered":"https:\/\/www.mpal.mp.br\/?p=9845"},"modified":"2022-06-20T10:01:21","modified_gmt":"2022-06-20T13:01:21","slug":"em-nova-reuniao-estrategica-ministerio-publico-apresenta-planos-de-acao-nas-areas-administrativa-e-de-gestao","status":"publish","type":"post","link":"https:\/\/www.mpal.mp.br\/?p=9845","title":{"rendered":"Em nova reuni\u00e3o estrat\u00e9gica, Minist\u00e9rio P\u00fablico apresenta planos de a\u00e7\u00e3o nas \u00e1reas administrativa e de gest\u00e3o"},"content":{"rendered":"<p style=\"text-align: justify;\" align=\"justify\" data-raofz=\"14\"><span style=\"font-size: 14pt;\" data-raofz=\"13\">Aconteceu, nesta ter\u00e7a-feira (24), a 8\u00aa Reuni\u00e3o de An\u00e1lise Estrat\u00e9gica, mais uma vez em formato virtual, realizada com o Comit\u00ea de Gest\u00e3o Estrat\u00e9gica do Minist\u00e9rio P\u00fablico do Estado de Alagoas (MPAL). Presidido pelo subprocurador-geral Administrativo Institucional, Valter Acioly, e pela assessora de Planejamento e Gest\u00e3o Estrat\u00e9gico (Asplage), promotora de Justi\u00e7a Stela Val\u00e9ria Cavalcanti, o encontro teve o objetivo de conhecer o andamento dos atuais projetos existentes na institui\u00e7\u00e3o e as atividades em execu\u00e7\u00e3o nas \u00e1reas de gest\u00e3o de pessoas e administrativa.<\/span><\/p>\n<p style=\"text-align: justify;\" align=\"justify\" data-raofz=\"14\"><span style=\"font-size: 14pt;\" data-raofz=\"13\">A abertura da reuni\u00e3o ficou a cargo do subprocurador-geral Administrativo Institucional, que enfatizou a necessidade do Minist\u00e9rio P\u00fablico discutir, criar e p\u00f4r em pr\u00e1tica aquelas a\u00e7\u00f5es consideradas estrat\u00e9gicas para o desenvolvimento de iniciativas que beneficiem diretamente a sociedade alagoana. A assessora de planejamento e gest\u00e3o estrat\u00e9gica ratificou essa import\u00e2ncia e pediu para que membros e servidores seguissem se dedicando aos projetos estrat\u00e9gicos do MPAL, uma vez que, parte deles j\u00e1 foi premiada pelo Conselho Nacional do Minist\u00e9rio P\u00fablico.<\/span><\/p>\n<p style=\"text-align: justify;\" align=\"justify\" data-raofz=\"14\"><span style=\"font-size: 14pt;\" data-raofz=\"13\"><b><strong>Projetos<\/strong><\/b><\/span><\/p>\n<p style=\"text-align: justify;\" align=\"justify\" data-raofz=\"14\"><span style=\"font-size: 14pt;\" data-raofz=\"13\">Na reuni\u00e3o desta ter\u00e7a-feira, coube a servidora Renata Teixeira fazer um resumo dos projetos que est\u00e3o em andamento dentro do Minist\u00e9rio P\u00fablico. Em 2020, oito deles foram apresentados ao setor de planejamento estrat\u00e9gico e, mais quatro, conclu\u00eddos: Rodas de conversa com a socioeduca\u00e7\u00e3o; Ind\u00fastria do conhecimento na socioeduca\u00e7\u00e3o; Gest\u00e3o de Custos; e Implanta\u00e7\u00e3o do SICGESP. J\u00e1 agora em 2021, mais 11 iniciativas foram cadastradas, dentre elas, est\u00e3o Sou do bem, digo n\u00e3o \u00e0 corrup\u00e7\u00e3o; E-Capacita, programa de est\u00e1gio; Idoso Cidad\u00e3o; ANPP Restaurador; Pr\u00eamio MP de jornalismo; e Fitinhas da Prote\u00e7\u00e3o. E h\u00e1 outros cinco em an\u00e1lise: Sistema de Controle e Assentamentos funcionais de membros (TI e Corregedoria); Hefesto \u2013 sistema de controle de armas (TI); Ciclo de palestras MP \u00e9 Not\u00edcia (Comunica\u00e7\u00e3o); Projeto Sede de Aprender \u2013 \u00e1gua pot\u00e1vel nas escolas (Educa\u00e7\u00e3o); e Projeto MP de portas abertas (Diretoria Administrativa).<\/span><\/p>\n<p style=\"text-align: justify;\" align=\"justify\" data-raofz=\"14\"><span style=\"font-size: 14pt;\" data-raofz=\"13\">Na sequ\u00eancia, o servidor Victor Marinho discorreu sobre os projetos na \u00e1rea de gest\u00e3o de pessoas, cuja miss\u00e3o maior \u00e9 desenvolver a motiva\u00e7\u00e3o de membros e servidores. Ele falou inicialmente a respeito da iniciativa de criar e implementar o programa de melhoria das condi\u00e7\u00f5es de trabalho de todos que integram os quadros do MPAL. Depois, detalhou as a\u00e7\u00f5es para implantar e implementar sistema de banco de horas de trabalho e para regulamentar o trabalho extraordin\u00e1rio. \u201cSobre o projeto do banco de horas, por exemplo, formulamos uma proposta de norma reguladora e, agora, estamos na fase de implanta\u00e7\u00e3o do sistema eletr\u00f4nico de controle para esse banco de horas de trabalho\u201d, explicou.<\/span><\/p>\n<p style=\"text-align: justify;\" align=\"justify\" data-raofz=\"14\"><span style=\"font-size: 14pt;\" data-raofz=\"13\">Victor Marinho finalizou sua apresenta\u00e7\u00e3o mostrando o andamento das iniciativas para implanta\u00e7\u00e3o do programa que contemplar\u00e1 um ciclo anual de sugest\u00f5es e de inova\u00e7\u00f5es, que ser\u00e1 dirigido a todos os setores da institui\u00e7\u00e3o, e para a cria\u00e7\u00e3o do sistema de banco de boas pr\u00e1ticas na gest\u00e3o p\u00fablica e de responsabilidade social no \u00e2mbito do Minist\u00e9rio P\u00fablico do Estado de Alagoas.<\/span><\/p>\n<p style=\"text-align: justify;\" align=\"justify\" data-raofz=\"14\"><span style=\"font-size: 14pt;\" data-raofz=\"13\"><b>Gest\u00e3o administrativa<\/b><\/span><\/p>\n<p style=\"text-align: justify;\" align=\"justify\" data-raofz=\"14\"><span style=\"font-size: 14pt;\" data-raofz=\"13\">A terceira apresenta\u00e7\u00e3o ficou a cargo da diretor-geral do MPAL, Carlos Cabral, respons\u00e1vel pelo objetivo estrat\u00e9gico de \u201caprimorar a gest\u00e3o administrativa do Minist\u00e9rio P\u00fablico de Alagoas\u201d. \u201cNosso primeiro plano de atua\u00e7\u00e3o foca em definirmos a estrutura organizacional adequada, com pessoal, equipamentos de TI, atribui\u00e7\u00f5es e instala\u00e7\u00f5es f\u00edsicas para o melhor desenvolvimento da atividade-meio. Isso resultar\u00e1 num laudo que trar\u00e1 a adequada organiza\u00e7\u00e3o para todos os setores administrativos da institui\u00e7\u00e3o\u201d, pontuou.<\/span><\/p>\n<p style=\"text-align: justify;\" align=\"justify\" data-raofz=\"14\"><span style=\"font-size: 14pt;\" data-raofz=\"13\">Outros dois planos foram compartilhados. Um deles, visa criar e implantar uma assessoria jur\u00eddica virtual no \u00e2mbito do MPAL. Para tanto, a diretoria-geral est\u00e1 fazendo o levantamento em termos de volume de trabalho dos \u00f3rg\u00e3os de apoio e de execu\u00e7\u00e3o do Minist\u00e9rio P\u00fablico para, depois, definir a estrutura adequada, em termos de pessoal, que essa assessoria vai precisar, inclusive, com rela\u00e7\u00e3o a TI. O terceiro plano pretende implantar e implementar um sistema de gerenciamento de compras, cuja finalidade ser\u00e1 a de mensurar e de prover as necessidades de material de consumo em todas as unidades do Minist\u00e9rio P\u00fablico do Estado de Alagoas.<\/span><\/p>\n<p style=\"text-align: justify;\" align=\"justify\" data-raofz=\"14\"><span style=\"font-size: 14pt;\" data-raofz=\"13\">Encerrando o encontro virtual, a assessora de planejamento e gest\u00e3o estrat\u00e9gica (Asplage), Stela Val\u00e9ria Cavalcanti, agradeceu o empenho de todos os integrantes do comit\u00ea: \u201c\u00c9 muito bom ver esse comprometimento coletivo em torno do nosso planejamento estrat\u00e9gico. Que sigamos com o mesmo comprometimento\u201d, disse Stela Val\u00e9ria Cavalcanti.<\/span><\/p>\n<p style=\"text-align: justify;\" align=\"justify\" data-raofz=\"14\"><span style=\"font-size: 14pt;\" data-raofz=\"13\"><b><strong>O Comit\u00ea<\/strong><\/b><\/span><\/p>\n<p style=\"text-align: justify;\" align=\"justify\" data-raofz=\"14\"><span style=\"font-size: 14pt;\" data-raofz=\"13\">O Comit\u00ea de Gest\u00e3o Estrat\u00e9gica do Minist\u00e9rio P\u00fablico \u00e9 composto por 17 pessoas, entre membros e servidores. E ele est\u00e1 dividido por \u00e1rea de atua\u00e7\u00e3o, de acordo com os objetivos estrat\u00e9gicos j\u00e1 definidos pela administra\u00e7\u00e3o superior.<\/span><\/p>\n","protected":false},"excerpt":{"rendered":"<p> [&hellip;]<\/p>\n","protected":false},"author":1,"featured_media":9847,"comment_status":"open","ping_status":"open","sticky":false,"template":"","format":"standard","meta":{"om_disable_all_campaigns":false,"_monsterinsights_skip_tracking":false,"_monsterinsights_sitenote_active":false,"_monsterinsights_sitenote_note":"","_monsterinsights_sitenote_category":0,"_uf_show_specific_survey":0,"_uf_disable_surveys":false,"footnotes":""},"categories":[2],"tags":[],"class_list":["post-9845","post","type-post","status-publish","format-standard","has-post-thumbnail","hentry","category-not_mpal"],"aioseo_notices":[],"_links":{"self":[{"href":"https:\/\/www.mpal.mp.br\/index.php?rest_route=\/wp\/v2\/posts\/9845","targetHints":{"allow":["GET"]}}],"collection":[{"href":"https:\/\/www.mpal.mp.br\/index.php?rest_route=\/wp\/v2\/posts"}],"about":[{"href":"https:\/\/www.mpal.mp.br\/index.php?rest_route=\/wp\/v2\/types\/post"}],"author":[{"embeddable":true,"href":"https:\/\/www.mpal.mp.br\/index.php?rest_route=\/wp\/v2\/users\/1"}],"replies":[{"embeddable":true,"href":"https:\/\/www.mpal.mp.br\/index.php?rest_route=%2Fwp%2Fv2%2Fcomments&post=9845"}],"version-history":[{"count":1,"href":"https:\/\/www.mpal.mp.br\/index.php?rest_route=\/wp\/v2\/posts\/9845\/revisions"}],"predecessor-version":[{"id":9848,"href":"https:\/\/www.mpal.mp.br\/index.php?rest_route=\/wp\/v2\/posts\/9845\/revisions\/9848"}],"wp:featuredmedia":[{"embeddable":true,"href":"https:\/\/www.mpal.mp.br\/index.php?rest_route=\/wp\/v2\/media\/9847"}],"wp:attachment":[{"href":"https:\/\/www.mpal.mp.br\/index.php?rest_route=%2Fwp%2Fv2%2Fmedia&parent=9845"}],"wp:term":[{"taxonomy":"category","embeddable":true,"href":"https:\/\/www.mpal.mp.br\/index.php?rest_route=%2Fwp%2Fv2%2Fcategories&post=9845"},{"taxonomy":"post_tag","embeddable":true,"href":"https:\/\/www.mpal.mp.br\/index.php?rest_route=%2Fwp%2Fv2%2Ftags&post=9845"}],"curies":[{"name":"wp","href":"https:\/\/api.w.org\/{rel}","templated":true}]}}