{"id":9841,"date":"2021-08-25T09:59:39","date_gmt":"2021-08-25T12:59:39","guid":{"rendered":"https:\/\/www.mpal.mp.br\/?p=9841"},"modified":"2022-06-20T09:59:52","modified_gmt":"2022-06-20T12:59:52","slug":"teotonio-vilela-ministerio-publico-ingressa-com-acao-civil-publica-com-pedido-de-liminar-para-obrigar-o-municipio-a-convocar-concursados-de-2019","status":"publish","type":"post","link":"https:\/\/www.mpal.mp.br\/?p=9841","title":{"rendered":"Teot\u00f4nio Vilela: Minist\u00e9rio P\u00fablico ingressa com a\u00e7\u00e3o civil p\u00fablica, com pedido de liminar, para obrigar o Munic\u00edpio a convocar concursados de 2019"},"content":{"rendered":"<p style=\"text-align: justify;\" data-raofz=\"14\"><span style=\"font-size: 14pt;\">O Minist\u00e9rio P\u00fablico do Estado de Alagoas (MPAL), por meio da Promotoria de Justi\u00e7a de Teot\u00f4nio Vilela, ajuizou a\u00e7\u00e3o civil p\u00fablica, com pedido de liminar, para que seja determinado judicialmente que o Munic\u00edpio nomeie, imediatamente, os candidatos aprovados no certame de 2019, em substitui\u00e7\u00e3o \u00e0s contrata\u00e7\u00f5es tempor\u00e1rias. De acordo com o promotor de Justi\u00e7a, Rodrigo Soares, foi constatado que h\u00e1 mais de mil funcion\u00e1rios contratados, a t\u00edtulo prec\u00e1rio, exercendo as fun\u00e7\u00f5es ofertadas no edital do concurso.<\/span><\/p>\n<p style=\"text-align: justify;\" data-raofz=\"14\"><span style=\"font-size: 14pt;\">Na a\u00e7\u00e3o, pede-se que, al\u00e9m de ser determinada a convoca\u00e7\u00e3o com urg\u00eancia dos concursados, o Munic\u00edpio seja submetido, caso n\u00e3o acate a determina\u00e7\u00e3o, a uma multa di\u00e1ria de R$ 5 mil.<\/span><\/p>\n<p style=\"text-align: justify;\" data-raofz=\"14\"><span style=\"font-size: 14pt;\">\u201cRecebemos a den\u00fancia e pedimos que o Munic\u00edpio enviasse a rela\u00e7\u00e3o com os nomes, cargos ou fun\u00e7\u00f5es de todos os contratados e foi detectado que, apesar de o edital do concurso ter previsto um n\u00famero pequeno de vagas, apenas 391, h\u00e1 quase o triplo de pessoas, nessa condi\u00e7\u00e3o (contratos tempor\u00e1rios), exercendo as fun\u00e7\u00f5es em lugar dos legitimados. Isso foge totalmente da legalidade e sem falar que muitos tempor\u00e1rios foram contemplados j\u00e1 em 2021. Assim, o Minist\u00e9rio P\u00fablico, requer que seja cumprido o que determina a lei, que os verdadeiros merecedores assumam seus postos\u201d, afirma o promotor Rodrigo.<\/span><\/p>\n<p style=\"text-align: justify;\" data-raofz=\"14\"><span style=\"font-size: 14pt;\">Em resposta ao Minist\u00e9rio P\u00fablico, de acordo com o promotor de Justi\u00e7a, Rodrigo Soares, o Munic\u00edpio tentou justificar a contrata\u00e7\u00e3o tempor\u00e1ria de professores dando uma nova etiqueta ao cargo, qual seja, \u201cagentes do saber\u201d, no \u00e2mbito do projeto \u201cReconectando Saberes\u201d. No entanto, salienta o membro ministerial, \u201ctais profissionais v\u00eam exercendo as mesmas atribui\u00e7\u00f5es dos cargos de professor disponibilizados no certame, tratando-se, em verdade, de mais uma tentativa de burlar a regra do concurso p\u00fablico\u201d.<\/span><\/p>\n<p style=\"text-align: justify;\" data-raofz=\"14\"><span style=\"font-size: 14pt;\">Concurso<\/span><\/p>\n<p style=\"text-align: justify;\" data-raofz=\"14\"><span style=\"font-size: 14pt;\">O Munic\u00edpio de Teot\u00f4nio Vilela abriu concurso p\u00fablico para o provimento de in\u00fameros cargos dentro da Administra\u00e7\u00e3o, cujo resultado foi homologado em 31\/01\/2020, com o prazo de validade do certame de 1 (um) ano prorrogado em janeiro 2021, por meio de Decreto da Prefeita. Foram ofertadas no edital 391 (trezentas e noventa e uma) vagas, para 35 (trinta e cinco) cargos efetivos na Prefeitura.<\/span><\/p>\n<p style=\"text-align: justify;\" data-raofz=\"14\"><span style=\"font-size: 14pt;\">O Minist\u00e9rio P\u00fablico entrou em a\u00e7\u00e3o ap\u00f3s receber den\u00fancias por parte dos aprovados, informando que estariam ocorrendo contrata\u00e7\u00f5es de funcion\u00e1rios tempor\u00e1rios para fun\u00e7\u00f5es de car\u00e1ter definitivo.<\/span><\/p>\n","protected":false},"excerpt":{"rendered":"<p> [&hellip;]<\/p>\n","protected":false},"author":1,"featured_media":9842,"comment_status":"open","ping_status":"open","sticky":false,"template":"","format":"standard","meta":{"om_disable_all_campaigns":false,"_monsterinsights_skip_tracking":false,"_monsterinsights_sitenote_active":false,"_monsterinsights_sitenote_note":"","_monsterinsights_sitenote_category":0,"_uf_show_specific_survey":0,"_uf_disable_surveys":false,"footnotes":""},"categories":[2],"tags":[],"class_list":["post-9841","post","type-post","status-publish","format-standard","has-post-thumbnail","hentry","category-not_mpal"],"aioseo_notices":[],"_links":{"self":[{"href":"https:\/\/www.mpal.mp.br\/index.php?rest_route=\/wp\/v2\/posts\/9841","targetHints":{"allow":["GET"]}}],"collection":[{"href":"https:\/\/www.mpal.mp.br\/index.php?rest_route=\/wp\/v2\/posts"}],"about":[{"href":"https:\/\/www.mpal.mp.br\/index.php?rest_route=\/wp\/v2\/types\/post"}],"author":[{"embeddable":true,"href":"https:\/\/www.mpal.mp.br\/index.php?rest_route=\/wp\/v2\/users\/1"}],"replies":[{"embeddable":true,"href":"https:\/\/www.mpal.mp.br\/index.php?rest_route=%2Fwp%2Fv2%2Fcomments&post=9841"}],"version-history":[{"count":1,"href":"https:\/\/www.mpal.mp.br\/index.php?rest_route=\/wp\/v2\/posts\/9841\/revisions"}],"predecessor-version":[{"id":9843,"href":"https:\/\/www.mpal.mp.br\/index.php?rest_route=\/wp\/v2\/posts\/9841\/revisions\/9843"}],"wp:featuredmedia":[{"embeddable":true,"href":"https:\/\/www.mpal.mp.br\/index.php?rest_route=\/wp\/v2\/media\/9842"}],"wp:attachment":[{"href":"https:\/\/www.mpal.mp.br\/index.php?rest_route=%2Fwp%2Fv2%2Fmedia&parent=9841"}],"wp:term":[{"taxonomy":"category","embeddable":true,"href":"https:\/\/www.mpal.mp.br\/index.php?rest_route=%2Fwp%2Fv2%2Fcategories&post=9841"},{"taxonomy":"post_tag","embeddable":true,"href":"https:\/\/www.mpal.mp.br\/index.php?rest_route=%2Fwp%2Fv2%2Ftags&post=9841"}],"curies":[{"name":"wp","href":"https:\/\/api.w.org\/{rel}","templated":true}]}}