{"id":9836,"date":"2021-08-25T09:57:38","date_gmt":"2021-08-25T12:57:38","guid":{"rendered":"https:\/\/www.mpal.mp.br\/?p=9836"},"modified":"2022-06-20T09:57:56","modified_gmt":"2022-06-20T12:57:56","slug":"apos-conhecer-projeto-da-pm-em-sp-promotor-do-mpal-defende-uso-de-cameras-corporais-em-militares-alagoanos","status":"publish","type":"post","link":"https:\/\/www.mpal.mp.br\/?p=9836","title":{"rendered":"Ap\u00f3s conhecer projeto da PM em SP, promotor do MPAL defende uso de c\u00e2meras corporais em militares alagoanos"},"content":{"rendered":"<p style=\"text-align: justify;\" data-raofz=\"14\"><span style=\"font-size: 14pt;\" data-raofz=\"13\">Ap\u00f3s visita realizada em batalh\u00f5es da Pol\u00edcia Militar de S\u00e3o Paulo, o promotor de Justi\u00e7a Magno Alexandre Moura, que exerce a presid\u00eancia do Conselho Estadual de Defesa dos Direitos Humanos representando o Minist\u00e9rio P\u00fablico do Estado de Alagoas, refor\u00e7ou o seu posicionamento para que PMs alagoanos passem a fazer uso de c\u00e2meras corporais. Ele vai ratificar sua opini\u00e3o sobre o tema em nova reuni\u00e3o que ocorrer\u00e1 com a Secretaria de Seguran\u00e7a P\u00fablica de Alagoas, ocasi\u00e3o em que destacar\u00e1 os resultados positivos da experi\u00eancia paulista.<\/span><\/p>\n<p style=\"text-align: justify;\" data-raofz=\"14\"><span style=\"font-size: 14pt;\" data-raofz=\"13\">Magno Alexandre Moura esteve em S\u00e3o Paulo integrando a comitiva formada por representantes da Pol\u00edcia Militar de Alagoas, da Secretaria de Estado da Mulher e dos Direitos Humanos (Semudh) e da Secretaria de Estado da Ressocializa\u00e7\u00e3o e Inclus\u00e3o Social (Seris). As autoridades foram conhecer de perto a experi\u00eancia do projeto de c\u00e2meras corporais que atualmente est\u00e3o em uso em v\u00e1rios batalh\u00f5es da PM paulista. Os equipamentos permitem a grava\u00e7\u00e3o de imagens em tempo real das a\u00e7\u00f5es de cada membro da corpora\u00e7\u00e3o.<\/span><\/p>\n<p style=\"text-align: justify;\" data-raofz=\"14\"><span style=\"font-size: 14pt;\" data-raofz=\"13\">\u201cTivemos a oportunidade de acompanhar o funcionamento dessa metodologia e seus benef\u00edcios conquistados desde quando ela come\u00e7ou a ser executada. Se eu j\u00e1 tinha opini\u00e3o formada sobre o quanto essa forma de trabalho rende melhores resultados, ap\u00f3s a visita t\u00e9cnica, estou ainda mais convencido a respeito da sua efic\u00e1cia. Vou continuar defendendo junto aos dirigentes das for\u00e7as de seguran\u00e7a o uso das c\u00e2meras corporais pelos militares. Isso permite uma defesa mais justa no julgamento de conflitos ligados \u00e0s abordagens e diverg\u00eancias de discursos, assegurando os direitos individuais da popula\u00e7\u00e3o, do cidad\u00e3o abordado e do pr\u00f3prio policial, que ter\u00e1 a chance de demonstrar que os protocolos para a realiza\u00e7\u00e3o de opera\u00e7\u00e3o policial foram seguidos\u201d, alegou o promotor de Justi\u00e7a.<\/span><\/p>\n<p style=\"text-align: justify;\" data-raofz=\"14\"><span style=\"font-size: 14pt;\"><strong>A experi\u00eancia de SP<\/strong><\/span><\/p>\n<p style=\"text-align: justify;\" data-raofz=\"14\"><span style=\"font-size: 14pt;\" data-raofz=\"13\">De acordo com a Pol\u00edcia Militar de S\u00e3o Paulo, as c\u00e2meras corporais n\u00e3o podem ser desligadas pelos PMs e s\u00e3o controladas \u00e0 dist\u00e2ncia, com transmiss\u00e3o em tempo real. Por meio delas, os comandantes podem acompanhar as ocorr\u00eancias em diferentes regi\u00f5es do estado e o dia a dia de trabalho das equipes fica registrado, com as grava\u00e7\u00f5es sendo armazenadas em nuvem, e colocadas \u00e0 disposi\u00e7\u00e3o da Justi\u00e7a, casos solicitadas. As imagens tamb\u00e9m servem para aperfei\u00e7oamento do trabalho do policial militar, para as devidas orienta\u00e7\u00f5es por seus oficiais superiores que podem fazer observa\u00e7\u00f5es para o aperfei\u00e7oamento da t\u00e9cnica policial.<\/span><\/p>\n<p style=\"text-align: justify;\" data-raofz=\"14\"><span style=\"font-size: 14pt;\" data-raofz=\"13\">Depois da instala\u00e7\u00e3o dos equipamentos no uniforme dos militares, a letalidade nas a\u00e7\u00f5es da pol\u00edcia paulista caiu, pela primeira vez, para zero em junho deste ano em todos os 18 batalh\u00f5es em que as c\u00e2meras foram utilizadas.<\/span><\/p>\n","protected":false},"excerpt":{"rendered":"<p> [&hellip;]<\/p>\n","protected":false},"author":1,"featured_media":9839,"comment_status":"open","ping_status":"open","sticky":false,"template":"","format":"standard","meta":{"om_disable_all_campaigns":false,"_monsterinsights_skip_tracking":false,"_monsterinsights_sitenote_active":false,"_monsterinsights_sitenote_note":"","_monsterinsights_sitenote_category":0,"_uf_show_specific_survey":0,"_uf_disable_surveys":false,"footnotes":""},"categories":[2],"tags":[],"class_list":["post-9836","post","type-post","status-publish","format-standard","has-post-thumbnail","hentry","category-not_mpal"],"aioseo_notices":[],"_links":{"self":[{"href":"https:\/\/www.mpal.mp.br\/index.php?rest_route=\/wp\/v2\/posts\/9836","targetHints":{"allow":["GET"]}}],"collection":[{"href":"https:\/\/www.mpal.mp.br\/index.php?rest_route=\/wp\/v2\/posts"}],"about":[{"href":"https:\/\/www.mpal.mp.br\/index.php?rest_route=\/wp\/v2\/types\/post"}],"author":[{"embeddable":true,"href":"https:\/\/www.mpal.mp.br\/index.php?rest_route=\/wp\/v2\/users\/1"}],"replies":[{"embeddable":true,"href":"https:\/\/www.mpal.mp.br\/index.php?rest_route=%2Fwp%2Fv2%2Fcomments&post=9836"}],"version-history":[{"count":1,"href":"https:\/\/www.mpal.mp.br\/index.php?rest_route=\/wp\/v2\/posts\/9836\/revisions"}],"predecessor-version":[{"id":9840,"href":"https:\/\/www.mpal.mp.br\/index.php?rest_route=\/wp\/v2\/posts\/9836\/revisions\/9840"}],"wp:featuredmedia":[{"embeddable":true,"href":"https:\/\/www.mpal.mp.br\/index.php?rest_route=\/wp\/v2\/media\/9839"}],"wp:attachment":[{"href":"https:\/\/www.mpal.mp.br\/index.php?rest_route=%2Fwp%2Fv2%2Fmedia&parent=9836"}],"wp:term":[{"taxonomy":"category","embeddable":true,"href":"https:\/\/www.mpal.mp.br\/index.php?rest_route=%2Fwp%2Fv2%2Fcategories&post=9836"},{"taxonomy":"post_tag","embeddable":true,"href":"https:\/\/www.mpal.mp.br\/index.php?rest_route=%2Fwp%2Fv2%2Ftags&post=9836"}],"curies":[{"name":"wp","href":"https:\/\/api.w.org\/{rel}","templated":true}]}}