{"id":9833,"date":"2021-08-25T09:55:04","date_gmt":"2021-08-25T12:55:04","guid":{"rendered":"https:\/\/www.mpal.mp.br\/?p=9833"},"modified":"2022-06-20T09:55:14","modified_gmt":"2022-06-20T12:55:14","slug":"procurador-antonio-arecippo-se-despede-de-sessoes-na-camara-criminal-do-tjal","status":"publish","type":"post","link":"https:\/\/www.mpal.mp.br\/?p=9833","title":{"rendered":"Procurador Ant\u00f4nio Arecippo se despede de sess\u00f5es na C\u00e2mara Criminal do TJAL"},"content":{"rendered":"<p style=\"text-align: justify;\" data-raofz=\"14\"><span style=\"font-size: 14pt;\" data-raofz=\"13\">O procurador de Justi\u00e7a Ant\u00f4nio Arecippo de Barros Teixeira Neto participou, nesta quarta-feira (25), da sua \u00faltima sess\u00e3o na C\u00e2mara Criminal do Tribunal de Justi\u00e7a. Ao se despedir dos trabalhos como membro do Minist\u00e9rio P\u00fablico do Estado de Alagoas naquele colegiado, uma vez que se aposentar\u00e1 no pr\u00f3ximo dia 1, o procurador foi homenageado pelos desembargadores presentes e falou do orgulho em integrar os quadros do MPAL por mais de 44 anos.<\/span><\/p>\n<p style=\"text-align: justify;\" data-raofz=\"14\"><span style=\"font-size: 14pt;\" data-raofz=\"13\">Ao exercer as atribui\u00e7\u00f5es que lhe s\u00e3o conferidas na 2\u00aa Procuradoria de Justi\u00e7a Criminal, Ant\u00f4nio Arecippo se despediu da atua\u00e7\u00e3o como procurador manifestando-se em 12 processos que est\u00e3o em grau de recurso em 2\u00aa inst\u00e2ncia. Na sequ\u00eancia, ap\u00f3s o final da sess\u00e3o, ele foi homenageado pelos magistrados e agradeceu pelas palavras de reconhecimento. \u201cComecei minha carreira no Minist\u00e9rio P\u00fablico de Alagoas como adjunto de promotor ainda em 1970 e, desde ent\u00e3o, tenho trabalhado com dedica\u00e7\u00e3o e responsabilidade. Ajudar a promover justi\u00e7a \u00e9 algo que me realiza e enche de orgulho. Vou me aposentar, mas, naquilo que o MP precisar de mim, estarei sempre pronto a ajudar\u201d, disse ele.<\/span><\/p>\n<p style=\"text-align: justify;\" data-raofz=\"14\"><span style=\"font-size: 14pt;\" data-raofz=\"13\">O desembargador Sebasti\u00e3o Costa foi o primeiro a se manifestar. \u201cFoi uma grande honra t\u00ea-lo nesta C\u00e2mara Criminal. Seu conhecimento jur\u00eddico muito acrescentou \u00e0s nossas discuss\u00f5es na \u00e1rea penal\u201d, afirmou.<\/span><\/p>\n<p style=\"text-align: justify;\" data-raofz=\"14\"><span style=\"font-size: 14pt;\" data-raofz=\"13\">\u201cO procurador Arecippo sempre teve uma atua\u00e7\u00e3o de destaque, e eu ouso dizer que ser\u00e1 dif\u00edcil ao Minist\u00e9rio P\u00fablico substitu\u00ed-lo. Desde quando entrei neste colegiado, a sua forma de trabalho sempre teve o mesmo apetite jur\u00eddico na busca em fazer justi\u00e7a para todas as partes envolvidas em cada processo\u201d, declarou o desembargador Fernando Tourinho.<\/span><\/p>\n<p style=\"text-align: justify;\" data-raofz=\"14\"><span style=\"font-size: 14pt;\" data-raofz=\"13\">O presidente da C\u00e2mara Criminal, desembargador Jos\u00e9 Carlos Malta Marques, tamb\u00e9m elogiou o procurador de Justi\u00e7a. \u201cRatifico tudo o que foi dito pelos colegas magistrados e aproveito para agradecer todo o saber jur\u00eddico compartilhado pelo procurador Arecippo entre n\u00f3s\u201d, pontuou ele.<\/span><\/p>\n<p style=\"text-align: justify;\" data-raofz=\"14\"><span style=\"font-size: 14pt;\" data-raofz=\"13\"><strong>Hist\u00f3rico<\/strong><\/span><\/p>\n<p class=\"p1\" style=\"text-align: justify;\" data-raofz=\"14\"><span class=\"s1\" style=\"font-size: 14pt;\" data-raofz=\"13\">Ant\u00f4nio Arecippo de Barros Teixeira Neto ingressou na carreira do Minist\u00e9rio P\u00fablico do Estado de Alagoas ainda na condi\u00e7\u00e3o de promotor de Justi\u00e7a adjunto, em maio de 1970, tendo passado pelas comarcas de Major Izidoro, Coruripe, Quebrangulo e Palmeira dos \u00cdndios.<\/span><\/p>\n<p class=\"p1\" style=\"text-align: justify;\" data-raofz=\"14\"><span class=\"s1\" style=\"font-size: 14pt;\" data-raofz=\"13\">Ele assumiu o cargo de promotor em car\u00e1ter efetivo, ap\u00f3s ter sido aprovado no primeiro concurso feito pela pr\u00f3pria institui\u00e7\u00e3o, em 1973, tendo sido empossado em 12 de janeiro de 1977, no munic\u00edpio de Junqueiro. Desde ent\u00e3o, s\u00e3o 44 anos, seis meses e 29 dias de servi\u00e7os prestados ao MPAL. Ele se aposentar\u00e1 no dia 1 de setembro deste ano.<\/span><\/p>\n","protected":false},"excerpt":{"rendered":"<p> [&hellip;]<\/p>\n","protected":false},"author":1,"featured_media":9834,"comment_status":"open","ping_status":"open","sticky":false,"template":"","format":"standard","meta":{"om_disable_all_campaigns":false,"_monsterinsights_skip_tracking":false,"_monsterinsights_sitenote_active":false,"_monsterinsights_sitenote_note":"","_monsterinsights_sitenote_category":0,"_uf_show_specific_survey":0,"_uf_disable_surveys":false,"footnotes":""},"categories":[2],"tags":[],"class_list":["post-9833","post","type-post","status-publish","format-standard","has-post-thumbnail","hentry","category-not_mpal"],"aioseo_notices":[],"_links":{"self":[{"href":"https:\/\/www.mpal.mp.br\/index.php?rest_route=\/wp\/v2\/posts\/9833","targetHints":{"allow":["GET"]}}],"collection":[{"href":"https:\/\/www.mpal.mp.br\/index.php?rest_route=\/wp\/v2\/posts"}],"about":[{"href":"https:\/\/www.mpal.mp.br\/index.php?rest_route=\/wp\/v2\/types\/post"}],"author":[{"embeddable":true,"href":"https:\/\/www.mpal.mp.br\/index.php?rest_route=\/wp\/v2\/users\/1"}],"replies":[{"embeddable":true,"href":"https:\/\/www.mpal.mp.br\/index.php?rest_route=%2Fwp%2Fv2%2Fcomments&post=9833"}],"version-history":[{"count":1,"href":"https:\/\/www.mpal.mp.br\/index.php?rest_route=\/wp\/v2\/posts\/9833\/revisions"}],"predecessor-version":[{"id":9835,"href":"https:\/\/www.mpal.mp.br\/index.php?rest_route=\/wp\/v2\/posts\/9833\/revisions\/9835"}],"wp:featuredmedia":[{"embeddable":true,"href":"https:\/\/www.mpal.mp.br\/index.php?rest_route=\/wp\/v2\/media\/9834"}],"wp:attachment":[{"href":"https:\/\/www.mpal.mp.br\/index.php?rest_route=%2Fwp%2Fv2%2Fmedia&parent=9833"}],"wp:term":[{"taxonomy":"category","embeddable":true,"href":"https:\/\/www.mpal.mp.br\/index.php?rest_route=%2Fwp%2Fv2%2Fcategories&post=9833"},{"taxonomy":"post_tag","embeddable":true,"href":"https:\/\/www.mpal.mp.br\/index.php?rest_route=%2Fwp%2Fv2%2Ftags&post=9833"}],"curies":[{"name":"wp","href":"https:\/\/api.w.org\/{rel}","templated":true}]}}