{"id":9822,"date":"2021-08-26T09:47:34","date_gmt":"2021-08-26T12:47:34","guid":{"rendered":"https:\/\/www.mpal.mp.br\/?p=9822"},"modified":"2025-06-18T11:32:28","modified_gmt":"2025-06-18T14:32:28","slug":"ministerio-publico-empossa-dois-novos-servidores-aprovados-em-concurso-publico","status":"publish","type":"post","link":"https:\/\/www.mpal.mp.br\/?p=9822","title":{"rendered":"Minist\u00e9rio P\u00fablico empossa dois novos servidores aprovados em concurso p\u00fablico"},"content":{"rendered":"<p style=\"text-align: justify;\" align=\"justify\" data-raofz=\"14\"><span style=\"font-size: 14pt;\" data-raofz=\"13\">O Minist\u00e9rio P\u00fablico do Estado de Alagoas deu posse, nesta quinta-feira (26), a dois novos servidores, ambos aprovados dentro da cota de pessoas com defici\u00eancia, no concurso p\u00fablico realizado no segundo semestre de 2018. Eles ocupar\u00e3o fun\u00e7\u00f5es ligadas as \u00e1reas jur\u00eddica e administrativa e foram convocados para assumir as vagas que estavam em aberto em raz\u00e3o da exonera\u00e7\u00e3o de ex-funcion\u00e1rios do MPAL.\u00a0<\/span><\/p>\n<p style=\"text-align: justify;\" align=\"justify\" data-raofz=\"14\"><span style=\"font-size: 14pt;\" data-raofz=\"13\">Foram o subprocurador Administrativo Institucional do Minist\u00e9rio P\u00fablico, Valter Acioly, e o subprocurador judicial, S\u00e9rgio Juc\u00e1, quem deram a posse aos dois novos funcion\u00e1rios a casa. Kely de Andrade Fran\u00e7a Guimar\u00e3es e Rafael Cardoso foram nomeados para os cargos de analista jur\u00eddico e t\u00e9cnico do Minist\u00e9rio P\u00fablico de Alagoas e desempenhar\u00e3o as suas atividades nos munic\u00edpios de Macei\u00f3 e Delmiro Gouveia, respectivamente.<\/span><\/p>\n<p style=\"text-align: justify;\" align=\"justify\" data-raofz=\"14\"><span style=\"font-size: 14pt;\" data-raofz=\"13\">Ap\u00f3s empossar os rec\u00e9m servidores chegados ao MPAL, Valter Acioly desejou a eles boas-vindas e afirmou que cada um, dentro da sua atribui\u00e7\u00e3o, vai colaborar de forma consider\u00e1vel para que os trabalhos dentro da institui\u00e7\u00e3o sigam sendo desenvolvidos da melhor forma. \u201cN\u00f3s temos o or\u00e7amento mais enxuto dentre todos os MPs do Brasil. Mas, mesmo diante dessa dificuldade financeira, fizemos um grande esfor\u00e7o para nomear aquela quantidade prevista no edital. Eram tr\u00eas, vagas, mas, houve uma desist\u00eancia. Ent\u00e3o, estamos cumprindo rigorosamente o que estava previsto no concurso. E assim agimos porque temos a certeza de que voc\u00eas v\u00e3o fortalecer os setores onde desempenhar\u00e3o suas fun\u00e7\u00f5es\u201d, disse o subprocurador Administrativo Institucional.<\/span><\/p>\n<p style=\"text-align: justify;\" align=\"justify\" data-raofz=\"14\"><span style=\"font-size: 14pt;\" data-raofz=\"13\">De Bras\u00edlia, de onde participa da reuni\u00e3o do Conselho Nacional de Procuradores-Gerais do Minist\u00e9rio P\u00fablico dos Estados e da Uni\u00e3o (CNPG), o procurador-geral de Justi\u00e7a de Alagoas, M\u00e1rcio Roberto Ten\u00f3rio de Albuquerque, tamb\u00e9m falou da alegria em receber os novos servidores. \u201cQuero dizer que todos s\u00e3o muito bem-vindos ao nosso MPAL e que estamos bastante felizes em receb\u00ea-los. No cen\u00e1rio atual, passar num concurso p\u00fablico \u00e9 uma conquista louv\u00e1vel, por isso, voc\u00eas est\u00e3o de parab\u00e9ns. Sejam felizes aqui na nossa Casa\u201d, afirmou o chefe do Minist\u00e9rio P\u00fablico.<\/span><\/p>\n<p style=\"text-align: justify;\" align=\"justify\" data-raofz=\"14\"><span style=\"font-size: 14pt;\" data-raofz=\"13\">A solenidade de posse foi prestigiada pelo servidor Victor Marinho, da Diretoria de Pessoal, e por familiares dos dois empossados.<\/span><\/p>\n","protected":false},"excerpt":{"rendered":"<p> [&hellip;]<\/p>\n","protected":false},"author":1,"featured_media":9825,"comment_status":"closed","ping_status":"closed","sticky":false,"template":"","format":"standard","meta":{"om_disable_all_campaigns":false,"_monsterinsights_skip_tracking":false,"_monsterinsights_sitenote_active":false,"_monsterinsights_sitenote_note":"","_monsterinsights_sitenote_category":0,"_uf_show_specific_survey":0,"_uf_disable_surveys":false,"footnotes":""},"categories":[18],"tags":[],"class_list":["post-9822","post","type-post","status-publish","format-standard","has-post-thumbnail","hentry","category-not_concursos"],"aioseo_notices":[],"_links":{"self":[{"href":"https:\/\/www.mpal.mp.br\/index.php?rest_route=\/wp\/v2\/posts\/9822","targetHints":{"allow":["GET"]}}],"collection":[{"href":"https:\/\/www.mpal.mp.br\/index.php?rest_route=\/wp\/v2\/posts"}],"about":[{"href":"https:\/\/www.mpal.mp.br\/index.php?rest_route=\/wp\/v2\/types\/post"}],"author":[{"embeddable":true,"href":"https:\/\/www.mpal.mp.br\/index.php?rest_route=\/wp\/v2\/users\/1"}],"replies":[{"embeddable":true,"href":"https:\/\/www.mpal.mp.br\/index.php?rest_route=%2Fwp%2Fv2%2Fcomments&post=9822"}],"version-history":[{"count":1,"href":"https:\/\/www.mpal.mp.br\/index.php?rest_route=\/wp\/v2\/posts\/9822\/revisions"}],"predecessor-version":[{"id":9826,"href":"https:\/\/www.mpal.mp.br\/index.php?rest_route=\/wp\/v2\/posts\/9822\/revisions\/9826"}],"wp:featuredmedia":[{"embeddable":true,"href":"https:\/\/www.mpal.mp.br\/index.php?rest_route=\/wp\/v2\/media\/9825"}],"wp:attachment":[{"href":"https:\/\/www.mpal.mp.br\/index.php?rest_route=%2Fwp%2Fv2%2Fmedia&parent=9822"}],"wp:term":[{"taxonomy":"category","embeddable":true,"href":"https:\/\/www.mpal.mp.br\/index.php?rest_route=%2Fwp%2Fv2%2Fcategories&post=9822"},{"taxonomy":"post_tag","embeddable":true,"href":"https:\/\/www.mpal.mp.br\/index.php?rest_route=%2Fwp%2Fv2%2Ftags&post=9822"}],"curies":[{"name":"wp","href":"https:\/\/api.w.org\/{rel}","templated":true}]}}