{"id":9813,"date":"2021-08-31T09:38:07","date_gmt":"2021-08-31T12:38:07","guid":{"rendered":"https:\/\/www.mpal.mp.br\/?p=9813"},"modified":"2022-06-20T09:38:24","modified_gmt":"2022-06-20T12:38:24","slug":"procurador-de-justica-antonio-arecippo-recebe-homenagem-durante-sessao-do-colegio-de-procuradores-ele-deixa-o-mpal-em-funcao-de-sua-aposentadoria","status":"publish","type":"post","link":"https:\/\/www.mpal.mp.br\/?p=9813","title":{"rendered":"Procurador de Justi\u00e7a Ant\u00f4nio Arecippo recebe homenagem durante sess\u00e3o do Col\u00e9gio de Procuradores; ele deixa o MPAL em fun\u00e7\u00e3o de sua aposentadoria"},"content":{"rendered":"<p class=\"p1\" style=\"text-align: justify;\" data-raofz=\"14\"><span class=\"s1\" style=\"font-size: 14pt;\" data-raofz=\"13\">A sess\u00e3o do Col\u00e9gio de Procuradores do Minist\u00e9rio P\u00fablico Estadual de Alagoas (MPAL) foi especial nesta ter\u00e7a-feira (31). Durante os trabalhos, o procurador de Justi\u00e7a Ant\u00f4nio Arecippo de Barros Teixeira Neto foi homenageado em fun\u00e7\u00e3o da sua aposentadoria. Ele deixar\u00e1 a Procuradoria-Geral de Justi\u00e7a, a partir de setembro, ap\u00f3s 44 anos dedicados \u00e0 institui\u00e7\u00e3o.<\/span><\/p>\n<p class=\"p1\" style=\"text-align: justify;\" data-raofz=\"14\"><span class=\"s1\" style=\"font-size: 14pt;\" data-raofz=\"13\">Durante a solenidade, Ant\u00f4nio Arecippo recebeu duas placas de homenagens como agradecimento pelo trabalho prestado como integrante da carreira do Minist\u00e9rio P\u00fablico. \u201cO Col\u00e9gio de Procuradores de Justi\u00e7a, por unanimidade, a partir de proposta do seu presidente, procurador de Justi\u00e7a M\u00e1rcio Roberto Ten\u00f3rio de Albuquerque, presta esta merecida homenagem em reconhecimento por sua valorosa contribui\u00e7\u00e3o ao Minist\u00e9rio P\u00fablico do Estado de Alagoas, que teve a honra de receber 44 anos da sua mais completa dedica\u00e7\u00e3o profissional. A institui\u00e7\u00e3o agradece, em nome da sociedade alagoana, pelos relevantes servi\u00e7os prestados. N\u00f3s, membros deste Colegiado, como colegas, n\u00e3o poder\u00edamos deixar de dar testemunho da retid\u00e3o do seu car\u00e1ter e da magnitude de sua dignidade, que continuar\u00e3o a servir de exemplo aos que fazem o Minist\u00e9rio P\u00fablico do Estado de Alagoas\u201d, \u00e9 o texto contido no presente.<\/span><\/p>\n<p class=\"p1\" style=\"text-align: justify;\" data-raofz=\"14\"><span class=\"s1\" style=\"font-size: 14pt;\" data-raofz=\"13\">A segunda placa foi entregue pelos servidores do gabinete do procurador: \u201cRendemos nossas justas homenagens ao excelent\u00edssimo procurador de Justi\u00e7a criminal, dr. Ant\u00f4nio Arecippo Neto, tanto pelos valiosos aprendizados no \u00e2mbito jur\u00eddico, bem como pelos ensinamentos e valores de honradez e dignidade que sempre passou a todos que tiveram o privil\u00e9gio do seu conv\u00edvio di\u00e1rio\u201d, \u00e9 o que diz a homenagem.<\/span><\/p>\n<p class=\"p1\" style=\"text-align: justify;\" data-raofz=\"14\"><span class=\"s1\" style=\"font-size: 14pt;\" data-raofz=\"13\">Ao se referir ao colega que ora deixa o cargo, o chefe do MPAL, M\u00e1rcio Roberto Ten\u00f3rio de Albuquerque, fez elogios ao colega e o agradeceu por toda dedica\u00e7\u00e3o \u00e0 institui\u00e7\u00e3o. \u201cAnt\u00f4nio Arecippo, nosso decano, est\u00e1 deixando um grande legado de trabalho, comprometimento, dedica\u00e7\u00e3o e compet\u00eancia ao nosso Minist\u00e9rio P\u00fablico. E tamb\u00e9m de respeito e lealdade para com os seus pares, procuradores e promotores de Justi\u00e7a. \u00c9 um procurador de Justi\u00e7a que far\u00e1 falta no dia a dia e nas discuss\u00f5es jur\u00eddicas dentro deste Col\u00e9gio. Mas, a sua aposentadoria n\u00e3o ir\u00e1 afast\u00e1-lo de n\u00f3s, afinal, as portas do Minist\u00e9rio P\u00fablico estar\u00e3o sempre abertas para um membro de tanta honradez e saber jur\u00eddico\u201d, discursou o<span class=\"Apple-converted-space\" data-raofz=\"13\">\u00a0\u00a0<\/span>procurador-geral de Justi\u00e7a.<\/span><\/p>\n<p class=\"p1\" style=\"text-align: justify;\" data-raofz=\"14\"><span class=\"s1\" style=\"font-size: 14pt;\" data-raofz=\"13\">E as homenagens e os agradecimentos continuaram. \u201cSempre vamos ter a oportunidade de apresentar Ant\u00f4nio Arecippo aos nossos novos colegas, mostrando o exemplo que o senhor foi, ainda \u00e9 e sempre ser\u00e1. Fico feliz pela conclus\u00e3o dessa etapa em sua vida e pela forma em que trabalhou esse tempo todo. Felicidades \u00e9 o que lhe desejo\u201d, disse o subprocurador administrativo institucional do MPAL, Valter Acioly.<\/span><\/p>\n<p class=\"p1\" style=\"text-align: justify;\" data-raofz=\"14\"><span class=\"s1\" style=\"font-size: 14pt;\" data-raofz=\"13\">\u201cDesejo, em nome da Corregedoria, que em sua aposentadoria o senhor tenha uma vida mais tranquila, mas que n\u00e3o nos deixe, pois sua presen\u00e7a far\u00e1 muita falta. Tamb\u00e9m quero parabeniz\u00e1-lo pela carreira trilhada e pelos m\u00e9ritos conquistados. Vossa excel\u00eancia ficar\u00e1 marcado pela gentileza, gestos de cortesia e maneira pr\u00f3pria de saber tratar e respeitar os colegas\u201d, afirmou o corregedor-geral, Walber Jos\u00e9 Valente de Lima.<\/span><\/p>\n<p class=\"p1\" style=\"text-align: justify;\" data-raofz=\"14\"><span class=\"s1\" style=\"font-size: 14pt;\" data-raofz=\"13\">O ouvidor do MPAL igualmente se pronunciou: \u201c\u00c9 evidente que nesses meus 33 anos convivendo com algu\u00e9m que tem 44 anos de Minist\u00e9rio P\u00fablico, eu pude acompanhar e aprender com os seus ensinamentos. E uma das li\u00e7\u00f5es que ficam \u00e9 sobre a import\u00e2ncia da constru\u00e7\u00e3o das rela\u00e7\u00f5es interpessoais, que se consolidam a partir do momento que a gente tem converg\u00eancia de objetivos. O senhor, que agora est\u00e1 sendo homenageado, n\u00e3o somente transformou internamente esta institui\u00e7\u00e3o, mas, contribuiu de forma expressiva para altera\u00e7\u00e3o da realidade da sociedade alagoana\u201d, declarou Lean Ara\u00fajo.<\/span><\/p>\n<p class=\"p1\" style=\"text-align: justify;\" data-raofz=\"14\"><span class=\"s1\" style=\"font-size: 14pt;\" data-raofz=\"13\">As homenagens seguiram com o procurador de Justi\u00e7a Anti\u00f3genes Marques de Lira: \u201c\u00c9 uma satisfa\u00e7\u00e3o e honra t\u00ea-lo como amigo e, a partir de agora, substitu\u00ed-lo, todas as quartas-feiras na C\u00e2mara Criminal. Vai ser um trabalho dif\u00edcil, pois pouca gente tem a sua capacidade, o seu discernimento e o seu prazer pelo trabalho de desenvolver e distribuir Justi\u00e7a\u201d, pontuou.<\/span><\/p>\n<p class=\"p1\" style=\"text-align: justify;\" data-raofz=\"14\"><span class=\"s1\" style=\"font-size: 14pt;\" data-raofz=\"13\">\u00danica mulher dentro do Colegiado, a procuradora Denise Guimar\u00e3es tamb\u00e9m ressaltou as qualidades do colega. \u201cN\u00f3s estamos vivendo hoje uma data importante que \u00e9 alegre e triste ao mesmo tempo. E quando eu me refiro a tristeza \u00e9 porque n\u00e3o teremos mais o procurador Arecippo na nossa rotina di\u00e1ria. Quero lhe dizer que o senhor vai fazer muita falta entre n\u00f3s e tenha a certeza que a sua hist\u00f3ria se confunde com a<span class=\"Apple-converted-space\" data-raofz=\"13\">\u00a0\u00a0<\/span>do Minist\u00e9rio P\u00fablico. \u00c9 uma trajet\u00f3ria profissional marcada pela resolutividade e proatividade\u201d. Os procuradores de Justi\u00e7a Eduardo Tavares, Marcos M\u00e9ro e Maur\u00edcio Pitta, o promotor de Justi\u00e7a e presidente da Ampal, Roberto Salom\u00e3o, al\u00e9m de Aderbal Arecippo, filho do procurador, tamb\u00e9m prestaram suas homenagens.<\/span><\/p>\n<p class=\"p1\" style=\"text-align: justify;\" data-raofz=\"14\"><span class=\"s1\" style=\"font-size: 14pt;\" data-raofz=\"13\">O momento foi finalizado com as palavras de agradecimento do homenageado. \u201cEu tenho muito orgulho da minha trajet\u00f3ria dentro do Minist\u00e9rio P\u00fablico, iniciada quando eu ainda era adjunto de promotor de Justi\u00e7a. Aqui dentro eu fiz de tudo, fui promotor, procurador-geral em exerc\u00edcio, corregedor, ouvidor e diretor do Centro de Apoio Operacional. Inclusive, foi nessa \u00faltima fun\u00e7\u00e3o que desenvolvi alguns trabalhos que muito me marcaram: fizemos as tratativas para a cria\u00e7\u00e3o dos conselhos de direito, para a implanta\u00e7\u00e3o dos elevadores hidr\u00e1ulicos nos \u00f4nibus e para a constru\u00e7\u00e3o das rampas de acesso a cadeirantes nas cal\u00e7adas\u201d, lembrou que ele.<\/span><\/p>\n<p class=\"p1\" style=\"text-align: justify;\" data-raofz=\"14\"><span class=\"s1\" style=\"font-size: 14pt;\" data-raofz=\"13\">\u201cQuero tamb\u00e9m dizer que sempre tive vontade de aprender e nunca me envergonhei de pedir ajuda. Quando eu tive minhas d\u00favidas jur\u00eddicas sobre determinados casos, por diversas vezes procurei os gabinetes de colegas procuradores para debater aqueles temas. Isso foi enriquecedor pra mim. O conhecimento deve ser algo a ser perseguido sempre por n\u00f3s. Por fim, quero agradecer a minha fam\u00edlia, que sempre me apoiou, a chefia da institui\u00e7\u00e3o e a cada membro, servidor, colaborador e estagi\u00e1rio. Minha gratid\u00e3o ao Minist\u00e9rio P\u00fablico de Alagoas\u201d, concluiu Ant\u00f4nio Arecippo.<\/span><\/p>\n<p class=\"p1\" style=\"text-align: justify;\" data-raofz=\"14\"><span style=\"font-size: 14pt;\" data-raofz=\"13\"><strong><span class=\"s1\" data-raofz=\"13\">Hist\u00f3rico<\/span><\/strong><\/span><\/p>\n<p class=\"p1\" style=\"text-align: justify;\" data-raofz=\"14\"><span class=\"s1\" style=\"font-size: 14pt;\" data-raofz=\"13\">Ant\u00f4nio Arecippo de Barros Teixeira Neto ingressou na carreira do Minist\u00e9rio P\u00fablico do Estado de Alagoas ainda na condi\u00e7\u00e3o de promotor de Justi\u00e7a adjunto, em maio de 1970, tendo passado pelas comarcas de Major Izidoro, Coruripe, Quebrangulo e Palmeira dos \u00cdndios.<\/span><\/p>\n<p class=\"p1\" style=\"text-align: justify;\" data-raofz=\"14\"><span class=\"s1\" style=\"font-size: 14pt;\" data-raofz=\"14\">Ele assumiu o cargo de promotor em car\u00e1ter efetivo, ap\u00f3s ter sido aprovado no primeiro concurso feito pela pr\u00f3pria institui\u00e7\u00e3o, em 1973, tendo sido empossado em 12 de janeiro de 1977, no munic\u00edpio de Junqueiro. Passou ainda por promotorias de Justi\u00e7a c\u00edveis e criminais da capital, al\u00e9m de ter voltado \u00e0 comarca de Palmeira dos \u00cdndios. Ascendeu ao cargo de procurador de Justi\u00e7a em maio de 1987, pelo crit\u00e9rio de merecimento. Ao todo, s\u00e3o 44 anos, seis meses e 29 dias de servi\u00e7os prestados ao MPAL. Ele se aposentar\u00e1 no dia 1 de setembro deste ano.<\/span><\/p>\n","protected":false},"excerpt":{"rendered":"<p> [&hellip;]<\/p>\n","protected":false},"author":1,"featured_media":9814,"comment_status":"open","ping_status":"open","sticky":false,"template":"","format":"standard","meta":{"om_disable_all_campaigns":false,"_monsterinsights_skip_tracking":false,"_monsterinsights_sitenote_active":false,"_monsterinsights_sitenote_note":"","_monsterinsights_sitenote_category":0,"_uf_show_specific_survey":0,"_uf_disable_surveys":false,"footnotes":""},"categories":[2],"tags":[],"class_list":["post-9813","post","type-post","status-publish","format-standard","has-post-thumbnail","hentry","category-not_mpal"],"aioseo_notices":[],"_links":{"self":[{"href":"https:\/\/www.mpal.mp.br\/index.php?rest_route=\/wp\/v2\/posts\/9813","targetHints":{"allow":["GET"]}}],"collection":[{"href":"https:\/\/www.mpal.mp.br\/index.php?rest_route=\/wp\/v2\/posts"}],"about":[{"href":"https:\/\/www.mpal.mp.br\/index.php?rest_route=\/wp\/v2\/types\/post"}],"author":[{"embeddable":true,"href":"https:\/\/www.mpal.mp.br\/index.php?rest_route=\/wp\/v2\/users\/1"}],"replies":[{"embeddable":true,"href":"https:\/\/www.mpal.mp.br\/index.php?rest_route=%2Fwp%2Fv2%2Fcomments&post=9813"}],"version-history":[{"count":1,"href":"https:\/\/www.mpal.mp.br\/index.php?rest_route=\/wp\/v2\/posts\/9813\/revisions"}],"predecessor-version":[{"id":9815,"href":"https:\/\/www.mpal.mp.br\/index.php?rest_route=\/wp\/v2\/posts\/9813\/revisions\/9815"}],"wp:featuredmedia":[{"embeddable":true,"href":"https:\/\/www.mpal.mp.br\/index.php?rest_route=\/wp\/v2\/media\/9814"}],"wp:attachment":[{"href":"https:\/\/www.mpal.mp.br\/index.php?rest_route=%2Fwp%2Fv2%2Fmedia&parent=9813"}],"wp:term":[{"taxonomy":"category","embeddable":true,"href":"https:\/\/www.mpal.mp.br\/index.php?rest_route=%2Fwp%2Fv2%2Fcategories&post=9813"},{"taxonomy":"post_tag","embeddable":true,"href":"https:\/\/www.mpal.mp.br\/index.php?rest_route=%2Fwp%2Fv2%2Ftags&post=9813"}],"curies":[{"name":"wp","href":"https:\/\/api.w.org\/{rel}","templated":true}]}}