{"id":9796,"date":"2020-01-03T08:44:17","date_gmt":"2020-01-03T11:44:17","guid":{"rendered":"https:\/\/www.mpal.mp.br\/?p=9796"},"modified":"2023-12-06T13:49:50","modified_gmt":"2023-12-06T16:49:50","slug":"nota-publica-sobre-o-caso-braskem","status":"publish","type":"post","link":"https:\/\/www.mpal.mp.br\/?p=9796","title":{"rendered":"NOTA P\u00daBLICA SOBRE O CASO BRASKEM"},"content":{"rendered":"<p style=\"text-align: justify;\" data-raofz=\"14\"><span style=\"font-size: 14pt;\">Os Minist\u00e9rios P\u00fablicos Estadual e Federal e as Defensorias P\u00fablicas do Estado de Alagoas e da Uni\u00e3o entendendo que a situa\u00e7\u00e3o dos bairros Pinheiro, Mutange, Bebedouro e Bom Parto, todos em Macei\u00f3 (AL), precisa de medidas urgentes para realoca\u00e7\u00e3o das v\u00edtimas nas \u00e1reas j\u00e1 apontadas como de maior risco para a popula\u00e7\u00e3o, firmaram com a Braskem S.A um termo de acordo que visa, primordialmente, resguardar a vida dos moradores dos locais mais cr\u00edticos \u2013 para al\u00e9m da \u00e1rea de resguardo \u2013 e a sua compensa\u00e7\u00e3o financeira em face da desocupa\u00e7\u00e3o dos im\u00f3veis.<\/span><\/p>\n<p style=\"text-align: justify;\" data-raofz=\"14\"><span style=\"font-size: 14pt;\">O Termo de Acordo para Apoio na Desocupa\u00e7\u00e3o das \u00c1reas de Risco estabelece as a\u00e7\u00f5es cooperativas para a desocupa\u00e7\u00e3o das \u00e1reas localizadas nos bairros Pinheiro, Mutange, Bebedouro e Bom Parto, apontadas como de maior risco pelas Defesas Civis Nacional e Municipal e pelo Servi\u00e7o Geol\u00f3gico do Brasil\/CPRM no Mapa de Setoriza\u00e7\u00e3o de Danos e de Linhas de A\u00e7\u00f5es Priorit\u00e1rias (Mapa de Risco).<\/span><\/p>\n<p style=\"text-align: justify;\" data-raofz=\"14\"><span style=\"font-size: 14pt;\">Preventivamente, as institui\u00e7\u00f5es pactuaram com a Braskem S.A, dentre outras obriga\u00e7\u00f5es j\u00e1 acordadas, que financie e forne\u00e7a os recursos materiais estabelecidos no j\u00e1 referido termo para apoiar as a\u00e7\u00f5es de desocupa\u00e7\u00e3o das \u00e1reas mais cr\u00edticas. Esses moradores ser\u00e3o inclu\u00eddos no Programa de Apoio \u00e0 Realoca\u00e7\u00e3o e Compensa\u00e7\u00e3o Financeira, iniciado pela petroqu\u00edmica, o qual contempla aux\u00edlio aluguel, aux\u00edlio mudan\u00e7a e pagamento de danos materiais e morais.<\/span><\/p>\n<p style=\"text-align: justify;\" data-raofz=\"14\"><span style=\"font-size: 14pt;\">A celebra\u00e7\u00e3o deste Termo de Acordo para Apoio na Desocupa\u00e7\u00e3o das \u00c1reas de Risco dever\u00e1 beneficiar cerca de 17 mil pessoas, ocupantes de, aproximadamente, quatro mil e quinhentas casas.<\/span><\/p>\n<p style=\"text-align: justify;\" data-raofz=\"14\"><span style=\"font-size: 14pt;\">O cronograma de atendimento aos moradores ser\u00e1 estabelecido em comum acordo entre a Braskem e as institui\u00e7\u00f5es autoras da a\u00e7\u00e3o civil p\u00fablica, considerando as \u00e1reas mais cr\u00edticas apontadas pelos \u00f3rg\u00e3os t\u00e9cnicos. O referido cronograma ser\u00e1 amplamente divulgado.<\/span><\/p>\n<p style=\"text-align: justify;\" data-raofz=\"14\"><span style=\"font-size: 14pt;\">Vale destacar que, segundo a cl\u00e1usula 55\u00aa, o acordo n\u00e3o vincula e n\u00e3o gera obriga\u00e7\u00f5es para as v\u00edtimas que n\u00e3o concordarem com as propostas da Braskem S.A., estando elas livres para adotarem as medidas que entenderem pertinentes.<\/span><\/p>\n<p style=\"text-align: justify;\" data-raofz=\"14\"><span style=\"font-size: 14pt;\">Consta ainda, no termo, a obriga\u00e7\u00e3o da abertura de uma conta, por parte da Braskem S.A., cujo valor m\u00ednimo inicialmente a ser depositado \u00e9 de R$ 1,7 bilh\u00e3o para cobrir as despesas. Caso esse valor n\u00e3o seja suficiente para arcar com todas as obriga\u00e7\u00f5es assumidas, a empresa dever\u00e1 fazer aportes financeiros que garantam, no m\u00ednimo, um saldo de R$ 100 milh\u00f5es at\u00e9 que todos os atingidos das \u00e1reas delimitadas no referido acordo sejam contemplados.<\/span><\/p>\n<p style=\"text-align: justify;\" data-raofz=\"14\"><span style=\"font-size: 14pt;\">O Termo de Acordo para Apoio na Desocupa\u00e7\u00e3o das \u00c1reas de Risco foi protocolado, nesta sexta-feira (3), \u00e0 Justi\u00e7a Federal, na a\u00e7\u00e3o civil p\u00fablica indenizat\u00f3ria j\u00e1 ajuizada anteriormente.<\/span><\/p>\n<p style=\"text-align: justify;\" data-raofz=\"14\"><span style=\"font-size: 14pt;\">Todas as institui\u00e7\u00f5es acompanhar\u00e3o atentamente a execu\u00e7\u00e3o do Termo de Acordo e, em breve, realizar\u00e3o uma audi\u00eancia p\u00fablica para detalhar tudo o que ficou consignado no documento formalizado.<\/span><\/p>\n<p style=\"text-align: justify;\" data-raofz=\"14\">\n<p style=\"text-align: justify;\" data-raofz=\"14\"><span style=\"font-size: 14pt;\">Minist\u00e9rio P\u00fablico do Estado de Alagoas<\/span><br \/>\n<span style=\"font-size: 14pt;\">Minist\u00e9rio P\u00fablico Federal em Alagoas<\/span><\/p>\n<p style=\"text-align: justify;\" data-raofz=\"14\"><span style=\"font-size: 14pt;\">Defensoria P\u00fablica do Estado de Alagoas<\/span><\/p>\n<p style=\"text-align: justify;\" data-raofz=\"14\"><span style=\"font-size: 14pt;\">Defensoria P\u00fablica da Uni\u00e3o<\/span><\/p>\n<p style=\"text-align: justify;\" data-raofz=\"14\">\n<p style=\"text-align: justify;\" data-raofz=\"14\"><span style=\"font-size: 14pt;\">P.S. Pelo MPAL, assinaram o acordo o procurador-geral de justi\u00e7a, Alfredo Gaspar de Mendon\u00e7a Neto, o diretor do Centro de Apoio Operacional \u00e0s Promotorias de Justi\u00e7a da Capital, Jos\u00e9 Ant\u00f4nio Malta Marques, o promotor de justi\u00e7a de Urbanismo, Jorge D\u00f3rea, o promotor de justi\u00e7a de Defesa do Consumidor, Max Martins, o promotor de justi\u00e7a de Defesa dos Direitos Humanos, Jomar Amorim, e o promotor da Assessoria T\u00e9cnica da Procuradoria-Geral de Justi\u00e7a, Vicente Porci\u00fancula.\u00a0<\/span><\/p>\n","protected":false},"excerpt":{"rendered":"<p> [&hellip;]<\/p>\n","protected":false},"author":5,"featured_media":9797,"comment_status":"closed","ping_status":"closed","sticky":false,"template":"","format":"standard","meta":{"om_disable_all_campaigns":false,"_monsterinsights_skip_tracking":false,"_monsterinsights_sitenote_active":false,"_monsterinsights_sitenote_note":"","_monsterinsights_sitenote_category":0,"_uf_show_specific_survey":0,"_uf_disable_surveys":false,"footnotes":""},"categories":[56,2],"tags":[],"class_list":["post-9796","post","type-post","status-publish","format-standard","has-post-thumbnail","hentry","category-not_braskem","category-not_mpal"],"aioseo_notices":[],"_links":{"self":[{"href":"https:\/\/www.mpal.mp.br\/index.php?rest_route=\/wp\/v2\/posts\/9796","targetHints":{"allow":["GET"]}}],"collection":[{"href":"https:\/\/www.mpal.mp.br\/index.php?rest_route=\/wp\/v2\/posts"}],"about":[{"href":"https:\/\/www.mpal.mp.br\/index.php?rest_route=\/wp\/v2\/types\/post"}],"author":[{"embeddable":true,"href":"https:\/\/www.mpal.mp.br\/index.php?rest_route=\/wp\/v2\/users\/5"}],"replies":[{"embeddable":true,"href":"https:\/\/www.mpal.mp.br\/index.php?rest_route=%2Fwp%2Fv2%2Fcomments&post=9796"}],"version-history":[{"count":1,"href":"https:\/\/www.mpal.mp.br\/index.php?rest_route=\/wp\/v2\/posts\/9796\/revisions"}],"predecessor-version":[{"id":9798,"href":"https:\/\/www.mpal.mp.br\/index.php?rest_route=\/wp\/v2\/posts\/9796\/revisions\/9798"}],"wp:featuredmedia":[{"embeddable":true,"href":"https:\/\/www.mpal.mp.br\/index.php?rest_route=\/wp\/v2\/media\/9797"}],"wp:attachment":[{"href":"https:\/\/www.mpal.mp.br\/index.php?rest_route=%2Fwp%2Fv2%2Fmedia&parent=9796"}],"wp:term":[{"taxonomy":"category","embeddable":true,"href":"https:\/\/www.mpal.mp.br\/index.php?rest_route=%2Fwp%2Fv2%2Fcategories&post=9796"},{"taxonomy":"post_tag","embeddable":true,"href":"https:\/\/www.mpal.mp.br\/index.php?rest_route=%2Fwp%2Fv2%2Ftags&post=9796"}],"curies":[{"name":"wp","href":"https:\/\/api.w.org\/{rel}","templated":true}]}}