{"id":9761,"date":"2019-01-22T09:56:03","date_gmt":"2019-01-22T11:56:03","guid":{"rendered":"https:\/\/www.mpal.mp.br\/?p=9761"},"modified":"2023-12-06T13:51:18","modified_gmt":"2023-12-06T16:51:18","slug":"ministerio-publico-estadual-vai-pedir-a-suspensao-da-licenca-de-pocos-da-braskem-localizados-no-bairro-do-pinheiro","status":"publish","type":"post","link":"https:\/\/www.mpal.mp.br\/?p=9761","title":{"rendered":"Minist\u00e9rio P\u00fablico Estadual vai pedir a suspens\u00e3o da licen\u00e7a de po\u00e7os da Braskem localizados no bairro do Pinheiro"},"content":{"rendered":"<p style=\"text-align: justify;\" align=\"justify\" data-raofz=\"14\"><span style=\"font-size: 14pt;\">O Minist\u00e9rio P\u00fablico Estadual de Alagoas (MPE\/AL) vai pedir a suspens\u00e3o das licen\u00e7as ambientais de po\u00e7os da Braskem localizados no bairro do Pinheiro. O requerimento ser\u00e1 feito pelo procurador-geral de justi\u00e7a, Alfredo Gaspar de Mendon\u00e7a Neto, diretamente ao governador do Estado, Renan Filho, de modo que o chefe do Poder Executivo determine que o Instituto do Meio Ambiente (IMA) casse, de forma tempor\u00e1ria, essas licen\u00e7as at\u00e9 que um estudo definitivo sobre a causa das rachaduras nas ruas e resid\u00eancias daquele bairro seja elaborado. Essa decis\u00e3o foi tomada em reuni\u00e3o que ocorreu na tarde desta ter\u00e7a-feira (22), no pr\u00e9dio-sede da institui\u00e7\u00e3o.<\/span><\/p>\n<p style=\"text-align: justify;\" align=\"justify\" data-raofz=\"14\"><span style=\"font-size: 14pt;\">O pedido do MPE\/AL ser\u00e1 para que as licen\u00e7as de quatro po\u00e7os sejam suspensas. \u201cEstamos diante de um problema grave, que est\u00e1 desalojando fam\u00edlias inteiras e pondo em risco a vida de uma grande quantidade de pessoas. Mesmo com a explica\u00e7\u00e3o da Braskem de que os quatro po\u00e7os licenciados est\u00e3o com suas atividades paralisadas, entendo que n\u00e3o cabe a empresa decidir quando deve voltar ou n\u00e3o a explorar o solo naquela regi\u00e3o. Essa \u00e9 uma decis\u00e3o que, neste momento, cabe ao Estado, uma vez que estamos diante de um iminente risco de desastres. Ent\u00e3o, vamos fazer esse pedido porque estamos agindo preventivamente\u201d, explicou Alfredo Gaspar de Mendon\u00e7a Neto.<\/span><\/p>\n<p style=\"text-align: justify;\" align=\"justify\" data-raofz=\"14\"><span style=\"font-size: 14pt;\">\u201cQuero deixar claro que o Minist\u00e9rio P\u00fablico n\u00e3o est\u00e1 apontando culpados e nem antecipando qualquer julgamento. Por\u00e9m, diante de todas as rachaduras e fissuras encontradas, e em raz\u00e3o do Pinheiro ser um bairro muito habitado, entendemos que se faz urgente um estudo mais aprofundado do solo, at\u00e9 mesmo porque essa avalia\u00e7\u00e3o t\u00e9cnica nunca foi feita. Se o problema surgiu em raz\u00e3o de uma falha geol\u00f3gica ou se h\u00e1 culpados nisso, certamente vamos descobrir ap\u00f3s os especialistas se debru\u00e7arem sobre o caso\u201d, acrescentou o procurador-geral de justi\u00e7a.<\/span><\/p>\n<p style=\"text-align: justify;\" align=\"justify\" data-raofz=\"14\"><span style=\"font-size: 14pt;\"><strong>For\u00e7a-tarefa<\/strong><\/span><\/p>\n<p style=\"text-align: justify;\" data-raofz=\"14\"><span style=\"font-size: 14pt;\">E nesta quarta-feira (23), o Minist\u00e9rio P\u00fablico vai criar uma for\u00e7a-tarefa para acompanhar o andamento do caso. O colegiado ser\u00e1 formado pelos promotores de justi\u00e7a Jos\u00e9 Ant\u00f4nio Malta Marques, coordenador do Centro de Apoio Operacional do MPE\/AL, Adriano Jorge Correia, do N\u00facleo de Per\u00edcias, Jorge D\u00f3rea, do N\u00facleo de Defesa do Meio Ambiente, Max Martins, da Promotoria de Justi\u00e7a de Defesa do Consumidor, e Jomar Amorim, da Promotoria de Justi\u00e7a de Direitos Humanos. O Minist\u00e9rio P\u00fablico Federal, que tamb\u00e9m participou da reuni\u00e3o por meio das procuradoras da Rep\u00fablica Roberta Bomfim e Niedja K\u00e1spary, igualmente integrar\u00e1 a equipe.<\/span><\/p>\n<p style=\"text-align: justify;\" data-raofz=\"14\"><span style=\"font-size: 14pt;\">O procurador de justi\u00e7a Anti\u00f3genes Marques de Lira continuar\u00e1 sendo o representante da chefia do Minist\u00e9rio P\u00fablico no andamento dos trabalhos.<\/span><\/p>\n","protected":false},"excerpt":{"rendered":"<p> [&hellip;]<\/p>\n","protected":false},"author":4,"featured_media":9762,"comment_status":"closed","ping_status":"closed","sticky":false,"template":"","format":"standard","meta":{"om_disable_all_campaigns":false,"_monsterinsights_skip_tracking":false,"_monsterinsights_sitenote_active":false,"_monsterinsights_sitenote_note":"","_monsterinsights_sitenote_category":0,"_uf_show_specific_survey":0,"_uf_disable_surveys":false,"footnotes":""},"categories":[56,2],"tags":[],"class_list":["post-9761","post","type-post","status-publish","format-standard","has-post-thumbnail","hentry","category-not_braskem","category-not_mpal"],"aioseo_notices":[],"_links":{"self":[{"href":"https:\/\/www.mpal.mp.br\/index.php?rest_route=\/wp\/v2\/posts\/9761","targetHints":{"allow":["GET"]}}],"collection":[{"href":"https:\/\/www.mpal.mp.br\/index.php?rest_route=\/wp\/v2\/posts"}],"about":[{"href":"https:\/\/www.mpal.mp.br\/index.php?rest_route=\/wp\/v2\/types\/post"}],"author":[{"embeddable":true,"href":"https:\/\/www.mpal.mp.br\/index.php?rest_route=\/wp\/v2\/users\/4"}],"replies":[{"embeddable":true,"href":"https:\/\/www.mpal.mp.br\/index.php?rest_route=%2Fwp%2Fv2%2Fcomments&post=9761"}],"version-history":[{"count":1,"href":"https:\/\/www.mpal.mp.br\/index.php?rest_route=\/wp\/v2\/posts\/9761\/revisions"}],"predecessor-version":[{"id":9763,"href":"https:\/\/www.mpal.mp.br\/index.php?rest_route=\/wp\/v2\/posts\/9761\/revisions\/9763"}],"wp:featuredmedia":[{"embeddable":true,"href":"https:\/\/www.mpal.mp.br\/index.php?rest_route=\/wp\/v2\/media\/9762"}],"wp:attachment":[{"href":"https:\/\/www.mpal.mp.br\/index.php?rest_route=%2Fwp%2Fv2%2Fmedia&parent=9761"}],"wp:term":[{"taxonomy":"category","embeddable":true,"href":"https:\/\/www.mpal.mp.br\/index.php?rest_route=%2Fwp%2Fv2%2Fcategories&post=9761"},{"taxonomy":"post_tag","embeddable":true,"href":"https:\/\/www.mpal.mp.br\/index.php?rest_route=%2Fwp%2Fv2%2Ftags&post=9761"}],"curies":[{"name":"wp","href":"https:\/\/api.w.org\/{rel}","templated":true}]}}