{"id":9739,"date":"2019-01-25T09:32:54","date_gmt":"2019-01-25T11:32:54","guid":{"rendered":"https:\/\/www.mpal.mp.br\/?p=9739"},"modified":"2025-06-18T11:27:39","modified_gmt":"2025-06-18T14:27:39","slug":"escola-superior-do-ministerio-publico-e-ampal-promovem-palestra-de-capacitacao-institucional","status":"publish","type":"post","link":"https:\/\/www.mpal.mp.br\/?p=9739","title":{"rendered":"Escola Superior do Minist\u00e9rio P\u00fablico e Ampal promovem palestra de capacita\u00e7\u00e3o institucional"},"content":{"rendered":"<p style=\"text-align: justify;\" align=\"justify\" data-raofz=\"14\"><span style=\"font-size: 14pt;\">A ideia \u00e9 a de aprimorar conhecimentos partindo de informa\u00e7\u00f5es que possam contribuir nas atividades di\u00e1rias de membros e servidores do Minist\u00e9rio P\u00fablico do Estado de Alagoas (MPE\/AL), motivo da palestra Excel\u00eancia e Compet\u00eancia nas Institui\u00e7\u00f5es P\u00fablicas, promovida pela Escola Superior do Minist\u00e9rio P\u00fablico (ESMP) e pela Associa\u00e7\u00e3o do Minist\u00e9rio P\u00fablico de Alagoas (Ampal) e ministrada pelo mestre em Sociologia, M\u00e1rcio Yabe, ocorrida no audit\u00f3rio Edgar Valente de Lima Filho, na manh\u00e3 desta sexta-feira (25).<\/span><\/p>\n<p style=\"text-align: justify;\" align=\"justify\" data-raofz=\"14\"><span style=\"font-size: 14pt;\">O diretor da ESMP, procurador de Justi\u00e7a, Luiz Carna\u00faba, enfatizou a necessidade de se investir no conhecimento dos membros e servidores.<\/span><\/p>\n<p style=\"text-align: justify;\" align=\"justify\" data-raofz=\"14\"><span style=\"font-size: 14pt;\">\u201cIsso \u00e9 muito importante para o aprimoramento dos servidores da institui\u00e7\u00e3o e nos sentimos envaidecidos com a palestra que ser\u00e1 de grande valia dentro dos objetivos da institui\u00e7\u00e3o\u201d, afirma o procurador Luiz Carna\u00faba.<\/span><\/p>\n<p style=\"text-align: justify;\" data-raofz=\"14\"><span style=\"font-size: 14pt;\">J\u00e1 o presidente da Ampla, promotor de Justi\u00e7a, Fl\u00e1vio Gomes da Costa, inova\u00e7\u00e3o \u00e9 a palavra-chave.<\/span><\/p>\n<p style=\"text-align: justify;\" data-raofz=\"14\"><span style=\"font-size: 14pt;\">\u201cNa verdade a palavra do dia \u00e9 inovar, \u00e9 o caminho idealizado pelo nosso procurador-geral de Justi\u00e7a, Alfredo Gaspar, e s\u00f3 vem corroborar com essa nova ordem universal\u201d.<\/span><\/p>\n<p style=\"text-align: justify;\" data-raofz=\"14\"><span style=\"font-size: 14pt;\">O palestrante, M\u00e1rcio Yabe, contribui com os \u00f3rg\u00e3os p\u00fablicos voluntariamente e de forma prazerosa e competente divide seus conhecimentos.<\/span><\/p>\n<p style=\"text-align: justify;\" data-raofz=\"14\"><span style=\"font-size: 14pt;\">\u201cEstou sempre estudando e as palestras, por meio do voluntariado, j\u00e1 que como servidor p\u00fablico n\u00e3o \u00e9 permitida a remunera\u00e7\u00e3o, tamb\u00e9m servem para aprimorar o meu conhecimento e s\u00e3o v\u00e1lidas para a minha progress\u00e3o de carreira. Na verdade, \u00e9 uma troca satisfat\u00f3ria porque me sinto bem repassando o que adquiri e sabendo que posso est\u00e1 contribuindo para a mudan\u00e7a de pensamento das pessoas\u201d, ressalta Yabe.<\/span><\/p>\n<p style=\"text-align: justify;\" data-raofz=\"14\"><span style=\"font-size: 14pt;\">Ele \u00e9 mestre em sociologia pela Ufal, especialista em Doc\u00eancia para a Educa\u00e7\u00e3o Profissional, Tecnol\u00f3gica pelo Ifal, tamb\u00e9m em Gest\u00e3o de Pessoas pela Faculdade Uninassau e formado em Administra\u00e7\u00e3o de Empesas pela Fal\/Est\u00e1cio de S\u00e1.<\/span><\/p>\n<p style=\"text-align: justify;\" data-raofz=\"14\"><span style=\"font-size: 14pt;\">Foto: Anderson Macena<\/span><\/p>\n","protected":false},"excerpt":{"rendered":"<p> [&hellip;]<\/p>\n","protected":false},"author":4,"featured_media":9740,"comment_status":"closed","ping_status":"closed","sticky":false,"template":"","format":"standard","meta":{"om_disable_all_campaigns":false,"_monsterinsights_skip_tracking":false,"_monsterinsights_sitenote_active":false,"_monsterinsights_sitenote_note":"","_monsterinsights_sitenote_category":0,"_uf_show_specific_survey":0,"_uf_disable_surveys":false,"footnotes":""},"categories":[19],"tags":[],"class_list":["post-9739","post","type-post","status-publish","format-standard","has-post-thumbnail","hentry","category-not_esmp"],"aioseo_notices":[],"_links":{"self":[{"href":"https:\/\/www.mpal.mp.br\/index.php?rest_route=\/wp\/v2\/posts\/9739","targetHints":{"allow":["GET"]}}],"collection":[{"href":"https:\/\/www.mpal.mp.br\/index.php?rest_route=\/wp\/v2\/posts"}],"about":[{"href":"https:\/\/www.mpal.mp.br\/index.php?rest_route=\/wp\/v2\/types\/post"}],"author":[{"embeddable":true,"href":"https:\/\/www.mpal.mp.br\/index.php?rest_route=\/wp\/v2\/users\/4"}],"replies":[{"embeddable":true,"href":"https:\/\/www.mpal.mp.br\/index.php?rest_route=%2Fwp%2Fv2%2Fcomments&post=9739"}],"version-history":[{"count":2,"href":"https:\/\/www.mpal.mp.br\/index.php?rest_route=\/wp\/v2\/posts\/9739\/revisions"}],"predecessor-version":[{"id":9742,"href":"https:\/\/www.mpal.mp.br\/index.php?rest_route=\/wp\/v2\/posts\/9739\/revisions\/9742"}],"wp:featuredmedia":[{"embeddable":true,"href":"https:\/\/www.mpal.mp.br\/index.php?rest_route=\/wp\/v2\/media\/9740"}],"wp:attachment":[{"href":"https:\/\/www.mpal.mp.br\/index.php?rest_route=%2Fwp%2Fv2%2Fmedia&parent=9739"}],"wp:term":[{"taxonomy":"category","embeddable":true,"href":"https:\/\/www.mpal.mp.br\/index.php?rest_route=%2Fwp%2Fv2%2Fcategories&post=9739"},{"taxonomy":"post_tag","embeddable":true,"href":"https:\/\/www.mpal.mp.br\/index.php?rest_route=%2Fwp%2Fv2%2Ftags&post=9739"}],"curies":[{"name":"wp","href":"https:\/\/api.w.org\/{rel}","templated":true}]}}