{"id":9731,"date":"2019-01-28T09:23:45","date_gmt":"2019-01-28T11:23:45","guid":{"rendered":"https:\/\/www.mpal.mp.br\/?p=9731"},"modified":"2023-12-07T13:35:12","modified_gmt":"2023-12-07T16:35:12","slug":"pinheiro-mp-quer-que-hospitais-da-regiao-recebam-possiveis-vitimas-promotores-tambem-requerem-reforco-na-seguranca-do-bairro","status":"publish","type":"post","link":"https:\/\/www.mpal.mp.br\/?p=9731","title":{"rendered":"Pinheiro: MP quer que hospitais da regi\u00e3o recebam poss\u00edveis v\u00edtimas; promotores tamb\u00e9m requerem refor\u00e7o na seguran\u00e7a do bairro"},"content":{"rendered":"<p style=\"text-align: justify;\" align=\"justify\" data-raofz=\"14\"><span style=\"font-size: 14pt;\" data-raofz=\"14\">Na reuni\u00e3o de emerg\u00eancia sobre a situa\u00e7\u00e3o do bairro do Pinheiro, que ocorreu na manh\u00e3 desta segunda-feira (28) em decorr\u00eancia das fortes chuvas que ca\u00edram em Macei\u00f3, o Minist\u00e9rio P\u00fablico Estadual de Alagoas (MPE\/AL) requereu duas novas medidas de seguran\u00e7a: que o Estado fa\u00e7a gest\u00e3o aos hospitais privados da regi\u00e3o para que eles possam atender poss\u00edveis v\u00edtimas, caso ocorra algo mais grave, e que a Pol\u00edcia Militar e a Guarda Municipal reforcem as rondas no bairro.<\/span><\/p>\n<p style=\"text-align: justify;\" align=\"justify\" data-raofz=\"14\"><span style=\"font-size: 14pt;\" data-raofz=\"14\">O pedido foi feito pelos promotores de justi\u00e7a Jos\u00e9 Ant\u00f4nio Malta Marques, coordenador do Centro de Apoio Operacional (Caop) do MPE\/AL, Adriano Jorge Correia, do N\u00facleo de Per\u00edcias, e Max Martins, da Promotoria de Justi\u00e7a de Defesa do Consumidor.<\/span><\/p>\n<p style=\"text-align: justify;\" align=\"justify\" data-raofz=\"14\"><span style=\"font-size: 14pt;\" data-raofz=\"14\">\u201cDurante nossa fala no encontro, explicamos que apenas o Hospital Geral do Estado n\u00e3o basta para socorrer os moradores em caso de acontecer alguma situa\u00e7\u00e3o de emerg\u00eancia. Requeremos que o Corpo de Bombeiros e o Samu entrem em contato com o Hospital do A\u00e7\u00facar e o Hospital Arthur Ramos para que essas unidades de sa\u00fade possam dar suporte ao Estado, em caso de necessidade. De imediato, o comando e a coordena\u00e7\u00e3o das duas institui\u00e7\u00f5es se comprometeram em agir nesse sentido\u201d, explicou Jos\u00e9 Ant\u00f4nio Malta Marques.<\/span><\/p>\n<p style=\"text-align: justify;\" align=\"justify\" data-raofz=\"14\"><span style=\"font-size: 14pt;\" data-raofz=\"14\"><strong>Rondas<\/strong><\/span><\/p>\n<p style=\"text-align: justify;\" align=\"justify\" data-raofz=\"14\"><span style=\"font-size: 14pt;\" data-raofz=\"14\">Segundo o coordenador do Caop, o Minist\u00e9rio P\u00fablico tamb\u00e9m solicitou refor\u00e7o da seguran\u00e7a para o Pinheiro, nos hor\u00e1rios da manh\u00e3, tarde e noite. \u201cTamb\u00e9m na mesma hora, os comandos da Pol\u00edcia Militar e da Guarda Municipal acataram o nosso requerimento. A PM aumentou o efetivo com viaturas do Batalh\u00e3o de Pol\u00edcia Escolar (BPE) e do 4\u00ba BPM, que \u00e9 o respons\u00e1vel pelo patrulhamento daquela \u00e1rea. J\u00e1 a Guarda enviou hoje (segunda-feira) ao local duas guarni\u00e7\u00f5es e, a partir da amanh\u00e3 (ter\u00e7a-feira), refor\u00e7ar\u00e1 com mais tr\u00eas, num total de cinco\u201d, detalhou ele.<\/span><\/p>\n<p style=\"text-align: justify;\" align=\"justify\" data-raofz=\"14\"><span style=\"font-size: 14pt;\" data-raofz=\"14\">Para fazer tal pedido, o MPE\/AL argumentou que esse refor\u00e7o visa evitar assaltos e depreda\u00e7\u00f5es no bairro, uma vez que as fam\u00edlias est\u00e3o bastante fragilizadas e sem condi\u00e7\u00f5es psicol\u00f3gicas at\u00e9 de se defenderem e buscarem ajuda e, claro, para resguardar os patrim\u00f4nios p\u00fablico e privado.<\/span><\/p>\n<p style=\"text-align: justify;\" align=\"justify\" data-raofz=\"14\"><span style=\"font-size: 14pt;\" data-raofz=\"14\">A reuni\u00e3o aconteceu no 59\u00ba Batalh\u00e3o de Infantaria Motorizado, localizado no bairro do Farol. L\u00e1 foi montada a Sala de Situa\u00e7\u00e3o, onde as autoridades v\u00e3o se reunir para discutir a problem\u00e1tica do Pinheiro.<\/span><\/p>\n<p style=\"text-align: justify;\" align=\"justify\" data-raofz=\"14\"><span style=\"font-size: 14pt;\" data-raofz=\"14\"><strong>T\u00e9cnicos da Ufal<\/strong><\/span><\/p>\n<p style=\"text-align: justify;\" align=\"justify\" data-raofz=\"14\"><span style=\"font-size: 14pt;\" data-raofz=\"14\">Na pr\u00f3xima quinta-feira (31), \u00e0s 16h, uma reuni\u00e3o j\u00e1 est\u00e1 marcada para acontecer, dessa vez, na sede do Caop, que fica na Avenida Fernandes Lima. O encontro vai servir para que o Minist\u00e9rio P\u00fablico e a Universidade Federal de Alagoas (Ufal) firmem conv\u00eanio de modo que a institui\u00e7\u00e3o de ensino possa ajudar a for\u00e7a-tarefa do MPE\/AL a entender melhor os fen\u00f4menos de rachaduras e fissuras nas ruas e im\u00f3veis daquele bairro.<\/span><\/p>\n<p style=\"text-align: justify;\" align=\"justify\" data-raofz=\"14\"><span style=\"font-size: 14pt;\" data-raofz=\"14\">Participar\u00e3o desse momento todos os promotores que integram a for\u00e7a-tarefa: Jos\u00e9 Ant\u00f4nio Malta Marques, Adriano Jorge Correia, Max Martins, Jorge D\u00f3rea e Jomar Amorim. Esses dois \u00faltimos, do N\u00facleo de Defesa do Meio Ambiente e da Promotoria de Justi\u00e7a de Direitos Humanos\u00a0do Minist\u00e9rio P\u00fablico Estadual de Alagoas.<\/span><\/p>\n<p style=\"text-align: justify;\" align=\"justify\" data-raofz=\"14\"><span style=\"font-size: 14pt;\" data-raofz=\"14\">Foto cedida pela Gazetaweb.\u00a0<\/span><\/p>\n","protected":false},"excerpt":{"rendered":"<p> [&hellip;]<\/p>\n","protected":false},"author":17,"featured_media":9732,"comment_status":"closed","ping_status":"closed","sticky":false,"template":"","format":"standard","meta":{"om_disable_all_campaigns":false,"_monsterinsights_skip_tracking":false,"_monsterinsights_sitenote_active":false,"_monsterinsights_sitenote_note":"","_monsterinsights_sitenote_category":0,"_uf_show_specific_survey":0,"_uf_disable_surveys":false,"footnotes":""},"categories":[56,2],"tags":[],"class_list":["post-9731","post","type-post","status-publish","format-standard","has-post-thumbnail","hentry","category-not_braskem","category-not_mpal"],"aioseo_notices":[],"_links":{"self":[{"href":"https:\/\/www.mpal.mp.br\/index.php?rest_route=\/wp\/v2\/posts\/9731","targetHints":{"allow":["GET"]}}],"collection":[{"href":"https:\/\/www.mpal.mp.br\/index.php?rest_route=\/wp\/v2\/posts"}],"about":[{"href":"https:\/\/www.mpal.mp.br\/index.php?rest_route=\/wp\/v2\/types\/post"}],"author":[{"embeddable":true,"href":"https:\/\/www.mpal.mp.br\/index.php?rest_route=\/wp\/v2\/users\/17"}],"replies":[{"embeddable":true,"href":"https:\/\/www.mpal.mp.br\/index.php?rest_route=%2Fwp%2Fv2%2Fcomments&post=9731"}],"version-history":[{"count":1,"href":"https:\/\/www.mpal.mp.br\/index.php?rest_route=\/wp\/v2\/posts\/9731\/revisions"}],"predecessor-version":[{"id":9733,"href":"https:\/\/www.mpal.mp.br\/index.php?rest_route=\/wp\/v2\/posts\/9731\/revisions\/9733"}],"wp:featuredmedia":[{"embeddable":true,"href":"https:\/\/www.mpal.mp.br\/index.php?rest_route=\/wp\/v2\/media\/9732"}],"wp:attachment":[{"href":"https:\/\/www.mpal.mp.br\/index.php?rest_route=%2Fwp%2Fv2%2Fmedia&parent=9731"}],"wp:term":[{"taxonomy":"category","embeddable":true,"href":"https:\/\/www.mpal.mp.br\/index.php?rest_route=%2Fwp%2Fv2%2Fcategories&post=9731"},{"taxonomy":"post_tag","embeddable":true,"href":"https:\/\/www.mpal.mp.br\/index.php?rest_route=%2Fwp%2Fv2%2Ftags&post=9731"}],"curies":[{"name":"wp","href":"https:\/\/api.w.org\/{rel}","templated":true}]}}