{"id":9658,"date":"2020-01-08T11:54:17","date_gmt":"2020-01-08T14:54:17","guid":{"rendered":"https:\/\/www.mpal.mp.br\/?p=9658"},"modified":"2023-12-06T13:49:36","modified_gmt":"2023-12-06T16:49:36","slug":"mpal-mpf-dpu-e-dpe-reunem-se-com-braskem-para-definir-novo-mapa-e-o-cronograma-de-atendimento-aos-moradores-de-bairros-afetados-pela-mineracao-em-maceio-al","status":"publish","type":"post","link":"https:\/\/www.mpal.mp.br\/?p=9658","title":{"rendered":"MPAL, MPF, DPU e DPE re\u00fanem-se com Braskem para definir novo mapa e o cronograma de atendimento aos moradores de bairros afetados pela minera\u00e7\u00e3o em Macei\u00f3 (AL)"},"content":{"rendered":"<p style=\"text-align: justify;\" data-raofz=\"14\"><span style=\"font-size: 14pt;\"><em>Institui\u00e7\u00f5es autoras da a\u00e7\u00e3o civil p\u00fablica, que culminou num acordo para beneficiar cerca de 17 mil pessoas, debateram sobre o novo mapa contendo o novo per\u00edmetro e trataram do cronograma de atendimento aos moradores e demais etapas do Programa de Apoio \u00e0 Realoca\u00e7\u00e3o e Compensa\u00e7\u00e3o Financeira<\/em><\/span><\/p>\n<p style=\"text-align: justify;\" data-raofz=\"14\"><span style=\"font-size: 14pt;\" data-raofz=\"14\">Na manh\u00e3 desta quarta-feira (08), os Minist\u00e9rios P\u00fablico Estadual e Federal em Alagoas (MPAL e MPF) a Defensoria P\u00fablica da Uni\u00e3o (DPU), a Defensoria P\u00fablica do Estado (DPE) de Alagoas reuniram-se com a Braskem S.A para estabelecer as \u00e1reas que estar\u00e3o inseridas no novo mapa e tratar do cronograma de atendimento aos moradores e demais etapas do Programa de Apoio \u00e0 Realoca\u00e7\u00e3o e Compensa\u00e7\u00e3o Financeira.<\/span><\/p>\n<p style=\"text-align: justify;\" data-raofz=\"14\"><span style=\"font-size: 14pt;\" data-raofz=\"14\">O cronograma, previsto no Termo de Acordo para Apoio na Desocupa\u00e7\u00e3o das \u00c1reas de Risco, est\u00e1 sendo elaborado em comum acordo entre a Braskem e as institui\u00e7\u00f5es autoras da a\u00e7\u00e3o civil p\u00fablica, considerando as \u00e1reas mais cr\u00edticas apontadas pelos \u00f3rg\u00e3os t\u00e9cnicos. Ap\u00f3s conclus\u00e3o, o referido cronograma ser\u00e1 amplamente divulgado.<\/span><\/p>\n<p style=\"text-align: justify;\" data-raofz=\"14\"><span style=\"font-size: 14pt;\" data-raofz=\"14\">Ficaram estabelecidas as \u00e1reas abrangidas pelo Acordo. Est\u00e3o contempladas todas as \u00e1reas definidas no Mapa de Setoriza\u00e7\u00e3o de Danos e Linhas de A\u00e7\u00f5es Priorit\u00e1rias (Mapa de Risco) emitido pela Defesa Civil em Junho de 2019, de criticidade 00, dos setores 00, 01 e 02, bem como os 62 im\u00f3veis do bairro Bom Parto.<\/span><\/p>\n<p style=\"text-align: justify;\" data-raofz=\"14\"><span style=\"font-size: 14pt;\" data-raofz=\"14\">Tamb\u00e9m est\u00e3o abrangidos pelo Acordo, as \u00e1reas acrescidas delimitadas a partir da amplia\u00e7\u00e3o do raio das minas identificadas, atrav\u00e9s dos sonares, com anomalias (um per\u00edmetro de 3x). Al\u00e9m do per\u00edmetro definido como \u00e1rea de risco, passar\u00e3o a ser inclu\u00eddos nas \u00e1reas de risco os im\u00f3veis em que forem identificados risco estrutural grave, decorrente dos impactos PBM.<\/span><\/p>\n<p style=\"text-align: justify;\" data-raofz=\"14\"><span style=\"font-size: 14pt;\" data-raofz=\"14\">\u201cImpactos PBM\u201d significa a ocorr\u00eancia de danos como fissuras, trincas e rachaduras em edifica\u00e7\u00f5es nas regi\u00f5es dos bairros Pinheiro, Mutange, Bebedouro e Bom Parto, decorrentes dos eventos geol\u00f3gicos que v\u00eam ocorrendo naquela regi\u00e3o.<\/span><\/p>\n<p style=\"text-align: justify;\" data-raofz=\"14\"><span style=\"font-size: 14pt;\" data-raofz=\"14\"><strong>Esclarecimento<\/strong>\u00a0\u2013 Durante a reuni\u00e3o, restou esclarecido que as pessoas que j\u00e1 desocuparam seus im\u00f3veis tamb\u00e9m receber\u00e3o os aux\u00edlios tempor\u00e1rios da petroqu\u00edmica Braskem S.A. \u2013 o pagamento de parcela \u00fanica de R$ 5 mil, para mudan\u00e7a, e mais seis parcelas de R$ 1 mil a t\u00edtulo de aluguel social \u2013, desde que o im\u00f3vel continue desocupado.<\/span><\/p>\n<p style=\"text-align: justify;\" data-raofz=\"14\"><span style=\"font-size: 14pt;\" data-raofz=\"14\">Os representantes das institui\u00e7\u00f5es ressaltaram a import\u00e2ncia de maiores esclarecimentos \u00e0 popula\u00e7\u00e3o, a fim de que n\u00e3o sejam v\u00edtimas de atravessadores durante o per\u00edodo de negocia\u00e7\u00f5es com a empresa.<\/span><\/p>\n<p style=\"text-align: justify;\" data-raofz=\"14\"><span style=\"font-size: 14pt;\" data-raofz=\"14\">Assessorias de Comunica\u00e7\u00e3o<\/span><br \/>\n<span style=\"font-size: 14pt;\" data-raofz=\"14\">Minist\u00e9rio P\u00fablico do Estado de Alagoas<\/span><br \/>\n<span style=\"font-size: 14pt;\" data-raofz=\"14\">Minist\u00e9rio P\u00fablico Federal<\/span><br \/>\n<span style=\"font-size: 14pt;\" data-raofz=\"14\">Defensoria P\u00fablica da Uni\u00e3o<\/span><br \/>\n<span style=\"font-size: 14pt;\" data-raofz=\"14\">Defensoria P\u00fablica do Estado de Alagoas<\/span><\/p>\n","protected":false},"excerpt":{"rendered":"<p> [&hellip;]<\/p>\n","protected":false},"author":5,"featured_media":9659,"comment_status":"closed","ping_status":"closed","sticky":false,"template":"","format":"standard","meta":{"om_disable_all_campaigns":false,"_monsterinsights_skip_tracking":false,"_monsterinsights_sitenote_active":false,"_monsterinsights_sitenote_note":"","_monsterinsights_sitenote_category":0,"_uf_show_specific_survey":0,"_uf_disable_surveys":false,"footnotes":""},"categories":[56,2],"tags":[],"class_list":["post-9658","post","type-post","status-publish","format-standard","has-post-thumbnail","hentry","category-not_braskem","category-not_mpal"],"aioseo_notices":[],"_links":{"self":[{"href":"https:\/\/www.mpal.mp.br\/index.php?rest_route=\/wp\/v2\/posts\/9658","targetHints":{"allow":["GET"]}}],"collection":[{"href":"https:\/\/www.mpal.mp.br\/index.php?rest_route=\/wp\/v2\/posts"}],"about":[{"href":"https:\/\/www.mpal.mp.br\/index.php?rest_route=\/wp\/v2\/types\/post"}],"author":[{"embeddable":true,"href":"https:\/\/www.mpal.mp.br\/index.php?rest_route=\/wp\/v2\/users\/5"}],"replies":[{"embeddable":true,"href":"https:\/\/www.mpal.mp.br\/index.php?rest_route=%2Fwp%2Fv2%2Fcomments&post=9658"}],"version-history":[{"count":1,"href":"https:\/\/www.mpal.mp.br\/index.php?rest_route=\/wp\/v2\/posts\/9658\/revisions"}],"predecessor-version":[{"id":9660,"href":"https:\/\/www.mpal.mp.br\/index.php?rest_route=\/wp\/v2\/posts\/9658\/revisions\/9660"}],"wp:featuredmedia":[{"embeddable":true,"href":"https:\/\/www.mpal.mp.br\/index.php?rest_route=\/wp\/v2\/media\/9659"}],"wp:attachment":[{"href":"https:\/\/www.mpal.mp.br\/index.php?rest_route=%2Fwp%2Fv2%2Fmedia&parent=9658"}],"wp:term":[{"taxonomy":"category","embeddable":true,"href":"https:\/\/www.mpal.mp.br\/index.php?rest_route=%2Fwp%2Fv2%2Fcategories&post=9658"},{"taxonomy":"post_tag","embeddable":true,"href":"https:\/\/www.mpal.mp.br\/index.php?rest_route=%2Fwp%2Fv2%2Ftags&post=9658"}],"curies":[{"name":"wp","href":"https:\/\/api.w.org\/{rel}","templated":true}]}}