{"id":9339,"date":"2019-03-18T09:32:22","date_gmt":"2019-03-18T12:32:22","guid":{"rendered":"https:\/\/www.mpal.mp.br\/?p=9339"},"modified":"2023-12-07T13:34:53","modified_gmt":"2023-12-07T16:34:53","slug":"forca-tarefa-de-promotores-vai-emitir-recomendacao-para-evacuacao-total-da-area-vermelha-no-pinheiro","status":"publish","type":"post","link":"https:\/\/www.mpal.mp.br\/?p=9339","title":{"rendered":"For\u00e7a-tarefa de promotores vai emitir recomenda\u00e7\u00e3o para evacua\u00e7\u00e3o total da \u00e1rea vermelha, no Pinheiro"},"content":{"rendered":"<div class=\"fusion-fullwidth fullwidth-box fusion-builder-row-1 nonhundred-percent-fullwidth non-hundred-percent-height-scrolling\"  style='background-color: #ffffff;background-position: center center;background-repeat: no-repeat;padding-top:0px;padding-right:0px;padding-bottom:0px;padding-left:0px;'><div class=\"fusion-builder-row fusion-row \"><div  class=\"fusion-layout-column fusion_builder_column fusion_builder_column_1_1 fusion-builder-column-1 fusion-one-full fusion-column-first fusion-column-last 1_1\"  style='margin-top:0px;margin-bottom:0px;'>\n\t\t\t\t\t<div class=\"fusion-column-wrapper\" style=\"padding: 0px 0px 0px 0px;background-position:left top;background-repeat:no-repeat;-webkit-background-size:cover;-moz-background-size:cover;-o-background-size:cover;background-size:cover;\"   data-bg-url=\"\">\n\t\t\t\t\t\t<div class=\"fusion-text\"><p style=\"text-align: justify;\" data-raofz=\"14\"><span style=\"font-size: 14pt;\">O Minist\u00e9rio P\u00fablico Estadual de Alagoas (MPE\/AL) vai expedir uma recomenda\u00e7\u00e3o, nesta ter\u00e7a-feira (19), para que a Prefeitura de Macei\u00f3, por meio da Defesa Civil Municipal, fa\u00e7a a evacua\u00e7\u00e3o imediata de toda a \u00e1rea vermelha do bairro do Pinheiro, considerada de alto risco. A decis\u00e3o foi tomada ap\u00f3s uma reuni\u00e3o ocorrida no pr\u00e9dio-sede da institui\u00e7\u00e3o, nesta segunda-feira (18), entre membros do \u00f3rg\u00e3o ministerial, a pr\u00f3pria Defesa Civil e o Corpo de Bombeiros Militar.<\/span><\/p>\n<p style=\"text-align: justify;\" data-raofz=\"14\"><span style=\"font-size: 14pt;\">A recomenda\u00e7\u00e3o, que ser\u00e1 encaminhada ao prefeito Rui Palmeira e ao coordenador da Defesa Civil Municipal, Din\u00e1rio Lemos, ser\u00e1 baseada na constata\u00e7\u00e3o feita pela for\u00e7a-tarefa do Minist\u00e9rio P\u00fablico, composta pelos promotores de justi\u00e7a Jos\u00e9 Ant\u00f4nio Malta Marques, coordenador do Centro de Apoio Operacional do MPE\/AL, Adriano Jorge Correia, do N\u00facleo de Per\u00edcias, Jorge D\u00f3rea, do N\u00facleo de Defesa do Meio Ambiente, Max Martins, da Promotoria de Justi\u00e7a de Defesa do Consumidor, e Jomar Amorim, da Promotoria de Justi\u00e7a de Direitos Humanos, que detectou que ainda h\u00e1 muitos moradores e empresas na regi\u00e3o considerada com maior risco de acidentes geol\u00f3gicos, denominada de \u00e1rea vermelha.<\/span><\/p>\n<p style=\"text-align: justify;\" data-raofz=\"14\"><span style=\"font-size: 14pt;\">\u201cDurante a reuni\u00e3o, ligamos para o secret\u00e1rio nacional de Prote\u00e7\u00e3o e Defesa Civil do Minist\u00e9rio da Integra\u00e7\u00e3o Nacional, Alexandre Lucas Alves, e expusemos a nossa preocupa\u00e7\u00e3o, informando que a for\u00e7a-tarefa fez algumas visitas at\u00e9 o local e comprovou que ainda havia muitos moradores e comerciantes por l\u00e1. Diante do comunicado que ir\u00edamos expedir a recomenda\u00e7\u00e3o para evacua\u00e7\u00e3o total da \u00e1rea no mais urgente espa\u00e7o de tempo, ele tamb\u00e9m entendeu que essa nossa iniciativa era a mais adequada a se fazer e ratificou o que a CPRM (Companhia de Pesquisa de Recursos Minerais ou Servi\u00e7o Geol\u00f3gico do Brasil) j\u00e1 havia dito anteriormente, que \u00e9 sobre a necessidade da desocupa\u00e7\u00e3o da \u00e1rea vermelha\u201d, explicou o procurador-geral de justi\u00e7a, Alfredo Gaspar de Mendon\u00e7a Neto, que, na mesma ocasi\u00e3o, tamb\u00e9m ligou para o prefeito Rui Palmeira para externar sua preocupa\u00e7\u00e3o com o problema.<\/span><\/p>\n<p style=\"text-align: justify;\" data-raofz=\"14\"><span style=\"font-size: 14pt;\">\u201cEsperamos que a Defesa Civil Municipal siga a nossa recomenda\u00e7\u00e3o e monte um plano de a\u00e7\u00e3o para, t\u00e3o logo, fazer toda a desocupa\u00e7\u00e3o daquela regi\u00e3o. E o Minist\u00e9rio P\u00fablico vai acompanhar tudo isso de perto. Nossa preocupa\u00e7\u00e3o \u00e9 com as vidas que podem estar em risco\u201d, complementou o Jos\u00e9 Ant\u00f4nio Malta Marques.<\/span><\/p>\n<p style=\"text-align: justify;\" data-raofz=\"14\"><span style=\"font-size: 14pt;\">A recomenda\u00e7\u00e3o seguir\u00e1 assinada por todos os integrantes da for\u00e7a-tarefa e pelo chefe do Minist\u00e9rio P\u00fablico.<\/span><\/p>\n<p style=\"text-align: justify;\" data-raofz=\"14\"><span style=\"font-size: 14pt;\"><strong>Mancha no radar da Ufal<\/strong><\/span><\/p>\n<p style=\"text-align: justify;\" data-raofz=\"14\"><span style=\"font-size: 14pt;\">E ap\u00f3s interven\u00e7\u00e3o da for\u00e7a-tarefa do MPE\/AL, foi resolvido o problema que estava atingido o radar meteorol\u00f3gico da Universidade Federal de Alagoas (Ufal). A institui\u00e7\u00e3o de ensino, que est\u00e1 sendo parceira do Minist\u00e9rio P\u00fablico para estudos relacionados ao bairro do Pinheiro, tinha comunicado que o equipamento estava 30% comprometido com rela\u00e7\u00e3o a detectar, com pelo menos oito horas de anteced\u00eancia, a previs\u00e3o de chuvas para Macei\u00f3.<\/span><\/p>\n<p style=\"text-align: justify;\" data-raofz=\"14\"><span style=\"font-size: 14pt;\">\u201cFizemos gest\u00e3o junto a Secretaria Estadual de Ressocializa\u00e7\u00e3o e Inclus\u00e3o Social e explicamos que o bloqueador de celular instalado no sistema penitenci\u00e1rio estava interferindo no radar meteorol\u00f3gico, comprometendo o seu perfeito funcionamento e provocando uma mancha em parte das imagens capturadas pelo aparelho. Ap\u00f3s o nosso pedido para a resolu\u00e7\u00e3o do problema, tudo foi sanado e o radar voltou a funcionar 100%. Isso foi importante porque, quando houver uma previs\u00e3o de chuvas fortes, os moradores poder\u00e3o ser alertados para que saiam de suas casas\u201d, informou Jos\u00e9 Ant\u00f4nio Malta Marques.<\/span><\/p>\n<p style=\"text-align: justify;\" data-raofz=\"14\"><span style=\"font-size: 14pt;\">O coordenador do Caop tamb\u00e9m disse que o vai recomendar ao Estado firmar uma conv\u00eanio com a Ufal para que esse monitoramento possa ocorrer de forma mais sistem\u00e1tica e com novos profissionais, de modo que as respostas possam ser dadas de forma ainda mais c\u00e9lere \u00e0 popula\u00e7\u00e3o.<\/span><\/p>\n<p style=\"text-align: justify;\" data-raofz=\"14\"><span style=\"font-size: 14pt;\">Fotos: Anderson Macena<\/span><\/p>\n<\/div><div class=\"fusion-clearfix\"><\/div>\n\n\t\t\t\t\t<\/div>\n\t\t\t\t<\/div><\/div><\/div>\n","protected":false},"excerpt":{"rendered":"","protected":false},"author":17,"featured_media":9343,"comment_status":"closed","ping_status":"closed","sticky":false,"template":"","format":"standard","meta":{"om_disable_all_campaigns":false,"_monsterinsights_skip_tracking":false,"_monsterinsights_sitenote_active":false,"_monsterinsights_sitenote_note":"","_monsterinsights_sitenote_category":0,"_uf_show_specific_survey":0,"_uf_disable_surveys":false,"footnotes":""},"categories":[56,2],"tags":[],"class_list":["post-9339","post","type-post","status-publish","format-standard","has-post-thumbnail","hentry","category-not_braskem","category-not_mpal"],"aioseo_notices":[],"_links":{"self":[{"href":"https:\/\/www.mpal.mp.br\/index.php?rest_route=\/wp\/v2\/posts\/9339","targetHints":{"allow":["GET"]}}],"collection":[{"href":"https:\/\/www.mpal.mp.br\/index.php?rest_route=\/wp\/v2\/posts"}],"about":[{"href":"https:\/\/www.mpal.mp.br\/index.php?rest_route=\/wp\/v2\/types\/post"}],"author":[{"embeddable":true,"href":"https:\/\/www.mpal.mp.br\/index.php?rest_route=\/wp\/v2\/users\/17"}],"replies":[{"embeddable":true,"href":"https:\/\/www.mpal.mp.br\/index.php?rest_route=%2Fwp%2Fv2%2Fcomments&post=9339"}],"version-history":[{"count":3,"href":"https:\/\/www.mpal.mp.br\/index.php?rest_route=\/wp\/v2\/posts\/9339\/revisions"}],"predecessor-version":[{"id":34562,"href":"https:\/\/www.mpal.mp.br\/index.php?rest_route=\/wp\/v2\/posts\/9339\/revisions\/34562"}],"wp:featuredmedia":[{"embeddable":true,"href":"https:\/\/www.mpal.mp.br\/index.php?rest_route=\/wp\/v2\/media\/9343"}],"wp:attachment":[{"href":"https:\/\/www.mpal.mp.br\/index.php?rest_route=%2Fwp%2Fv2%2Fmedia&parent=9339"}],"wp:term":[{"taxonomy":"category","embeddable":true,"href":"https:\/\/www.mpal.mp.br\/index.php?rest_route=%2Fwp%2Fv2%2Fcategories&post=9339"},{"taxonomy":"post_tag","embeddable":true,"href":"https:\/\/www.mpal.mp.br\/index.php?rest_route=%2Fwp%2Fv2%2Ftags&post=9339"}],"curies":[{"name":"wp","href":"https:\/\/api.w.org\/{rel}","templated":true}]}}