{"id":9155,"date":"2019-04-02T10:50:12","date_gmt":"2019-04-02T13:50:12","guid":{"rendered":"https:\/\/www.mpal.mp.br\/?p=9155"},"modified":"2023-12-06T13:51:10","modified_gmt":"2023-12-06T16:51:10","slug":"ministerio-publico-e-defensoria-publica-pedem-indisponibilidade-de-bens-da-braskem-no-valor-de-r-6-709-440-00000","status":"publish","type":"post","link":"https:\/\/www.mpal.mp.br\/?p=9155","title":{"rendered":"Minist\u00e9rio P\u00fablico e Defensoria P\u00fablica pedem indisponibilidade de bens da Braskem no valor de R$ 6 .709.440.000,00"},"content":{"rendered":"<p style=\"text-align: justify;\" align=\"justify\" data-raofz=\"14\"><span style=\"font-size: 14pt;\">O Minist\u00e9rio P\u00fablico do Estado de Alagoas (MPE) e a Defensoria P\u00fablica do Estado de Alagoas propuseram, nesta ter\u00e7a-feira (2), pedido de tutela cautelar em car\u00e1ter antecedente de a\u00e7\u00e3o civil p\u00fablica, com pedido de liminar, em desfavor da empresa Braskem, decretando a indisponibilidade dos ativos financeiros e bens no valor inicial de R$ 6.709.440.000,00 estendendo a a\u00e7\u00f5es em bolsas de valores no Brasil, Madri, Nova York e Paris. A finalidade \u00e9 de garantir reparos por danos morais e materiais aos moradores nos bairros do Pinheiro, Bebedouro e Mutange, bem como todas as localidades apontadas como \u00e1reas de riscos no Decreto de Calamidade P\u00fablica da Prefeitura de Macei\u00f3. O an\u00fancio foi feito durante entrevista coletiva coordenada pelo procurador-geral de Justi\u00e7a, Alfredo Gaspar de Mendon\u00e7a Neto, e pelo defensor p\u00fablico-geral do Estado, Ricardo Antunes Melro, acompanhados de promotores de Justi\u00e7a da For\u00e7a-Tarefa do MPE\/AL, e defensores p\u00fablicos.<\/span><\/p>\n<p style=\"text-align: justify;\" align=\"justify\" data-raofz=\"14\"><span style=\"font-size: 14pt;\">informou que a a\u00e7\u00e3o cautelar visa garantir seguran\u00e7a \u00e0 popula\u00e7\u00e3o, no sentido de certeza que ser\u00e3o indenizadas no caso do relat\u00f3rio da CPRM concluir que os danos ocorridos nos bairros foram decorrentes da atividade mineradora da Braskem.<\/span><\/p>\n<p style=\"text-align: justify;\" align=\"justify\" data-raofz=\"14\"><span style=\"font-size: 14pt;\">O prop\u00f3sito \u00e9 garantir, por meio de uma conta judicial, reparos por danos morais coletivos e materiais, custos com aluguel social aos moradores vitimados pelos efeitos de minera\u00e7\u00e3o decorrentes da explora\u00e7\u00e3o das jazidas de sal-gema no subsolo e\/ou aqu\u00edferos, al\u00e9m de inspe\u00e7\u00f5es nos pr\u00e9dios e obras de estabiliza\u00e7\u00e3o das \u00e1reas afetadas..<\/span><\/p>\n<p style=\"text-align: justify;\" align=\"justify\" data-raofz=\"14\"><span style=\"font-size: 14pt;\">O procurador-geral de Justi\u00e7a, Alfredo Gaspar, afirma que h\u00e1 evid\u00eancias suficientes para o pedido de liminar. Para ele n\u00e3o era poss\u00edvel mais esperar um laudo conclusivo, diante da gravidade j\u00e1 detectada.<\/span><\/p>\n<p style=\"text-align: justify;\" align=\"justify\" data-raofz=\"14\"><span style=\"font-size: 14pt;\">\u201c O Minist\u00e9rio P\u00fablico com a Defensoria P\u00fablica, ap\u00f3s prolongada an\u00e1lise do caso, est\u00e3o agindo preventivamente, e de forma proativa, para garantir e resguardar a preserva\u00e7\u00e3o de vidas e o direito \u00e0 indeniza\u00e7\u00e3o \u00e0s pessoas atingidas, diante das evid\u00eancias j\u00e1 catalogadas na a\u00e7\u00e3o cautelar\u201d, declara o procurador-geral, Alfredo Gaspar.<\/span><\/p>\n<p style=\"text-align: justify;\" align=\"justify\" data-raofz=\"14\"><span style=\"font-size: 14pt;\">O defensor p\u00fablico-geral, Ricardo Melro, afirma que a popula\u00e7\u00e3o precisa se sentir amparada e retomar suas vidas.<\/span><\/p>\n<p style=\"text-align: justify;\" align=\"justify\" data-raofz=\"14\"><span style=\"font-size: 14pt;\">\u201cPretendemos, com isto, inverter o \u00f4nus do tempo que sempre recai sobre as v\u00edtimas. \u00c9 importante frisar que temos evid\u00eancias suficientes que h\u00e1 um nexo causal entre a atividade de minera\u00e7\u00e3o e os danos que est\u00e3o ocorrendo. N\u00e3o estamos, ainda, falando de um ju\u00edzo definitivo, pois uma senten\u00e7a na a\u00e7\u00e3o principal pode levar anos, at\u00e9 d\u00e9cadas, e a popula\u00e7\u00e3o n\u00e3o pode esperar. Ent\u00e3o, solicitamos uma medida cautelar de urg\u00eancia, que visa bloquear o dinheiro. Caso o relat\u00f3rio final aponte a responsabilidade para a Braskem, vamos buscar a transfer\u00eancia para a popula\u00e7\u00e3o retomar as suas vidas\u201d, explicou Melro.<\/span><\/p>\n<p style=\"text-align: justify;\" data-raofz=\"14\"><span style=\"font-size: 14pt;\">O defensor p\u00fablico-geral ressalta, tamb\u00e9m, que a a\u00e7\u00e3o principal ser\u00e1 interposta ap\u00f3s o relat\u00f3rio do Instituto Geol\u00f3gico Brasileiro. \u201cQue ter\u00e1 como objetivo a indeniza\u00e7\u00e3o por danos morais e materiais para todos os cidad\u00e3os atingidos pela minera\u00e7\u00e3o, caso seja esta a conclus\u00e3o dos profissionais do referido instituto. Al\u00e9m disso, pediremos dano moral coletivo que ser\u00e1 revertido para estruturar o bairro\u201d, exp\u00f4s o defensor geral.<\/span><\/p>\n<p style=\"text-align: justify;\" data-raofz=\"14\"><span style=\"font-size: 14pt;\">\u201cA Defensoria P\u00fablica e Minist\u00e9rio P\u00fablico n\u00e3o aceitar\u00e3o que ocorra aqui o que ocorreu na trag\u00e9dia de Mariana onde, at\u00e9 o presente momento, ap\u00f3s quase quatro anos, as v\u00edtimas n\u00e3o receberam R$ 1 de indeniza\u00e7\u00e3o que tem direito.\u00a0 Vale ressaltar, que a popula\u00e7\u00e3o n\u00e3o quer fazer parte de programas sociais, quer a justa indeniza\u00e7\u00e3o para poder refazer as suas vidas\u201d, enfatizou.<\/span><\/p>\n<p style=\"text-align: justify;\" align=\"justify\" data-raofz=\"14\"><span style=\"font-size: 14pt;\">A a\u00e7\u00e3o foi assinada pelo procurador-geral de Justi\u00e7a, Alfredo Gaspar de Mendon\u00e7a Neto e pelo defensor p\u00fablico-geral do Estado, Ricardo Melro; o; os defensores p\u00fablicos Carlos Eduardo Monteiro e Fernando Rebou\u00e7as de Oliveira; os promotores Jos\u00e9 Ant\u00f4nio Malta Marques, Marx Martins, Adriano Jorge, Jorge D\u00f3rea e Vicente Porci\u00fancula.<\/span><\/p>\n<p style=\"text-align: justify;\" align=\"justify\" data-raofz=\"14\"><span style=\"font-size: 14pt;\">Com Eliza Azevedo (Defensoria P\u00fablica)<\/span><\/p>\n<p style=\"text-align: justify;\" align=\"justify\" data-raofz=\"14\"><span style=\"font-size: 14pt;\">Fotos: Anderson Macena<\/span><\/p>\n","protected":false},"excerpt":{"rendered":"<p> [&hellip;]<\/p>\n","protected":false},"author":4,"featured_media":9156,"comment_status":"closed","ping_status":"closed","sticky":false,"template":"","format":"standard","meta":{"om_disable_all_campaigns":false,"_monsterinsights_skip_tracking":false,"_monsterinsights_sitenote_active":false,"_monsterinsights_sitenote_note":"","_monsterinsights_sitenote_category":0,"_uf_show_specific_survey":0,"_uf_disable_surveys":false,"footnotes":""},"categories":[56,2],"tags":[],"class_list":["post-9155","post","type-post","status-publish","format-standard","has-post-thumbnail","hentry","category-not_braskem","category-not_mpal"],"aioseo_notices":[],"_links":{"self":[{"href":"https:\/\/www.mpal.mp.br\/index.php?rest_route=\/wp\/v2\/posts\/9155","targetHints":{"allow":["GET"]}}],"collection":[{"href":"https:\/\/www.mpal.mp.br\/index.php?rest_route=\/wp\/v2\/posts"}],"about":[{"href":"https:\/\/www.mpal.mp.br\/index.php?rest_route=\/wp\/v2\/types\/post"}],"author":[{"embeddable":true,"href":"https:\/\/www.mpal.mp.br\/index.php?rest_route=\/wp\/v2\/users\/4"}],"replies":[{"embeddable":true,"href":"https:\/\/www.mpal.mp.br\/index.php?rest_route=%2Fwp%2Fv2%2Fcomments&post=9155"}],"version-history":[{"count":1,"href":"https:\/\/www.mpal.mp.br\/index.php?rest_route=\/wp\/v2\/posts\/9155\/revisions"}],"predecessor-version":[{"id":9157,"href":"https:\/\/www.mpal.mp.br\/index.php?rest_route=\/wp\/v2\/posts\/9155\/revisions\/9157"}],"wp:featuredmedia":[{"embeddable":true,"href":"https:\/\/www.mpal.mp.br\/index.php?rest_route=\/wp\/v2\/media\/9156"}],"wp:attachment":[{"href":"https:\/\/www.mpal.mp.br\/index.php?rest_route=%2Fwp%2Fv2%2Fmedia&parent=9155"}],"wp:term":[{"taxonomy":"category","embeddable":true,"href":"https:\/\/www.mpal.mp.br\/index.php?rest_route=%2Fwp%2Fv2%2Fcategories&post=9155"},{"taxonomy":"post_tag","embeddable":true,"href":"https:\/\/www.mpal.mp.br\/index.php?rest_route=%2Fwp%2Fv2%2Ftags&post=9155"}],"curies":[{"name":"wp","href":"https:\/\/api.w.org\/{rel}","templated":true}]}}