{"id":9132,"date":"2015-01-14T10:10:26","date_gmt":"2015-01-14T12:10:26","guid":{"rendered":"https:\/\/www.mpal.mp.br\/?p=9132"},"modified":"2022-06-13T10:41:53","modified_gmt":"2022-06-13T13:41:53","slug":"operacao-integrada-entre-gecoc-seds-justica-e-policias-resulta-na-prisao-de-12-pessoas-e-na-apreensao-de-armas-drogas-veiculo-e-dinheiro","status":"publish","type":"post","link":"https:\/\/www.mpal.mp.br\/?p=9132","title":{"rendered":"Opera\u00e7\u00e3o integrada entre Gecoc, Seds, Justi\u00e7a e Pol\u00edcias resulta na pris\u00e3o de 12 pessoas e na apreens\u00e3o de armas, drogas, ve\u00edculo e dinheiro"},"content":{"rendered":"<p style=\"text-align: justify;\"><span style=\"font-size: 14pt;\">Uma opera\u00e7\u00e3o integrada, realizada em parceria entre o Grupo Estadual de Combate \u00e0s Organiza\u00e7\u00f5es Criminosas (Gecoc) do Minist\u00e9rio P\u00fablico do Estado de Alagoas, a 17\u00aa Vara Criminal da Capital, a Secretaria Estadual de Defesa Social (Seds), a Superintend\u00eancia-Geral de Administra\u00e7\u00e3o Penitenci\u00e1ria e as Pol\u00edcias Militar, Civil, Federal e Rodovi\u00e1ria Federal, resultou na pris\u00e3o de 12 pessoas e na apreens\u00e3o de drogas, uma moto com queixa de roubo, armas de diferentes calibres, muni\u00e7\u00f5es e outros objetos. Ao todo, foram cumpridos 50 mandados de busca e apreens\u00e3o.<\/span><\/p>\n<p style=\"text-align: justify;\"><span style=\"font-size: 14pt;\">A a\u00e7\u00e3o conjunta contou com a participa\u00e7\u00e3o de cerca de 50 equipes, totalizando aproximadamente o n\u00famero de 200 homens e cumpriu todos os mandados, expedidos pela 17\u00aa Vara Criminal da Capital, em diversos bairros de Macei\u00f3 e na regi\u00e3o metropolitana. Dentras pris\u00f5es registradas em flagrante, est\u00e1 a de Jos\u00e9 Santos, que presta servi\u00e7o ao Estado como agente penitenci\u00e1rio. Ele foi detido com 17 muni\u00e7\u00f5es calibre 22, no Clima Bom.<\/span><\/p>\n<p style=\"text-align: justify;\"><span style=\"font-size: 14pt;\">Thiago Silva, filho de um policial militar, foi preso no Ouro Preto com v\u00e1rios documentos de ve\u00edculos que possuem queixa de assalto e com uma pistola .380. Tamb\u00e9m com arma, Jo\u00e3o Queir\u00f3s foi preso com um rev\u00f3lver 357, com 30 muni\u00e7\u00f5es de calibre 38 e outras duas, de calibre 45. Ao lado da resid\u00eancia dele, no conjunto Jardim Sa\u00fade, uma moto roubada estava estacionada. O ve\u00edculo foi recolhido.<\/span><\/p>\n<p style=\"text-align: justify;\"><span style=\"font-size: 14pt;\">Ainda na parte alta da cidade, Thiago Jos\u00e9 Medeiros de S\u00e1 foi detido em posse de uma grande quantidade de muni\u00e7\u00f5es calibre 38. J\u00e1 Aline Priscila de Oliveira, com uma espingarda e 12 muni\u00e7\u00f5es e Fagner Jos\u00e9 de Oliveira, com um rev\u00f3lver 38 e 10 muni\u00e7\u00f5es da mesma arma. As pris\u00f5es ocorreram na Cidade Universit\u00e1ria e no conjunto Denisson Menezes, respectivamente.<\/span><\/p>\n<p style=\"text-align: justify;\"><span style=\"font-size: 14pt;\">E teve arma da Pol\u00edcia Civil apreendida durante a opera\u00e7\u00e3o. Eron\u00edlson Pereira da Silva foi detido no Bom Parto em posse de uma pistola .40, com numera\u00e7\u00e3o raspada, que pertence aquela institui\u00e7\u00e3o.<\/span><\/p>\n<p style=\"text-align: justify;\"><span style=\"font-size: 14pt;\"><strong>Entorpecentes<\/strong><\/span><\/p>\n<p style=\"text-align: justify;\"><span style=\"font-size: 14pt;\">No Clima Bom, Ant\u00f4nio Almeida Mota Neto foi preso em flagrante delito com sete quilos de maconha. Denisson de Mauro Silva foi detido na Jati\u00faca. Em sua resid\u00eancia foram encontradas maconha, coca\u00edna e uma balan\u00e7a de precis\u00e3o, al\u00e9m de R$ 290,00. Na Ponta Grossa, com M\u00e1rcio Andr\u00e9, o Gecoc e as pol\u00edcias encontraram dezenas de frascos de lol\u00f3.<\/span><\/p>\n<p style=\"text-align: justify;\"><span style=\"font-size: 14pt;\">Numa outra casa, no conjunto Virgem dos Pobres, foram localizados mais entorpecentes. Maconha, coca\u00edna e crack e mais R$ 543,00 foram apreendidos. N\u00e3o havia ningu\u00e9m no im\u00f3vel. Tamb\u00e9m no Virgem dos Pobres, Carlos Barbosa foi preso acusado de recepta\u00e7\u00e3o de produtos roubados e furtados. Com ele foram encontrados rel\u00f3gios e j\u00f3ias.<\/span><\/p>\n<p style=\"text-align: justify;\"><span style=\"font-size: 14pt;\"><strong>Suspeito de homic\u00eddio<\/strong><\/span><\/p>\n<p style=\"text-align: justify;\"><span style=\"font-size: 14pt;\">C\u00e9sar Caetano foi o \u00faltimo preso da opera\u00e7\u00e3o. Ele foi detido no povoado de Barra Nova, portando um rev\u00f3lver 38 com v\u00e1rias muni\u00e7\u00f5es e um carregador de pistola 380. De acordo com o Gecoc, a arma apreendida pode ter sido usada num crime de homic\u00eddio ocorrido ontem, naquela mesma localidade.<\/span><\/p>\n<p style=\"text-align: justify;\"><span style=\"font-size: 14pt;\">Segundo o MPE\/AL e a Seds, a a\u00e7\u00e3o integrada teve o objetivo de desarticular pelo menos 10 quadrilhas que praticam crimes de assassinato, furtos e roubos e tr\u00e1fico de drogas e armas.<\/span><\/p>\n","protected":false},"excerpt":{"rendered":"<p> [&hellip;]<\/p>\n","protected":false},"author":2,"featured_media":9134,"comment_status":"open","ping_status":"open","sticky":false,"template":"","format":"standard","meta":{"om_disable_all_campaigns":false,"_monsterinsights_skip_tracking":false,"_monsterinsights_sitenote_active":false,"_monsterinsights_sitenote_note":"","_monsterinsights_sitenote_category":0,"_uf_show_specific_survey":0,"_uf_disable_surveys":false,"footnotes":""},"categories":[23],"tags":[],"class_list":["post-9132","post","type-post","status-publish","format-standard","has-post-thumbnail","hentry","category-not_gaeco"],"aioseo_notices":[],"_links":{"self":[{"href":"https:\/\/www.mpal.mp.br\/index.php?rest_route=\/wp\/v2\/posts\/9132","targetHints":{"allow":["GET"]}}],"collection":[{"href":"https:\/\/www.mpal.mp.br\/index.php?rest_route=\/wp\/v2\/posts"}],"about":[{"href":"https:\/\/www.mpal.mp.br\/index.php?rest_route=\/wp\/v2\/types\/post"}],"author":[{"embeddable":true,"href":"https:\/\/www.mpal.mp.br\/index.php?rest_route=\/wp\/v2\/users\/2"}],"replies":[{"embeddable":true,"href":"https:\/\/www.mpal.mp.br\/index.php?rest_route=%2Fwp%2Fv2%2Fcomments&post=9132"}],"version-history":[{"count":1,"href":"https:\/\/www.mpal.mp.br\/index.php?rest_route=\/wp\/v2\/posts\/9132\/revisions"}],"predecessor-version":[{"id":9135,"href":"https:\/\/www.mpal.mp.br\/index.php?rest_route=\/wp\/v2\/posts\/9132\/revisions\/9135"}],"wp:featuredmedia":[{"embeddable":true,"href":"https:\/\/www.mpal.mp.br\/index.php?rest_route=\/wp\/v2\/media\/9134"}],"wp:attachment":[{"href":"https:\/\/www.mpal.mp.br\/index.php?rest_route=%2Fwp%2Fv2%2Fmedia&parent=9132"}],"wp:term":[{"taxonomy":"category","embeddable":true,"href":"https:\/\/www.mpal.mp.br\/index.php?rest_route=%2Fwp%2Fv2%2Fcategories&post=9132"},{"taxonomy":"post_tag","embeddable":true,"href":"https:\/\/www.mpal.mp.br\/index.php?rest_route=%2Fwp%2Fv2%2Ftags&post=9132"}],"curies":[{"name":"wp","href":"https:\/\/api.w.org\/{rel}","templated":true}]}}