{"id":9129,"date":"2015-01-22T10:08:48","date_gmt":"2015-01-22T12:08:48","guid":{"rendered":"https:\/\/www.mpal.mp.br\/?p=9129"},"modified":"2022-06-13T10:09:51","modified_gmt":"2022-06-13T13:09:51","slug":"operacao-integrada-entre-gecoc-sedres-forca-nacional-e-prf-desarticula-quadrilhas-no-sertao-de-alagoas","status":"publish","type":"post","link":"https:\/\/www.mpal.mp.br\/?p=9129","title":{"rendered":"Opera\u00e7\u00e3o integrada entre Gecoc, Sedres, For\u00e7a Nacional e PRF desarticula quadrilhas no Sert\u00e3o de Alagoas"},"content":{"rendered":"<p style=\"text-align: justify;\"><span style=\"font-size: 14pt;\">Uma opera\u00e7\u00e3o realizada na manh\u00e3 desta quinta-feira (22), em parceria entre Grupo Estadual de Combate \u00e0s Organiza\u00e7\u00f5es Criminosas (Gecoc) do Minist\u00e9rio P\u00fablico do Estado de Alagoas, a Secretaria de estado da Defesa Social e Ressocializa\u00e7\u00e3o, a For\u00e7a Nacional e a da Pol\u00edcia Rodovi\u00e1ria Federal, resultou na pris\u00e3o de 11 pessoas e na apreens\u00e3o de armas e drogas. A a\u00e7\u00e3 conjunta teve o objetivo de desarticular quadrilhas especializadas em assaltos e tr\u00e1fico de drogas na regi\u00e3o do Agreste alagoano.<\/span><\/p>\n<p style=\"text-align: justify;\"><span style=\"font-size: 14pt;\">A opera\u00e7\u00e3o envolvendo o Gecoc e as for\u00e7as integradas da seguran\u00e7a p\u00fablica em Alagoas come\u00e7ou nas primeiras horas da manh\u00e3 desta quinta-feira. A opera\u00e7\u00e3o integrada ocorreu nos munic\u00edpios de Arapiraca, Campo Grande e Limoeiro de Anadia e cumpriu v\u00e1rios mandados de busca e apreens\u00e3o e de pris\u00e3o expedidos, a pedido do MPE\/AL, pela 17\u00ba Vara Criminal da Capital e pelo juiz Maur\u00edcio Breda, da Comarca de Girau do Ponciano.<\/span><\/p>\n<p style=\"text-align: justify;\"><span style=\"font-size: 14pt;\">Ao todo, 11 homens foram presos: Jos\u00e9 Aparecido dos Santos e Claudevan da Silva, ambos de 28 anos; Vitor dos Santos, de 25; os irm\u00e3os E.D.T.M., de 17 e Johnatan Daniel Teixeira Moraes, de 19; A.B.C., de 16; Johy Dikson Gomes Batista, de 26 anos; Jos\u00e9 Roberto dos Santos, de 40; Ed\u00edlson Augusto dos Santos, de 35; Wellington Carlos da Silva Cruz, de 20 anos e Wandayk da Silva Vitor, de 32.<\/span><\/p>\n<p style=\"text-align: justify;\"><span style=\"font-size: 14pt;\"><strong>Material apreendido<\/strong><\/span><\/p>\n<p style=\"text-align: justify;\"><span style=\"font-size: 14pt;\">Durante a opera\u00e7\u00e3o foram apreendidas oito armas, sendo duas pistolas, um rifle 22 (autom\u00e1tico) e cinco rev\u00f3lveres. Tamb\u00e9m houve a apreens\u00e3o de maconha, coca\u00edna, dinheiro e aparelhos celulares.<\/span><\/p>\n<p style=\"text-align: justify;\"><span style=\"font-size: 14pt;\">Al\u00e9m do Gecoc e da c\u00fapula da Sedres, participaram ainda da opera\u00e7\u00e3o militares da Radiopatrulha, do Pelopes do 3\u00ba BPM (Arapiraca), do Bope, do Tigre, da Pol\u00edcia Civil, da For\u00e7a Nacional e da Pol\u00edcia Rodovi\u00e1ria Federal.<\/span><\/p>\n","protected":false},"excerpt":{"rendered":"<p> [&hellip;]<\/p>\n","protected":false},"author":2,"featured_media":2611,"comment_status":"open","ping_status":"open","sticky":false,"template":"","format":"standard","meta":{"om_disable_all_campaigns":false,"_monsterinsights_skip_tracking":false,"_monsterinsights_sitenote_active":false,"_monsterinsights_sitenote_note":"","_monsterinsights_sitenote_category":0,"_uf_show_specific_survey":0,"_uf_disable_surveys":false,"footnotes":""},"categories":[23],"tags":[],"class_list":["post-9129","post","type-post","status-publish","format-standard","has-post-thumbnail","hentry","category-not_gaeco"],"aioseo_notices":[],"_links":{"self":[{"href":"https:\/\/www.mpal.mp.br\/index.php?rest_route=\/wp\/v2\/posts\/9129","targetHints":{"allow":["GET"]}}],"collection":[{"href":"https:\/\/www.mpal.mp.br\/index.php?rest_route=\/wp\/v2\/posts"}],"about":[{"href":"https:\/\/www.mpal.mp.br\/index.php?rest_route=\/wp\/v2\/types\/post"}],"author":[{"embeddable":true,"href":"https:\/\/www.mpal.mp.br\/index.php?rest_route=\/wp\/v2\/users\/2"}],"replies":[{"embeddable":true,"href":"https:\/\/www.mpal.mp.br\/index.php?rest_route=%2Fwp%2Fv2%2Fcomments&post=9129"}],"version-history":[{"count":1,"href":"https:\/\/www.mpal.mp.br\/index.php?rest_route=\/wp\/v2\/posts\/9129\/revisions"}],"predecessor-version":[{"id":9131,"href":"https:\/\/www.mpal.mp.br\/index.php?rest_route=\/wp\/v2\/posts\/9129\/revisions\/9131"}],"wp:featuredmedia":[{"embeddable":true,"href":"https:\/\/www.mpal.mp.br\/index.php?rest_route=\/wp\/v2\/media\/2611"}],"wp:attachment":[{"href":"https:\/\/www.mpal.mp.br\/index.php?rest_route=%2Fwp%2Fv2%2Fmedia&parent=9129"}],"wp:term":[{"taxonomy":"category","embeddable":true,"href":"https:\/\/www.mpal.mp.br\/index.php?rest_route=%2Fwp%2Fv2%2Fcategories&post=9129"},{"taxonomy":"post_tag","embeddable":true,"href":"https:\/\/www.mpal.mp.br\/index.php?rest_route=%2Fwp%2Fv2%2Ftags&post=9129"}],"curies":[{"name":"wp","href":"https:\/\/api.w.org\/{rel}","templated":true}]}}