{"id":9118,"date":"2015-02-24T10:04:31","date_gmt":"2015-02-24T13:04:31","guid":{"rendered":"https:\/\/www.mpal.mp.br\/?p=9118"},"modified":"2022-06-13T10:06:02","modified_gmt":"2022-06-13T13:06:02","slug":"gecoc-e-sedres-apreendem-85-quilos-de-maconha-em-arapiraca-operacao-resulta-na-prisao-de-tres-pessoas","status":"publish","type":"post","link":"https:\/\/www.mpal.mp.br\/?p=9118","title":{"rendered":"Gecoc e Sedres apreendem 85 quilos de maconha em Arapiraca; opera\u00e7\u00e3o resulta na pris\u00e3o de tr\u00eas pessoas"},"content":{"rendered":"<p style=\"text-align: justify;\"><span style=\"font-size: 14pt;\">Uma opera\u00e7\u00e3o realizada pelo Grupo Estadual de Combate \u00e0s Organiza\u00e7\u00f5es Criminosas (Gecoc) do Minist\u00e9rio P\u00fablico Estadual de Alagoas em parceria com a Secretaria de Estado da Defesa Social e Ressocializa\u00e7\u00e3o (Sedres) apreendeu, na madrugada desta ter\u00e7a-feira (24), 85 quilos de maconha no munic\u00edpio de Arapiraca. Tr\u00eas pessoas foram presas acusadas da pr\u00e1tica do crime de tr\u00e1fico de drogas.<\/span><\/p>\n<p style=\"text-align: justify;\"><span style=\"font-size: 14pt;\">De acordo com a coordena\u00e7\u00e3o do Gecoc, foram presos Eduardo Medeiros Fideles, de 30 anos, Cosmo Targino Pontes, de 26, e Gaspar Pereira dos Santos Lira, de 25 anos. Um quarto homem, conhecido apenas como \u201cArnaldinho\u201d, que teria comprado a droga de Eduardo, est\u00e1 foragido.<\/span><\/p>\n<p style=\"text-align: justify;\"><span style=\"font-size: 14pt;\">Segundo as investiga\u00e7\u00f5es do Gecoc, da 2\u00aa se\u00e7\u00e3o da Pol\u00edcia Militar e do 3\u00ba Batalh\u00e3o da Pol\u00edcia Militar, Eduardo Medeiros \u00e9 um dos principais fornecedores de drogas para Macei\u00f3 e Arapiraca e compra os entorpecentes em S\u00e3o Paulo, a um outro traficante identificado como \u201cPaulista\u201d. Ap\u00f3s encomendar os 85 quilos de maconha prensada, Eduardo teria vendido a droga para \u201cArnaldinho\u201d, que guardou o produto num armaz\u00e9m de sua propriedade, localizado no bairro de Primavera, em Arapiraca.<\/span><\/p>\n<p style=\"text-align: justify;\"><span style=\"font-size: 14pt;\">De posse dessa informa\u00e7\u00e3o, o Gecoc solicitou a expedi\u00e7\u00e3o de um mandado de busca e apreens\u00e3o \u00e0 17\u00aa Vara Criminal da Capital e tal medida cautelar foi cumprida na madrugada desta ter\u00e7a-feira.<\/span><\/p>\n<p style=\"text-align: justify;\"><span style=\"font-size: 14pt;\"><strong>Valor da droga<\/strong><\/span><\/p>\n<p style=\"text-align: justify;\"><span style=\"font-size: 14pt;\">Eduardo Medeiros teria comprado a droga em S\u00e3o Paulo pelo valor de aproximadamente R$ 59,5 mil. A fun\u00e7\u00e3o dele na quadrilha era fornecer o entorpecente para outros traficantes.<\/span><\/p>\n<p style=\"text-align: justify;\"><span style=\"font-size: 14pt;\">Gaspar Pereira tinha o posto de tesoureiro do bando liderado por \u201cArnaldinho\u201d e era o respons\u00e1vel por pagamentos e cobran\u00e7as. J\u00e1 Cosmo Targino era o vigia do armaz\u00e9m onde a maconha estava escondida.<\/span><\/p>\n<p style=\"text-align: justify;\"><span style=\"font-size: 14pt;\">Presos e droga foram trazidos para Macei\u00f3, ouvidos no Gecoc e, em seguida, encaminhados para a Centrald e Flagrantes para os devidos procedimentos legais.\u00a0<\/span><\/p>\n","protected":false},"excerpt":{"rendered":"<p> [&hellip;]<\/p>\n","protected":false},"author":2,"featured_media":9119,"comment_status":"open","ping_status":"open","sticky":false,"template":"","format":"standard","meta":{"om_disable_all_campaigns":false,"_monsterinsights_skip_tracking":false,"_monsterinsights_sitenote_active":false,"_monsterinsights_sitenote_note":"","_monsterinsights_sitenote_category":0,"_uf_show_specific_survey":0,"_uf_disable_surveys":false,"footnotes":""},"categories":[23],"tags":[],"class_list":["post-9118","post","type-post","status-publish","format-standard","has-post-thumbnail","hentry","category-not_gaeco"],"aioseo_notices":[],"_links":{"self":[{"href":"https:\/\/www.mpal.mp.br\/index.php?rest_route=\/wp\/v2\/posts\/9118","targetHints":{"allow":["GET"]}}],"collection":[{"href":"https:\/\/www.mpal.mp.br\/index.php?rest_route=\/wp\/v2\/posts"}],"about":[{"href":"https:\/\/www.mpal.mp.br\/index.php?rest_route=\/wp\/v2\/types\/post"}],"author":[{"embeddable":true,"href":"https:\/\/www.mpal.mp.br\/index.php?rest_route=\/wp\/v2\/users\/2"}],"replies":[{"embeddable":true,"href":"https:\/\/www.mpal.mp.br\/index.php?rest_route=%2Fwp%2Fv2%2Fcomments&post=9118"}],"version-history":[{"count":1,"href":"https:\/\/www.mpal.mp.br\/index.php?rest_route=\/wp\/v2\/posts\/9118\/revisions"}],"predecessor-version":[{"id":9120,"href":"https:\/\/www.mpal.mp.br\/index.php?rest_route=\/wp\/v2\/posts\/9118\/revisions\/9120"}],"wp:featuredmedia":[{"embeddable":true,"href":"https:\/\/www.mpal.mp.br\/index.php?rest_route=\/wp\/v2\/media\/9119"}],"wp:attachment":[{"href":"https:\/\/www.mpal.mp.br\/index.php?rest_route=%2Fwp%2Fv2%2Fmedia&parent=9118"}],"wp:term":[{"taxonomy":"category","embeddable":true,"href":"https:\/\/www.mpal.mp.br\/index.php?rest_route=%2Fwp%2Fv2%2Fcategories&post=9118"},{"taxonomy":"post_tag","embeddable":true,"href":"https:\/\/www.mpal.mp.br\/index.php?rest_route=%2Fwp%2Fv2%2Ftags&post=9118"}],"curies":[{"name":"wp","href":"https:\/\/api.w.org\/{rel}","templated":true}]}}