{"id":9114,"date":"2015-04-07T10:03:16","date_gmt":"2015-04-07T13:03:16","guid":{"rendered":"https:\/\/www.mpal.mp.br\/?p=9114"},"modified":"2022-06-13T10:04:00","modified_gmt":"2022-06-13T13:04:00","slug":"gecoc-6o-bpm-e-policiamento-aereo-da-sedres-realizam-operacao-que-resulta-na-prisao-de-dois-homens-e-uma-adolescente-droga-armas-e-municoes-foram-apreendidas","status":"publish","type":"post","link":"https:\/\/www.mpal.mp.br\/?p=9114","title":{"rendered":"Gecoc, 6\u00ba BPM e policiamento a\u00e9reo da Sedres realizam opera\u00e7\u00e3o que resulta na pris\u00e3o de dois homens e uma adolescente, droga, armas e muni\u00e7\u00f5es foram apreendidas"},"content":{"rendered":"<p style=\"text-align: justify;\">Uma opera\u00e7\u00e3o comandada pelo Gecoc e pela Sedres, realizada na manh\u00e3 desta ter\u00e7a-feira (07), resultou na pris\u00e3o de dois homens e uma adolescente e na apreens\u00e3o de maconha, armas, uma moto com suspeita de roubo e bastante muni\u00e7\u00e3o. Presos e material foram encaminhados \u00e0 delegacia de Matriz de Camaragibe. Os acusados s\u00e3o apontados como integrantes de uma quadrilha de tr\u00e1fico de drogas e suspeitos de participar da morte de um policial militar.<\/p>\n<p style=\"text-align: justify;\">A a\u00e7\u00e3o teve tr\u00eas alvos. No primeiro deles, foi presa a adolescente L.M.S., de 16 anos. Com ela foram apreendidas v\u00e1rias muni\u00e7\u00f5es de calibres diferentes.<\/p>\n<p style=\"text-align: justify;\">No segundo local de abordagem, a resid\u00eancia de Jos\u00e9 Manoel da Silva, de 20 anos, houve resist\u00eancia por parte do suspeito. O jovem efetuou quatro disparos contra os agentes da seguran\u00e7a p\u00fablica e houve troca de tiros. Manoel, que era acusado de chefiar o tr\u00e1fico em Matriz de Camaragibe, ainda chegou a ser socorrido pela PM, por\u00e9m, morreu a caminho do hospital. No interior da casa dele foi apreendido um rev\u00f3lver calibre 38 e uma moto com suspeita de roubo que, inclusive, foi utilizada num assalto h\u00e1 poucos dias.<\/p>\n<p style=\"text-align: justify;\"><strong>Mais mterial apreendido e outras pris\u00f5es<\/strong><\/p>\n<p style=\"text-align: justify;\">Wendell da Silva Louren\u00e7o e Ant\u00f4nio Pedro da Silva foram presos numa outra resid\u00eancia que servia como ponto de vendas de drogas. O im\u00f3vel tamb\u00e9m pertencia a Manoel e, nos interior, foi encontrada uma grande quantidade de maconha pronta para ser vendida.<\/p>\n<p style=\"text-align: justify;\">O menor E.J.L.S, que estava no local, tentou fugir e tamb\u00e9m atirou contra a pol\u00edcia. Novamente ocorreu troca de tiros e o acusado morreu. Ele estava portando uma pistola 380.<\/p>\n<p style=\"text-align: justify;\"><strong>As investiga\u00e7\u00f5es<\/strong><\/p>\n<p style=\"text-align: justify;\">As investiga\u00e7\u00f5es contra os acusados come\u00e7aram depois da morte do &#8220;Sargento Jos\u00e9 Luiz&#8221;, ocorrida recentemente, naquela regi\u00e3o. &#8220;Toinho da Matriz&#8221;, irm\u00e3o de Manoel, \u00e9 apontado como o assassino do militar. Ele n\u00e3o foi localizado, por\u00e9m, Gecoc e PM continuam em dilig\u00eancias, na tentativa de captur\u00e1-lo.<\/p>\n<p style=\"text-align: justify;\">A pistola 380 que estava com o adolescente pertencia ao sargento assassinado.<\/p>\n","protected":false},"excerpt":{"rendered":"<p> [&hellip;]<\/p>\n","protected":false},"author":2,"featured_media":9115,"comment_status":"open","ping_status":"open","sticky":false,"template":"","format":"standard","meta":{"om_disable_all_campaigns":false,"_monsterinsights_skip_tracking":false,"_monsterinsights_sitenote_active":false,"_monsterinsights_sitenote_note":"","_monsterinsights_sitenote_category":0,"_uf_show_specific_survey":0,"_uf_disable_surveys":false,"footnotes":""},"categories":[23],"tags":[],"class_list":["post-9114","post","type-post","status-publish","format-standard","has-post-thumbnail","hentry","category-not_gaeco"],"aioseo_notices":[],"_links":{"self":[{"href":"https:\/\/www.mpal.mp.br\/index.php?rest_route=\/wp\/v2\/posts\/9114","targetHints":{"allow":["GET"]}}],"collection":[{"href":"https:\/\/www.mpal.mp.br\/index.php?rest_route=\/wp\/v2\/posts"}],"about":[{"href":"https:\/\/www.mpal.mp.br\/index.php?rest_route=\/wp\/v2\/types\/post"}],"author":[{"embeddable":true,"href":"https:\/\/www.mpal.mp.br\/index.php?rest_route=\/wp\/v2\/users\/2"}],"replies":[{"embeddable":true,"href":"https:\/\/www.mpal.mp.br\/index.php?rest_route=%2Fwp%2Fv2%2Fcomments&post=9114"}],"version-history":[{"count":1,"href":"https:\/\/www.mpal.mp.br\/index.php?rest_route=\/wp\/v2\/posts\/9114\/revisions"}],"predecessor-version":[{"id":9116,"href":"https:\/\/www.mpal.mp.br\/index.php?rest_route=\/wp\/v2\/posts\/9114\/revisions\/9116"}],"wp:featuredmedia":[{"embeddable":true,"href":"https:\/\/www.mpal.mp.br\/index.php?rest_route=\/wp\/v2\/media\/9115"}],"wp:attachment":[{"href":"https:\/\/www.mpal.mp.br\/index.php?rest_route=%2Fwp%2Fv2%2Fmedia&parent=9114"}],"wp:term":[{"taxonomy":"category","embeddable":true,"href":"https:\/\/www.mpal.mp.br\/index.php?rest_route=%2Fwp%2Fv2%2Fcategories&post=9114"},{"taxonomy":"post_tag","embeddable":true,"href":"https:\/\/www.mpal.mp.br\/index.php?rest_route=%2Fwp%2Fv2%2Ftags&post=9114"}],"curies":[{"name":"wp","href":"https:\/\/api.w.org\/{rel}","templated":true}]}}