{"id":9104,"date":"2015-04-24T10:00:34","date_gmt":"2015-04-24T13:00:34","guid":{"rendered":"https:\/\/www.mpal.mp.br\/?p=9104"},"modified":"2022-06-13T10:01:05","modified_gmt":"2022-06-13T13:01:05","slug":"operacao-do-gecoc-e-da-promotoria-de-vicosa-cumpre-14-mandados-de-prisao-e-busca-e-apreensao-no-municipio","status":"publish","type":"post","link":"https:\/\/www.mpal.mp.br\/?p=9104","title":{"rendered":"Opera\u00e7\u00e3o do Gecoc e da Promotoria de Vi\u00e7osa cumpre 14 mandados de pris\u00e3o e busca e apreens\u00e3o no munic\u00edpio"},"content":{"rendered":"<p style=\"text-align: justify;\"><span style=\"font-size: 14pt;\">Um trabalho integrado realizado pelo Grupo Estadual de Combate \u00e0s Organiza\u00e7\u00f5es Criminosas (Gecoc), pela Promotoria de Justi\u00e7a de Vi\u00e7osa, Tigre e Bope, na manh\u00e3 desta sexta-feira (24), cumpriu 14 mandados de pris\u00e3o e de busca apreens\u00e3o no munic\u00edpio. A opera\u00e7\u00e3o aconteceu em combate ao crime de tr\u00e1fico de drogas na cidade.<\/span><\/p>\n<p style=\"text-align: justify;\"><span style=\"font-size: 14pt;\">A opera\u00e7\u00e3o come\u00e7ou por volta das 6h da manh\u00e3 de hoje e cumpriu oito mandados de busca e apreens\u00e3o e seis de pris\u00e3o. No total, quatro pessoas foram presas, duas delas, em flagrante delito.<\/span><\/p>\n<p style=\"text-align: justify;\"><span style=\"font-size: 14pt;\">De acordo com a coordena\u00e7\u00e3o do Gecoc e com o promotor Anderson Cl\u00e1udio de Almeida, o trabalho em parceira com as Pol\u00edcias Militar e Civil teve o objetivo de desarticular um grupo que praticava o com\u00e9rcio ilegal de tr\u00e1fico de entorpecentes naquela regi\u00e3o. O bando estava sendo investigado h\u00e1 cerca de tr\u00eas meses.<\/span><\/p>\n<p style=\"text-align: justify;\"><span style=\"font-size: 14pt;\">Na a\u00e7\u00e3o, foram presos Wesley Feliciano da Silva, Ant\u00f4nio Ferreira de Queiros,\u00a0Rayane Agat\u00e2ngela Soares da Silva e Amanda Rafaela da Silva. Os dois primeiros, em flagrante delito. Todos os mandados foram expedidos pela 17\u00aa Vara Criminal da Capital.<\/span><\/p>\n<p style=\"text-align: justify;\"><span style=\"font-size: 14pt;\"><strong>Material apreendido<\/strong><\/span><\/p>\n<p style=\"text-align: justify;\"><span style=\"font-size: 14pt;\">Armas, vasta muni\u00e7\u00e3o, drogas e ve\u00edculos adquiridos com o dinheiro do tr\u00e1fico foram apreendidos durante a opera\u00e7\u00e3o.<\/span><\/p>\n<p style=\"text-align: justify;\"><span style=\"font-size: 14pt;\">Uma pistola calibre .40 e uma moto foram localizadas na casa de Wesley Feliciano. J\u00e1 com Ant\u00f4nio Ferreira de Queiros foram apreendidos uma pistola 380, muni\u00e7\u00f5es de diferentes calibres, dois carregadores municiados e mais uma motocicleta.<\/span><\/p>\n<p style=\"text-align: justify;\"><span style=\"font-size: 14pt;\">Na casa de Sirleide, que n\u00e3o foi localizada, foram apreendidas dezenas de muni\u00e7\u00f5es de calibres .40, 380 e espingarda calibre 12, coca\u00edna, crack e maconha. Ela \u00e9 considerada a l\u00edder do grupo. Presos e material apreendido foram encaminhados \u00e0 delegacia de Vi\u00e7osa<\/span><\/p>\n","protected":false},"excerpt":{"rendered":"<p> [&hellip;]<\/p>\n","protected":false},"author":2,"featured_media":9105,"comment_status":"open","ping_status":"open","sticky":false,"template":"","format":"standard","meta":{"om_disable_all_campaigns":false,"_monsterinsights_skip_tracking":false,"_monsterinsights_sitenote_active":false,"_monsterinsights_sitenote_note":"","_monsterinsights_sitenote_category":0,"_uf_show_specific_survey":0,"_uf_disable_surveys":false,"footnotes":""},"categories":[23],"tags":[],"class_list":["post-9104","post","type-post","status-publish","format-standard","has-post-thumbnail","hentry","category-not_gaeco"],"aioseo_notices":[],"_links":{"self":[{"href":"https:\/\/www.mpal.mp.br\/index.php?rest_route=\/wp\/v2\/posts\/9104","targetHints":{"allow":["GET"]}}],"collection":[{"href":"https:\/\/www.mpal.mp.br\/index.php?rest_route=\/wp\/v2\/posts"}],"about":[{"href":"https:\/\/www.mpal.mp.br\/index.php?rest_route=\/wp\/v2\/types\/post"}],"author":[{"embeddable":true,"href":"https:\/\/www.mpal.mp.br\/index.php?rest_route=\/wp\/v2\/users\/2"}],"replies":[{"embeddable":true,"href":"https:\/\/www.mpal.mp.br\/index.php?rest_route=%2Fwp%2Fv2%2Fcomments&post=9104"}],"version-history":[{"count":1,"href":"https:\/\/www.mpal.mp.br\/index.php?rest_route=\/wp\/v2\/posts\/9104\/revisions"}],"predecessor-version":[{"id":9109,"href":"https:\/\/www.mpal.mp.br\/index.php?rest_route=\/wp\/v2\/posts\/9104\/revisions\/9109"}],"wp:featuredmedia":[{"embeddable":true,"href":"https:\/\/www.mpal.mp.br\/index.php?rest_route=\/wp\/v2\/media\/9105"}],"wp:attachment":[{"href":"https:\/\/www.mpal.mp.br\/index.php?rest_route=%2Fwp%2Fv2%2Fmedia&parent=9104"}],"wp:term":[{"taxonomy":"category","embeddable":true,"href":"https:\/\/www.mpal.mp.br\/index.php?rest_route=%2Fwp%2Fv2%2Fcategories&post=9104"},{"taxonomy":"post_tag","embeddable":true,"href":"https:\/\/www.mpal.mp.br\/index.php?rest_route=%2Fwp%2Fv2%2Ftags&post=9104"}],"curies":[{"name":"wp","href":"https:\/\/api.w.org\/{rel}","templated":true}]}}