{"id":9096,"date":"2015-05-13T09:56:48","date_gmt":"2015-05-13T12:56:48","guid":{"rendered":"https:\/\/www.mpal.mp.br\/?p=9096"},"modified":"2022-06-13T09:57:45","modified_gmt":"2022-06-13T12:57:45","slug":"gecoc-e-policias-civil-e-militar-desencadeiam-operacao-que-prende-seis-pessoas-e-aprende-grande-quantidade-de-produtos-roubados","status":"publish","type":"post","link":"https:\/\/www.mpal.mp.br\/?p=9096","title":{"rendered":"Gecoc e Pol\u00edcias Civil e Militar desencadeiam opera\u00e7\u00e3o que prende seis pessoas e aprende grande quantidade de produtos roubados"},"content":{"rendered":"<p style=\"text-align: justify;\"><span style=\"font-size: 14pt;\">Seis pessoas presas e vasto material roubado apreendido. Esse foi o resultado de uma opera\u00e7\u00e3o coordenada pelo Grupo Estadual de Combate \u00e0s Organiza\u00e7\u00f5es Criminosas do Minist\u00e9rio P\u00fablico Estadual de Alagoas (Gecoc), que ocorreu em parceria com o Batalh\u00e3o de Opera\u00e7\u00f5es Policiais Especiais (Bope) e a Delegacia de Roubos da capital, no in\u00edcio da manh\u00e3 desta quarta-feira (13), no bairro do Feitosa. O bando \u00e9 acusado de envolvimento em pelo menos dois recentes assaltos ocorridos em Macei\u00f3.<\/span><\/p>\n<p style=\"text-align: justify;\"><span style=\"font-size: 14pt;\">Thiago dos Santos, T.W.S e o adolescente J.P.S.S. s\u00e3o apontados como os criminosos que assaltaram um pet shop localizado no bairro da Serraria. O roubo acontecera h\u00e1 cerca de duas semanas. Nas casas onde eles estavam, foram apreendidos v\u00e1rios medicamentos para animais, coleiras e uma pistola que pertence a um policial militar. A suspeita \u00e9 de que arma foi subtra\u00edda do PM.<\/span><\/p>\n<p style=\"text-align: justify;\"><span style=\"font-size: 14pt;\">Em outras duas resid\u00eancias, tamb\u00e9m no Feitosa, foram detidos Marcos Manoel Nunes e Jackson Mickael Ferreira dos Santos. Ao lado de J.PS.S. e de Manoel dos Santos Filhos, eles s\u00e3o acusados de participa\u00e7\u00e3o no assalto contra um escrit\u00f3rio de contabilidade, h\u00e1 dois dias. Parte das v\u00edtimas esteve na Central de Flagrantes e fez o reconhecimento dos suspeitos. Inclusive, um dos funcion\u00e1rios da empresa confirmou que os assaltantes usaram de viol\u00eancia contra as v\u00edtimas.<\/span><\/p>\n<p style=\"text-align: justify;\"><span style=\"font-size: 14pt;\">Segundo o Gecoc, a investiga\u00e7\u00e3o contra esse grupo come\u00e7ou logo ap\u00f3s o roubo ao escrit\u00f3rio de contabilidade, ainda na noite da \u00faltima segunda-feira (11). De acordo com a delegada Maria Angelita Sousa, todos os acusados ser\u00e3o indiciados pelo crime de associa\u00e7\u00e3o criminosa e, cada um deles, pelo assalto que realmente for comprovado o envolvimento.<\/span><\/p>\n","protected":false},"excerpt":{"rendered":"<p> [&hellip;]<\/p>\n","protected":false},"author":2,"featured_media":9099,"comment_status":"open","ping_status":"open","sticky":false,"template":"","format":"standard","meta":{"om_disable_all_campaigns":false,"_monsterinsights_skip_tracking":false,"_monsterinsights_sitenote_active":false,"_monsterinsights_sitenote_note":"","_monsterinsights_sitenote_category":0,"_uf_show_specific_survey":0,"_uf_disable_surveys":false,"footnotes":""},"categories":[23],"tags":[],"class_list":["post-9096","post","type-post","status-publish","format-standard","has-post-thumbnail","hentry","category-not_gaeco"],"aioseo_notices":[],"_links":{"self":[{"href":"https:\/\/www.mpal.mp.br\/index.php?rest_route=\/wp\/v2\/posts\/9096","targetHints":{"allow":["GET"]}}],"collection":[{"href":"https:\/\/www.mpal.mp.br\/index.php?rest_route=\/wp\/v2\/posts"}],"about":[{"href":"https:\/\/www.mpal.mp.br\/index.php?rest_route=\/wp\/v2\/types\/post"}],"author":[{"embeddable":true,"href":"https:\/\/www.mpal.mp.br\/index.php?rest_route=\/wp\/v2\/users\/2"}],"replies":[{"embeddable":true,"href":"https:\/\/www.mpal.mp.br\/index.php?rest_route=%2Fwp%2Fv2%2Fcomments&post=9096"}],"version-history":[{"count":1,"href":"https:\/\/www.mpal.mp.br\/index.php?rest_route=\/wp\/v2\/posts\/9096\/revisions"}],"predecessor-version":[{"id":9100,"href":"https:\/\/www.mpal.mp.br\/index.php?rest_route=\/wp\/v2\/posts\/9096\/revisions\/9100"}],"wp:featuredmedia":[{"embeddable":true,"href":"https:\/\/www.mpal.mp.br\/index.php?rest_route=\/wp\/v2\/media\/9099"}],"wp:attachment":[{"href":"https:\/\/www.mpal.mp.br\/index.php?rest_route=%2Fwp%2Fv2%2Fmedia&parent=9096"}],"wp:term":[{"taxonomy":"category","embeddable":true,"href":"https:\/\/www.mpal.mp.br\/index.php?rest_route=%2Fwp%2Fv2%2Fcategories&post=9096"},{"taxonomy":"post_tag","embeddable":true,"href":"https:\/\/www.mpal.mp.br\/index.php?rest_route=%2Fwp%2Fv2%2Ftags&post=9096"}],"curies":[{"name":"wp","href":"https:\/\/api.w.org\/{rel}","templated":true}]}}