{"id":9092,"date":"2015-06-19T09:51:29","date_gmt":"2015-06-19T12:51:29","guid":{"rendered":"https:\/\/www.mpal.mp.br\/?p=9092"},"modified":"2022-06-13T09:53:16","modified_gmt":"2022-06-13T12:53:16","slug":"sob-o-comando-do-gecoc-pm-e-prf-prendem-14-pessoas-no-sertao-de-alagoas-por-trafico-de-armas-municao-de-uso-exclusivo-das-forcas-armadas-foi-apreendida","status":"publish","type":"post","link":"https:\/\/www.mpal.mp.br\/?p=9092","title":{"rendered":"Sob o comando do Gecoc, PM e PRF prendem 14 pessoas no Sert\u00e3o de Alagoas por tr\u00e1fico de armas; muni\u00e7\u00e3o de uso exclusivo das For\u00e7as Armadas foi apreendida"},"content":{"rendered":"<p style=\"text-align: justify;\"><span style=\"font-size: 14pt;\">Sob a coordena\u00e7\u00e3o do Grupo Estadual de Combate \u00e0s Organiza\u00e7\u00f5es Criminosas (Gecoc), \u00f3rg\u00e3os integrantes do Minist\u00e9rio P\u00fablico do Estado de Alagoas (MPE\/AL), o Comando Policial de \u00c1rea I (CPA-I), 7\u00aa Batalh\u00e3o de Pol\u00edcia Militar (BPM) e a Pol\u00edcia Rodovi\u00e1ria Federal (PRF) realizaram, nesta sexta-feira (19), uma opera\u00e7\u00e3o de combate ao tr\u00e1fico de armas e drogas no sert\u00e3o alagoano. Ao todo, a for\u00e7a de seguran\u00e7a cumpriu 23 mandados de busca e apreens\u00e3o expedidos pela 17\u00aa Vara Criminal da Capital.<\/span><\/p>\n<p style=\"text-align: justify;\"><span style=\"font-size: 14pt;\">A opera\u00e7\u00e3o ocorreu nos munic\u00edpios de Po\u00e7o das Trincheiras, Maravilha, Ouro Branco, onde foram presas 14 pessoas: Maria Ediane Soares Rocha, Jos\u00e9 Soares da Silva, Jos\u00e9 Aparecido Soares, Jos\u00e9 Luiz Gon\u00e7alo da Silva, Manoel Alves Ramalho e Reginaldo David da Silva (Po\u00e7o das Trincheiras); os irm\u00e3os Jaelson Lima da Silva e Janielson Lima da Silva, Al\u00e9sio dos Santos, Lourival das Neves Pereira (Maravilha);e \u00a0Jos\u00e9 Belarmino Silva, Vadeil Soares Farias, Alisson Francisco da Silva Maria Pastora Ferreira da Silva (Ouro Branco).<\/span><\/p>\n<p style=\"text-align: justify;\"><span style=\"font-size: 14pt;\">Tamb\u00e9m foram apreendidos 10 rev\u00f3lveres, sendo tr\u00eas calibres 32 e sete, 38; seis espingardas, sendo quatro calibre 32, um, 36, e outra, 20; 154 muni\u00e7\u00f5es, das quais 50 s\u00e3o de fuzil calibre 7.62, de uso exclusivo das For\u00e7as Armadas. A muni\u00e7\u00e3o da arma de guerra foi encontrada num barraco, localizado em meio \u00e0 vegeta\u00e7\u00e3o do bioma caatinga, em um povoado chamada Quandu, que fica na zona rural de Po\u00e7o das Trincheiras, j\u00e1 na divisa com Pernambuco. Os policiais tamb\u00e9m apreenderam em Ouro Branco tr\u00eas motocicletas roubadas: duas CGs 125 e uma Yamaha YBR.<\/span><\/p>\n<p style=\"text-align: justify;\"><span style=\"font-size: 14pt;\">\u201cO local serve de apoio a quadrilhas de roubo a banco que atuam no sert\u00e3o\u201d, explicou o promotor de Justi\u00e7a Luiz Ten\u00f3rio, respons\u00e1vel pela opera\u00e7\u00e3o junto ao capit\u00e3o Winston Santana e o coronel Valter Do Valle de Melo J\u00fanior\u00a0(CPA-I) e o policial rodovi\u00e1ria federal Gouveia Brito. A for\u00e7a de seguran\u00e7a contou com 20 policias militares e uma guarni\u00e7\u00e3o e tr\u00eas patrulheiros da PRF, al\u00e9m da equipe do Gecoc.<\/span><\/p>\n<p style=\"text-align: justify;\"><span style=\"font-size: 14pt;\">Todos os acusados foram encaminhados \u00e0 Delegacia Regional de Santana do Ipanema, sob a acusa\u00e7\u00e3o de porte e posse ilegal de armas e muni\u00e7\u00f5es, tal como por tr\u00e1fico de armamento.<\/span><\/p>\n<p style=\"text-align: justify;\"><span style=\"font-size: 14pt;\"><strong>Popula\u00e7\u00e3o vivia aterrorizada<\/strong><\/span><\/p>\n<p style=\"text-align: justify;\"><span style=\"font-size: 14pt;\">Por meio do servi\u00e7o de intelig\u00eancia da Pol\u00edcia Militar, o Minist\u00e9rio P\u00fablico constatou a exist\u00eancia de uma organiza\u00e7\u00e3o criminosa que atua na regi\u00e3o do Alto Sert\u00e3o do Estado de Alagoas, mais precisamente nos munic\u00edpios de Maravilha, Po\u00e7o das Trincheiras e Ouro Branco. Al\u00e9m do com\u00e9rcio de ilegal de armas de fogo, h\u00e1 fortes ind\u00edcios que os criminosos tamb\u00e9m est\u00e3o envolvidos, direta ou indiretamente, em tr\u00e1fico de drogas, roubos e homic\u00eddios.<\/span><\/p>\n<p style=\"text-align: justify;\"><span style=\"font-size: 14pt;\">Durante as investiga\u00e7\u00f5es, verificou-se que o bando aterrorizava a popula\u00e7\u00e3o dos locais onde reside, mediante a utiliza\u00e7\u00e3o ostensiva de arma de fogo. Para manter o sigilo sobre suas respectivas identidades e condutas, os criminosos amea\u00e7avam a popula\u00e7\u00e3o, determinando a morte de quem os desobedecesse.<\/span><\/p>\n<p style=\"text-align: justify;\"><span style=\"font-size: 14pt;\">\u201cOs representados, apontados como sendo os autores e\/ou facilitadores dos supracitados delitos, ao que parece, s\u00e3o conhecidos por muitos daqueles que habitam nos munic\u00edpios em destaque, sendo considerados pessoas portadoras de alt\u00edssima periculosidade e de car\u00e1ter violento, que transitam cotidianamente naquela regi\u00e3o sertaneja, portando armas de fogo e certos da impunidade, haja vista o temor que imp\u00f5em \u00e0 popula\u00e7\u00e3o, em especial, nas comunidades onde residem, as quais s\u00e3o formadas por pessoas simples, humildes e quem temem desesperadamente seus atos\u201d, afirmam os promotores de Justi\u00e7a Ant\u00f4nio Luiz dos Santos Filho, Luiz Ten\u00f3rio Oliveira, Hamilton Carneiro J\u00fanior e F\u00e1bio Vasconcelos Barbosa de Almeida.<\/span><\/p>\n","protected":false},"excerpt":{"rendered":"<p> [&hellip;]<\/p>\n","protected":false},"author":2,"featured_media":9093,"comment_status":"open","ping_status":"open","sticky":false,"template":"","format":"standard","meta":{"om_disable_all_campaigns":false,"_monsterinsights_skip_tracking":false,"_monsterinsights_sitenote_active":false,"_monsterinsights_sitenote_note":"","_monsterinsights_sitenote_category":0,"_uf_show_specific_survey":0,"_uf_disable_surveys":false,"footnotes":""},"categories":[23],"tags":[],"class_list":["post-9092","post","type-post","status-publish","format-standard","has-post-thumbnail","hentry","category-not_gaeco"],"aioseo_notices":[],"_links":{"self":[{"href":"https:\/\/www.mpal.mp.br\/index.php?rest_route=\/wp\/v2\/posts\/9092","targetHints":{"allow":["GET"]}}],"collection":[{"href":"https:\/\/www.mpal.mp.br\/index.php?rest_route=\/wp\/v2\/posts"}],"about":[{"href":"https:\/\/www.mpal.mp.br\/index.php?rest_route=\/wp\/v2\/types\/post"}],"author":[{"embeddable":true,"href":"https:\/\/www.mpal.mp.br\/index.php?rest_route=\/wp\/v2\/users\/2"}],"replies":[{"embeddable":true,"href":"https:\/\/www.mpal.mp.br\/index.php?rest_route=%2Fwp%2Fv2%2Fcomments&post=9092"}],"version-history":[{"count":2,"href":"https:\/\/www.mpal.mp.br\/index.php?rest_route=\/wp\/v2\/posts\/9092\/revisions"}],"predecessor-version":[{"id":9095,"href":"https:\/\/www.mpal.mp.br\/index.php?rest_route=\/wp\/v2\/posts\/9092\/revisions\/9095"}],"wp:featuredmedia":[{"embeddable":true,"href":"https:\/\/www.mpal.mp.br\/index.php?rest_route=\/wp\/v2\/media\/9093"}],"wp:attachment":[{"href":"https:\/\/www.mpal.mp.br\/index.php?rest_route=%2Fwp%2Fv2%2Fmedia&parent=9092"}],"wp:term":[{"taxonomy":"category","embeddable":true,"href":"https:\/\/www.mpal.mp.br\/index.php?rest_route=%2Fwp%2Fv2%2Fcategories&post=9092"},{"taxonomy":"post_tag","embeddable":true,"href":"https:\/\/www.mpal.mp.br\/index.php?rest_route=%2Fwp%2Fv2%2Ftags&post=9092"}],"curies":[{"name":"wp","href":"https:\/\/api.w.org\/{rel}","templated":true}]}}