{"id":9087,"date":"2015-07-23T09:45:07","date_gmt":"2015-07-23T12:45:07","guid":{"rendered":"https:\/\/www.mpal.mp.br\/?p=9087"},"modified":"2022-06-13T09:48:37","modified_gmt":"2022-06-13T12:48:37","slug":"gecoc-cumpre-mandados-de-busca-e-apreensao-na-prefeitura-de-monteiropolis-agentes-publicos-sao-suspeitos-de-fraudes-a-licitacao","status":"publish","type":"post","link":"https:\/\/www.mpal.mp.br\/?p=9087","title":{"rendered":"Gecoc cumpre mandados de busca e apreens\u00e3o na Prefeitura de Monteir\u00f3polis; agentes p\u00fablicos s\u00e3o suspeitos de fraudes \u00e0 licita\u00e7\u00e3o"},"content":{"rendered":"<p style=\"text-align: justify;\"><span style=\"font-size: 14pt;\">A opera\u00e7\u00e3o coordenada pelo Grupo Estadual de Combate \u00e0s Organiza\u00e7\u00f5es Criminosas do Minist\u00e9rio P\u00fablico Estadual de Alagoas (Gecoc), que contou com o apoio do 7\u00b0 Batalh\u00e3o da Pol\u00edcia Militar, come\u00e7ou por volta das 8h da manh\u00e3 desta quinta-feira (23) e teve como\u00a0alvos quatro secretarias municipais e o pr\u00e9dio-sede da Prefeitura de Monteir\u00f3polis, Sert\u00e3o do Estado. Agentes p\u00fablicos s\u00e3o suspeitos de fraudar licita\u00e7\u00f5es.<\/span><\/p>\n<p style=\"text-align: justify;\"><span style=\"font-size: 14pt;\">As investiga\u00e7\u00f5es do Gecoc e da Promotoria de Olho D&#8217;\u00c1gua das Flores &#8211; que tem como termo Monteir\u00f3polis &#8211; come\u00e7aram h\u00e1 cerca de tr\u00eas meses, quando os promotores Luiz Ten\u00f3rio, Ham\u00edlton Carneiro e Napole\u00e3o Amaral Franco receberam den\u00fancias de que processos licitat\u00f3rios para aquisi\u00e7\u00e3o de material de constru\u00e7\u00e3o estavam sendo dolosamente fraudados.<\/span><\/p>\n<p style=\"text-align: justify;\"><span style=\"font-size: 14pt;\">Desde ent\u00e3o, est\u00e3o sendo apurados supostos crimes de fraude a licita\u00e7\u00f5es e contra processo de pagamentos, peculato furto e associa\u00e7\u00e3o criminosa.<\/span><\/p>\n<p style=\"text-align: justify;\"><span style=\"font-size: 14pt;\">&#8220;Recebemos v\u00e1rios documentos que comprovam as fraudes e tamb\u00e9m ouvimos algumas pessoas respons\u00e1veis pelas den\u00fancias. Dentre outras acusa\u00e7\u00f5es, gestores p\u00fablicos s\u00e3o suspeitos de se apropriar de produtos adquiridos com recursos do Munic\u00edpio, utilizando-os em seus pr\u00f3prios patrim\u00f4nios particulares ou liberando-os para eleitores, numa pr\u00e1tica compra de votos velada&#8221;, explicou o promotor Luiz Ten\u00f3rio.<\/span><\/p>\n<p style=\"text-align: justify;\"><span style=\"font-size: 14pt;\"><strong>As apreens\u00f5es<\/strong><\/span><\/p>\n<p style=\"text-align: justify;\"><span style=\"font-size: 14pt;\">Os mandados de busca e apreens\u00e3o, todos expedidos pelos ju\u00edzes da 17\u00aa Vara Criminal da Capital, est\u00e3o sendo cumpridos na Secretaria Municipal de Administra\u00e7\u00e3o, Secretaria Municipal de Finan\u00e7as, Secretaria Municipal de Transporte, Secretaria Municipal de Educa\u00e7\u00e3o e na sede da Prefeitura de Monteir\u00f3polis.<\/span><\/p>\n<p style=\"text-align: justify;\"><span style=\"font-size: 14pt;\">Nos mandados, os magistrados do Colegiado determinaram &#8220;busca e apreens\u00e3o de objeto il\u00edcito, instrumento ou fruto de crime, subst\u00e2ncia entorpecente, arma de fogo ou qualquer elemento de convic\u00e7\u00e3o supostamente utilizado nos crimes em investiga\u00e7\u00e3o&#8221;.<\/span><\/p>\n<p style=\"text-align: justify;\"><span style=\"font-size: 14pt;\">Est\u00e3o sendo recolhidos documentos, pastas, computadores, pen-drives e m\u00eddias com arquivos administrativos. Todo o material apreendido ser\u00e1 encaminhado para o Gecoc. Na sequ\u00eancia, tudo ser\u00e1 minuciosamente analisado.<\/span><\/p>\n<p style=\"text-align: justify;\"><span style=\"font-size: 14pt;\">O 7\u00b0 Batalh\u00e3o da Pol\u00edcia Militar, atrav\u00e9s do Pelopes, que \u00e9 sediado em Santana do Ipanema, est\u00e1 dando apoio necess\u00e1rio \u00e0 opera\u00e7\u00e3o. A condu\u00e7\u00e3o do trabalho policial ficou a cargo do capit\u00e3o Winston Santana. N\u00e3o houve resist\u00eancia dos \u00f3rg\u00e3os p\u00fablicos a opera\u00e7\u00e3o do Gecoc. Ningu\u00e9m foi preso.<\/span><\/p>\n<p style=\"text-align: justify;\"><span style=\"font-size: 14pt;\"><strong>Os investigados<\/strong><\/span><\/p>\n<p style=\"text-align: justify;\"><span style=\"font-size: 14pt;\">Os secret\u00e1rios das pastas investigadas, bem como funcion\u00e1rios das respectivas secretarias, s\u00e3o suspeitos das pr\u00e1ticas criminosas.<\/span><\/p>\n<p style=\"text-align: justify;\"><span style=\"font-size: 14pt;\">O prefeito, por gozar de foro privilegiado por prerrogativa de fun\u00e7\u00e3o, n\u00e3o est\u00e1, por enquanto, entre os investigados pela Promotoria de Monteir\u00f3polis e pelo Gecoc. Ap\u00f3s a an\u00e1lise de todo o material apreendido, um relat\u00f3rio ser\u00e1 enviado ao procurador-geral de Justi\u00e7a, S\u00e9rgio Juc\u00e1, para a ado\u00e7\u00e3o das medidas cab\u00edveis, j\u00e1 que s\u00f3 ele tem atribui\u00e7\u00e3o para investigar, na esfera penal, pol\u00edtico detentor de mandato. J\u00e1 os atos de improbidade administrativa podem ser investigados pelos promotores naturais de cada munic\u00edpio.<\/span><\/p>\n","protected":false},"excerpt":{"rendered":"<p> [&hellip;]<\/p>\n","protected":false},"author":2,"featured_media":9088,"comment_status":"open","ping_status":"open","sticky":false,"template":"","format":"standard","meta":{"om_disable_all_campaigns":false,"_monsterinsights_skip_tracking":false,"_monsterinsights_sitenote_active":false,"_monsterinsights_sitenote_note":"","_monsterinsights_sitenote_category":0,"_uf_show_specific_survey":0,"_uf_disable_surveys":false,"footnotes":""},"categories":[23],"tags":[],"class_list":["post-9087","post","type-post","status-publish","format-standard","has-post-thumbnail","hentry","category-not_gaeco"],"aioseo_notices":[],"_links":{"self":[{"href":"https:\/\/www.mpal.mp.br\/index.php?rest_route=\/wp\/v2\/posts\/9087","targetHints":{"allow":["GET"]}}],"collection":[{"href":"https:\/\/www.mpal.mp.br\/index.php?rest_route=\/wp\/v2\/posts"}],"about":[{"href":"https:\/\/www.mpal.mp.br\/index.php?rest_route=\/wp\/v2\/types\/post"}],"author":[{"embeddable":true,"href":"https:\/\/www.mpal.mp.br\/index.php?rest_route=\/wp\/v2\/users\/2"}],"replies":[{"embeddable":true,"href":"https:\/\/www.mpal.mp.br\/index.php?rest_route=%2Fwp%2Fv2%2Fcomments&post=9087"}],"version-history":[{"count":1,"href":"https:\/\/www.mpal.mp.br\/index.php?rest_route=\/wp\/v2\/posts\/9087\/revisions"}],"predecessor-version":[{"id":9089,"href":"https:\/\/www.mpal.mp.br\/index.php?rest_route=\/wp\/v2\/posts\/9087\/revisions\/9089"}],"wp:featuredmedia":[{"embeddable":true,"href":"https:\/\/www.mpal.mp.br\/index.php?rest_route=\/wp\/v2\/media\/9088"}],"wp:attachment":[{"href":"https:\/\/www.mpal.mp.br\/index.php?rest_route=%2Fwp%2Fv2%2Fmedia&parent=9087"}],"wp:term":[{"taxonomy":"category","embeddable":true,"href":"https:\/\/www.mpal.mp.br\/index.php?rest_route=%2Fwp%2Fv2%2Fcategories&post=9087"},{"taxonomy":"post_tag","embeddable":true,"href":"https:\/\/www.mpal.mp.br\/index.php?rest_route=%2Fwp%2Fv2%2Ftags&post=9087"}],"curies":[{"name":"wp","href":"https:\/\/api.w.org\/{rel}","templated":true}]}}