{"id":9083,"date":"2015-08-03T09:43:32","date_gmt":"2015-08-03T12:43:32","guid":{"rendered":"https:\/\/www.mpal.mp.br\/?p=9083"},"modified":"2022-06-13T09:44:28","modified_gmt":"2022-06-13T12:44:28","slug":"em-operacao-integrada-gecoc-e-radiopatrulha-prendem-4-homens-e-apreendem-cocaina-em-estacionamento-de-supermercado-em-maceio","status":"publish","type":"post","link":"https:\/\/www.mpal.mp.br\/?p=9083","title":{"rendered":"Em opera\u00e7\u00e3o integrada, Gecoc e Radiopatrulha prendem 4 homens e apreendem coca\u00edna em estacionamento de supermercado, em Macei\u00f3"},"content":{"rendered":"<p style=\"text-align: justify;\"><span style=\"font-size: 14pt;\">Ap\u00f3s uma investiga\u00e7\u00e3o que durou aproximadamente 45 dias, o Grupo Estadual de Combate \u00e0s Organiza\u00e7\u00f5es Criminosas do Minist\u00e9rio P\u00fablico Estadual de Alagoas (Gecoc), com o apoio da Radiopatrulha, prendeu em flagrante quatro pessoas e apreendeu drogas e ve\u00edculos, na tarde deste domingo (02), em Macei\u00f3.<\/span><\/p>\n<p style=\"text-align: justify;\"><span style=\"font-size: 14pt;\">O flagrante aconteceu no estacionamento de um supermercado, localizado no bairro do Tabuleiro do Martins. Quando chegaram para fazer a entrega de cerca de 1,6 quilo de coca\u00edna, Maur\u00edcio da Silva Lima, Diego Henrique da Silva Santos e Fhillip Darllan Silva Lins, todos sob o comando de Jo\u00e3o Alfredo Lima dos Santos, apontado como l\u00edder do grupo, foram abordados pelos integrantes do Gecoc e da RP.<\/span><\/p>\n<p style=\"text-align: justify;\"><span style=\"font-size: 14pt;\">Os acusados n\u00e3o reagiram a pris\u00e3o e entregaram a droga aos agentes da seguran\u00e7a p\u00fablica.<\/span><\/p>\n<p style=\"text-align: justify;\"><span style=\"font-size: 14pt;\"><strong>Mais apreens\u00f5es<\/strong><\/span><\/p>\n<p style=\"text-align: justify;\"><span style=\"font-size: 14pt;\">Os tr\u00eas ve\u00edculos onde estavam os acusados tamb\u00e9m foram apreendidos: uma Frontier Nissan preta, placas NMH-3960\/Macei\u00f3, um Prisma branco (t\u00e1xi), placas OHC-4060\/Macei\u00f3, e uma Fiorino, tamb\u00e9m na cor branca, placas FOH-7886\/SP.<\/span><\/p>\n<p style=\"text-align: justify;\"><span style=\"font-size: 14pt;\">Ap\u00f3s realizar a abordagem, Gecoc e PM foram at\u00e9 a resid\u00eancia de Jo\u00e3o Alfredo. L\u00e1, foram recolhidos ainda mais 180 gramas de coca\u00edna, um carregador de pistola com oito muni\u00e7\u00f5es intactas e cerca de 500 inv\u00f3lucros ( pinos) para armazenamento da droga.<\/span><\/p>\n<p style=\"text-align: justify;\"><span style=\"font-size: 14pt;\">Presos e material apreendido foram encaminhados para a Central de Flagrantes, no bairro do Farol.<\/span><\/p>\n","protected":false},"excerpt":{"rendered":"<p> [&hellip;]<\/p>\n","protected":false},"author":2,"featured_media":9084,"comment_status":"open","ping_status":"open","sticky":false,"template":"","format":"standard","meta":{"om_disable_all_campaigns":false,"_monsterinsights_skip_tracking":false,"_monsterinsights_sitenote_active":false,"_monsterinsights_sitenote_note":"","_monsterinsights_sitenote_category":0,"_uf_show_specific_survey":0,"_uf_disable_surveys":false,"footnotes":""},"categories":[23],"tags":[],"class_list":["post-9083","post","type-post","status-publish","format-standard","has-post-thumbnail","hentry","category-not_gaeco"],"aioseo_notices":[],"_links":{"self":[{"href":"https:\/\/www.mpal.mp.br\/index.php?rest_route=\/wp\/v2\/posts\/9083","targetHints":{"allow":["GET"]}}],"collection":[{"href":"https:\/\/www.mpal.mp.br\/index.php?rest_route=\/wp\/v2\/posts"}],"about":[{"href":"https:\/\/www.mpal.mp.br\/index.php?rest_route=\/wp\/v2\/types\/post"}],"author":[{"embeddable":true,"href":"https:\/\/www.mpal.mp.br\/index.php?rest_route=\/wp\/v2\/users\/2"}],"replies":[{"embeddable":true,"href":"https:\/\/www.mpal.mp.br\/index.php?rest_route=%2Fwp%2Fv2%2Fcomments&post=9083"}],"version-history":[{"count":1,"href":"https:\/\/www.mpal.mp.br\/index.php?rest_route=\/wp\/v2\/posts\/9083\/revisions"}],"predecessor-version":[{"id":9086,"href":"https:\/\/www.mpal.mp.br\/index.php?rest_route=\/wp\/v2\/posts\/9083\/revisions\/9086"}],"wp:featuredmedia":[{"embeddable":true,"href":"https:\/\/www.mpal.mp.br\/index.php?rest_route=\/wp\/v2\/media\/9084"}],"wp:attachment":[{"href":"https:\/\/www.mpal.mp.br\/index.php?rest_route=%2Fwp%2Fv2%2Fmedia&parent=9083"}],"wp:term":[{"taxonomy":"category","embeddable":true,"href":"https:\/\/www.mpal.mp.br\/index.php?rest_route=%2Fwp%2Fv2%2Fcategories&post=9083"},{"taxonomy":"post_tag","embeddable":true,"href":"https:\/\/www.mpal.mp.br\/index.php?rest_route=%2Fwp%2Fv2%2Ftags&post=9083"}],"curies":[{"name":"wp","href":"https:\/\/api.w.org\/{rel}","templated":true}]}}