{"id":9078,"date":"2015-08-04T09:38:11","date_gmt":"2015-08-04T12:38:11","guid":{"rendered":"https:\/\/www.mpal.mp.br\/?p=9078"},"modified":"2022-06-13T09:42:04","modified_gmt":"2022-06-13T12:42:04","slug":"gecoc-bope-e-prf-cumprem-mandados-de-busca-e-apreensao-contra-acusados-de-assaltos-em-alagoas-duas-pessoas-foram-presas","status":"publish","type":"post","link":"https:\/\/www.mpal.mp.br\/?p=9078","title":{"rendered":"Gecoc, Bope e PRF cumprem mandados de busca e apreens\u00e3o contra acusados de assaltos em Alagoas; duas pessoas foram presas"},"content":{"rendered":"<p style=\"text-align: justify;\"><span style=\"font-size: 14pt;\">Ap\u00f3s tr\u00eas meses e meio de investiga\u00e7\u00f5es, o Grupo Estadual de Combate \u00e0s Organiza\u00e7\u00f5es Criminosas do Minist\u00e9rio P\u00fablico Estadual de Alagoas (Gecoc), em parceria com o Bope e a Pol\u00edcia Rodovi\u00e1ria Federal (PRF), desencadeou uma opera\u00e7\u00e3o, na manh\u00e3 desta ter\u00e7a-feira (04), com o objetivo de desarticular uma quadrilha de assaltantes. Duas pessoas foram presas e, outra, ap\u00f3s reagir a pris\u00e3o, foi baleada e socorrida ao Hospital Geral do Estado.<\/span><\/p>\n<p style=\"text-align: justify;\"><span style=\"font-size: 14pt;\">Foram cumpridos quatro mandados de busca e apreens\u00e3o em Macei\u00f3, todos expedidos pela 17\u00aa Vara Criminal da Capital.<\/span><\/p>\n<p style=\"text-align: justify;\"><span style=\"font-size: 14pt;\">No Conjunto Graciliano Ramos, foi preso em flagrante delito, sob posse de material provavelmente fruto dos assaltos, Jos\u00e9 Paulo da Silva. Ele \u00e9 apontado como o principal receptador dos produtos roubados. Na casa dele foram encontrados dezenas de equipamentos eletro-eletr\u00f4nicos, a exemplo de tablets e celulares, R$ 2 mil em esp\u00e9cie, cheques e v\u00e1rias muni\u00e7\u00f5es intactas. Ele foi encaminhado \u00e0 Central de Flagrantes, no bairro do Farol.<\/span><\/p>\n<p style=\"text-align: justify;\"><span style=\"font-size: 14pt;\">J\u00e1 no Distrito Industrial, tamb\u00e9m na parte alta da cidade, um homem com uma identidade falsa em nome de Bruno Gomes Constantini reagiu a abordagem da PRF, houve troca de tiros, o acusado foi baleado e, em seguida, encaminhado ao Hospital Geral do Estado (HGE). O mandado foi cumprido na ch\u00e1cara onde ele reside. A pol\u00edcia ainda tenta descobrir o seu verdadeiro nome.<\/span><\/p>\n<p style=\"text-align: justify;\"><span style=\"font-size: 14pt;\">Segundo o Gecoc, esse mesmo homem, que tem o apelido de &#8220;Kojac&#8221;, \u00e9 acusado de ser o executor dos assassinatos que ocorrem em fun\u00e7\u00e3o dos roubos praticados. Ele j\u00e1 tinha mandado de pris\u00e3o expedido pela Justi\u00e7a de Arapiraca e estava foragido. A arma utilizada pelo suspeito foi apreendida.<\/span><\/p>\n<p style=\"text-align: justify;\"><span style=\"font-size: 14pt;\">Kl\u00e9berson Ricardo dos Santos Martins foi o terceiro alvo da opera\u00e7\u00e3o. Ele foi preso por posse ilegal de armas, no lava-jato de sua propriedade, na Jati\u00faca. No local foram encontrados um rev\u00f3lver calibre 38 com v\u00e1rias muni\u00e7\u00f5es, e outras muni\u00e7\u00f5es de pistola calibre 40, j\u00e1 deflagradas.<\/span><\/p>\n<p style=\"text-align: justify;\"><span style=\"font-size: 14pt;\"><strong>Lista de crimes<\/strong><\/span><\/p>\n<p style=\"text-align: justify;\"><span style=\"font-size: 14pt;\">S\u00e3o v\u00e1rios os crimes atribu\u00eddos a essa quadrilha. Em 17 de janeiro de 2013, ela teria assassinado o cabeleireiro Paulo C\u00e9sar Barros, dentro do sal\u00e3o de beleza da v\u00edtima, em Bebedouro, durante um assalto.<\/span><\/p>\n<p style=\"text-align: justify;\"><span style=\"font-size: 14pt;\">Em 29 de maio deste ano, o bando, que teria roubado uma lot\u00e9rica no bairro do Sanat\u00f3rio, trocou tiros com o vigilante e acabou matando Israel Pereira da Silva, que trabalhava fazendo a seguran\u00e7a do estabelecimento.<\/span><\/p>\n<p style=\"text-align: justify;\"><span style=\"font-size: 14pt;\">Mais recentemente, em 02 de julho \u00faltimo, o grupo tamb\u00e9m teria assaltado uma resid\u00eancia no bairro de Ipioca. Ele teria roubado dezenas de equipamentos da casa e provocado um grande preju\u00edzo aos donos do im\u00f3vel.<\/span><\/p>\n<p style=\"text-align: justify;\"><span style=\"font-size: 14pt;\">E ainda existe um outro homic\u00eddio atribu\u00eddo a mesma organiza\u00e7\u00e3o criminosa. Ela teria assassinado, em 03 de junho de 2012, o comerciante Maciel Gomes da Silva. A motiva\u00e7\u00e3o, de acordo com as investiga\u00e7\u00f5es, foi por &#8216;acerto de contas&#8221;.<\/span><\/p>\n<p style=\"text-align: justify;\"><span style=\"font-size: 14pt;\">Segundo o Gecoc, as investiga\u00e7\u00f5es continuam, mesmo ap\u00f3s o cumprimentos dos mandados expedidos pela 17\u00aa Vara. Novas pris\u00f5es dever\u00e3o ocorrer nos pr\u00f3ximos dias.<\/span><\/p>\n","protected":false},"excerpt":{"rendered":"<p> [&hellip;]<\/p>\n","protected":false},"author":2,"featured_media":9079,"comment_status":"open","ping_status":"open","sticky":false,"template":"","format":"standard","meta":{"om_disable_all_campaigns":false,"_monsterinsights_skip_tracking":false,"_monsterinsights_sitenote_active":false,"_monsterinsights_sitenote_note":"","_monsterinsights_sitenote_category":0,"_uf_show_specific_survey":0,"_uf_disable_surveys":false,"footnotes":""},"categories":[23],"tags":[],"class_list":["post-9078","post","type-post","status-publish","format-standard","has-post-thumbnail","hentry","category-not_gaeco"],"aioseo_notices":[],"_links":{"self":[{"href":"https:\/\/www.mpal.mp.br\/index.php?rest_route=\/wp\/v2\/posts\/9078","targetHints":{"allow":["GET"]}}],"collection":[{"href":"https:\/\/www.mpal.mp.br\/index.php?rest_route=\/wp\/v2\/posts"}],"about":[{"href":"https:\/\/www.mpal.mp.br\/index.php?rest_route=\/wp\/v2\/types\/post"}],"author":[{"embeddable":true,"href":"https:\/\/www.mpal.mp.br\/index.php?rest_route=\/wp\/v2\/users\/2"}],"replies":[{"embeddable":true,"href":"https:\/\/www.mpal.mp.br\/index.php?rest_route=%2Fwp%2Fv2%2Fcomments&post=9078"}],"version-history":[{"count":1,"href":"https:\/\/www.mpal.mp.br\/index.php?rest_route=\/wp\/v2\/posts\/9078\/revisions"}],"predecessor-version":[{"id":9080,"href":"https:\/\/www.mpal.mp.br\/index.php?rest_route=\/wp\/v2\/posts\/9078\/revisions\/9080"}],"wp:featuredmedia":[{"embeddable":true,"href":"https:\/\/www.mpal.mp.br\/index.php?rest_route=\/wp\/v2\/media\/9079"}],"wp:attachment":[{"href":"https:\/\/www.mpal.mp.br\/index.php?rest_route=%2Fwp%2Fv2%2Fmedia&parent=9078"}],"wp:term":[{"taxonomy":"category","embeddable":true,"href":"https:\/\/www.mpal.mp.br\/index.php?rest_route=%2Fwp%2Fv2%2Fcategories&post=9078"},{"taxonomy":"post_tag","embeddable":true,"href":"https:\/\/www.mpal.mp.br\/index.php?rest_route=%2Fwp%2Fv2%2Ftags&post=9078"}],"curies":[{"name":"wp","href":"https:\/\/api.w.org\/{rel}","templated":true}]}}