{"id":9062,"date":"2015-08-14T09:32:25","date_gmt":"2015-08-14T12:32:25","guid":{"rendered":"https:\/\/www.mpal.mp.br\/?p=9062"},"modified":"2022-06-13T09:33:22","modified_gmt":"2022-06-13T12:33:22","slug":"mpe-al-denuncia-12-pessoas-envolvidas-com-grupo-de-exterminio-e-comercio-ilegal-de-armas-de-fogo-em-pilar","status":"publish","type":"post","link":"https:\/\/www.mpal.mp.br\/?p=9062","title":{"rendered":"MPE\/AL denuncia 12 pessoas envolvidas com grupo de exterm\u00ednio e com\u00e9rcio ilegal de armas de fogo em Pilar"},"content":{"rendered":"<p style=\"text-align: justify;\"><span style=\"font-size: 14pt;\">A Promotoria de Justi\u00e7a de Pilar, com o apoio do Grupo Estadual de Combate \u00e0s Organiza\u00e7\u00f5es Criminosas (Gecoc), ajuizou uma a\u00e7\u00e3o penal p\u00fablica contra 12 pessoas acusadas de integrarem um grupo de exterm\u00ednio supostamente respons\u00e1vel por diversos crimes de homic\u00eddio na cidade e com\u00e9rcio ilegal de armas de fogo, nos anos de 2013 e 2014. Elas foram presas durante a opera\u00e7\u00e3o \u201cTombstone\u201d deflagrada pela Pol\u00edcia Federal em julho. O Ju\u00edzo de Direito da Comarca do Munic\u00edpio j\u00e1 recebeu a den\u00fancia do Minist\u00e9rio P\u00fablico do Estado de Alagoas (MPE\/AL).<\/span><\/p>\n<p style=\"text-align: justify;\"><span style=\"font-size: 14pt;\">Cleber Cardim Pinto, conhecido por \u201cBaiano\u201d; Paulo Henrique Santos Costa, o \u201cCapit\u00e3o Paulo Costa\u201d; Geraldo Rafael dos Santos Junior; M\u00e1rcio Carlos de Almeida, \u201co M\u00e1rcio Som\u201d; Russel Luiz Zaidan Cabral; C\u00edcero Henrique dos Santos, o \u201cHenrrique\u201d; Silas Silva dos Santos; Edinaldo Nogueira da Silva Filho, o \u201cNogueira\u201d; Ant\u00f4nio Correia da Silva, o \u201cChibata\u201d; Felipe da Silva Soares, o \u201cFelipe Bombado\u201d; e Diego Alves Sampaio v\u00e3o responder por constituir, organizar, integrar e manter grupo com a finalidade de praticar crimes previstos no C\u00f3digo Penal Brasileiro. Se condenados, eles podem ser submetidos a pena que varia entre quatro e oito anos de reclus\u00e3o.<\/span><\/p>\n<p style=\"text-align: justify;\"><span style=\"font-size: 14pt;\">\u201cConforme restou apurado, os acusados efetivamente integraram o mencionado grupo de exterm\u00ednio, de forma sistem\u00e1tica e permanente, durante v\u00e1rios meses, realizando a\u00e7\u00f5es t\u00edpicas desse tipo de associa\u00e7\u00e3o criminosa\u201d, destacou o Minist\u00e9rio P\u00fablico Estadual no procedimento ajuizado no in\u00edcio de agosto.<\/span><\/p>\n<p style=\"text-align: justify;\"><span style=\"font-size: 14pt;\">O MPE\/AL acusa ainda Diego Sampaio por com\u00e9rcio ilegal de armamento, pr\u00e1tica esta exercida tamb\u00e9m por Erasmo de Almeida. Pelo crime, eles foram incursos nas penas do art.17 da Lei n\u00b0 10.826\/2003, cujo tempo de reclus\u00e3o \u00e9 de quatro a oito anos, al\u00e9m de multa. O Minist\u00e9rio P\u00fablico pede que o Ju\u00edzo do Munic\u00edpio determine a cita\u00e7\u00e3o de todos os denunciados para que eles respondam pelos termos da a\u00e7\u00e3o penal at\u00e9 final julgamento e condena\u00e7\u00e3o, ouvindo-se as v\u00edtimas e as testemunhas relacionadas \u00e0s a\u00e7\u00f5es criminosas.<\/span><\/p>\n<p style=\"text-align: justify;\"><span style=\"font-size: 14pt;\"><strong>Homic\u00eddios<\/strong><\/span><\/p>\n<p style=\"text-align: justify;\"><span style=\"font-size: 14pt;\">De acordo com a apura\u00e7\u00e3o da Pol\u00edcia Federal, o grupo de exterm\u00ednio seria respons\u00e1vel pelos homic\u00eddios de Jefferson dos Santos da Silva, Jonathan dos Santos Ribeiro, Edvan Junior de Oliveira Mendon\u00e7a, Jadson Silva Santos de Oliveira, Josivaldo Ferreira dos Santos, Tiago Pedro dos Santos, Jos\u00e9 Cristiano dos Santos Silva, Jefferson Rangel da Silva, Genilson Ferreira Duarte, Ana Laurentino Alves, Erivanderson de Melo Silva, Marcos Ant\u00f4nio Cassimiro, Jos\u00e9 C\u00edcero da Silva Filho, Jos\u00e9 Anderson Ferreira dos Santos e um homem conhecido como \u201cBoca\u201d, todos nos anos de 2013. No ano seguinte, os acusados teriam assassinado Jos\u00e9 Fl\u00e1vio Freire da Silva Filho.<\/span><\/p>\n<p style=\"text-align: justify;\"><span style=\"font-size: 14pt;\">Cada homic\u00eddio ser\u00e1 objeto de a\u00e7\u00e3o penal espec\u00edfica pelo Minist\u00e9rio P\u00fablico Estadual. A pena por assassinato vai de 12 a 30 de reclus\u00e3o, segundo o C\u00f3digo Penal Brasileiro.<\/span><\/p>\n","protected":false},"excerpt":{"rendered":"<p> [&hellip;]<\/p>\n","protected":false},"author":2,"featured_media":4016,"comment_status":"open","ping_status":"open","sticky":false,"template":"","format":"standard","meta":{"om_disable_all_campaigns":false,"_monsterinsights_skip_tracking":false,"_monsterinsights_sitenote_active":false,"_monsterinsights_sitenote_note":"","_monsterinsights_sitenote_category":0,"_uf_show_specific_survey":0,"_uf_disable_surveys":false,"footnotes":""},"categories":[23],"tags":[],"class_list":["post-9062","post","type-post","status-publish","format-standard","has-post-thumbnail","hentry","category-not_gaeco"],"aioseo_notices":[],"_links":{"self":[{"href":"https:\/\/www.mpal.mp.br\/index.php?rest_route=\/wp\/v2\/posts\/9062","targetHints":{"allow":["GET"]}}],"collection":[{"href":"https:\/\/www.mpal.mp.br\/index.php?rest_route=\/wp\/v2\/posts"}],"about":[{"href":"https:\/\/www.mpal.mp.br\/index.php?rest_route=\/wp\/v2\/types\/post"}],"author":[{"embeddable":true,"href":"https:\/\/www.mpal.mp.br\/index.php?rest_route=\/wp\/v2\/users\/2"}],"replies":[{"embeddable":true,"href":"https:\/\/www.mpal.mp.br\/index.php?rest_route=%2Fwp%2Fv2%2Fcomments&post=9062"}],"version-history":[{"count":1,"href":"https:\/\/www.mpal.mp.br\/index.php?rest_route=\/wp\/v2\/posts\/9062\/revisions"}],"predecessor-version":[{"id":9065,"href":"https:\/\/www.mpal.mp.br\/index.php?rest_route=\/wp\/v2\/posts\/9062\/revisions\/9065"}],"wp:featuredmedia":[{"embeddable":true,"href":"https:\/\/www.mpal.mp.br\/index.php?rest_route=\/wp\/v2\/media\/4016"}],"wp:attachment":[{"href":"https:\/\/www.mpal.mp.br\/index.php?rest_route=%2Fwp%2Fv2%2Fmedia&parent=9062"}],"wp:term":[{"taxonomy":"category","embeddable":true,"href":"https:\/\/www.mpal.mp.br\/index.php?rest_route=%2Fwp%2Fv2%2Fcategories&post=9062"},{"taxonomy":"post_tag","embeddable":true,"href":"https:\/\/www.mpal.mp.br\/index.php?rest_route=%2Fwp%2Fv2%2Ftags&post=9062"}],"curies":[{"name":"wp","href":"https:\/\/api.w.org\/{rel}","templated":true}]}}