{"id":9056,"date":"2015-08-20T09:31:35","date_gmt":"2015-08-20T12:31:35","guid":{"rendered":"https:\/\/www.mpal.mp.br\/?p=9056"},"modified":"2022-06-13T09:31:48","modified_gmt":"2022-06-13T12:31:48","slug":"gecoc-e-17a-vara-criminal-da-capital-realizam-1a-audiencia-por-videoconferencia-com-reu-preso-experiencia-foi-considerada-exitosa","status":"publish","type":"post","link":"https:\/\/www.mpal.mp.br\/?p=9056","title":{"rendered":"Gecoc e 17\u00aa Vara Criminal da Capital realizam 1\u00aa audi\u00eancia por videoconfer\u00eancia com r\u00e9u preso; experi\u00eancia foi considerada exitosa"},"content":{"rendered":"<p style=\"text-align: justify;\"><span style=\"font-size: 14pt;\">Tecnologia sendo utilizada para gerar celeridade processual, pontualidade nas audi\u00eancias que envolvem r\u00e9us presos e economia aos cofres do Estado. Esses s\u00e3o os principais benef\u00edcios de um projeto pioneiro do Poder Judici\u00e1rio que come\u00e7ou a funcionar na tarde dessa quarta-feira (19), no F\u00f3rum do Barro Duro. \u00c9 a audi\u00eancia por meio de videoconfer\u00eancia, cuja principal vantagem \u00e9 fazer o interrogat\u00f3rio dos acusados sem a necessidade de eles precisarem estar presentes no mesmo local que o promotor, o juiz e o advogado ou defensor p\u00fablico. Por enquanto, as videoconfer\u00eancias s\u00f3 ser\u00e3o realizadas na sala da 17\u00aa Vara Criminal da Capital, onde o Gecoc tamb\u00e9m tem atua\u00e7\u00e3o.<\/span><\/p>\n<p style=\"text-align: justify;\"><span style=\"font-size: 14pt;\">A primeira experi\u00eancia foi considerada exitosa pelo promotor de Justi\u00e7a El\u00edsio da Silva Maia J\u00fanior, membro do Grupo Estadual de Combate \u00e0s Organiza\u00e7\u00f5es Criminosas do Minist\u00e9rio P\u00fablico Estadual de Alagoas. De dentro da sala da 17\u00aa Vara Criminal da Capital, ele interrogou um homem acusado de envolvimento numa organiza\u00e7\u00e3o criminosa especializada no crime de roubo qualificado.<\/span><\/p>\n<p style=\"text-align: justify;\"><span style=\"font-size: 14pt;\">\u201cA videoconfer\u00eancia \u00e9 uma ferramenta muito eficiente para dar rapidez ao tr\u00e2mite processual, j\u00e1 que ela evita que o preso precise se deslocar at\u00e9 o f\u00f3rum. De onde ele estiver, poder\u00e1 participar do interrogat\u00f3rio, basta que os equipamentos sejam ligados e a conex\u00e3o seja estabelecida conosco. E, al\u00e9m da celeridade, ela acaba por oferecer maior seguran\u00e7a \u00e0s audi\u00eancias, haja vista que n\u00e3o haver\u00e1 mais o risco de resgate do reeducando durante o percurso dele at\u00e9 o local do depoimento\u201d, explicou El\u00edsio da Silva Maia J\u00fanior.<\/span><\/p>\n<p style=\"text-align: justify;\"><span style=\"font-size: 14pt;\">\u201cE a videoconfer\u00eancia ainda apresenta outra vantagem, que \u00e9 a redu\u00e7\u00e3o de custos para o Estado de Alagoas. Estima-se que cada deslocamento de um grupo de presos at\u00e9 o f\u00f3rum custe cerca de R$ 5 mil. Ent\u00e3o, se n\u00e3o precisarmos mais fazer esse transporte, ser\u00e3o economizados combust\u00edvel, carro, alimenta\u00e7\u00e3o e, claro, tempo. Al\u00e9m disso, n\u00e3o existir\u00e1 mais atraso na hora das audi\u00eancias, o que, at\u00e9 ent\u00e3o, era um problema recorrente\u201d, acrescentou o promotor de Justi\u00e7a.<\/span><\/p>\n<p style=\"text-align: justify;\"><span style=\"font-size: 14pt;\"><strong>Inciativa do Poder Judici\u00e1rio<\/strong><\/span><\/p>\n<p style=\"text-align: justify;\"><span style=\"font-size: 14pt;\">Partiu do Poder Judici\u00e1rio de Alagoas a iniciativa para a realiza\u00e7\u00e3o da primeira audi\u00eancia por videoconfer\u00eancia. Para isso, a comunica\u00e7\u00e3o foi estabelecida entre a 17\u00aa Vara Criminal da Capital, no F\u00f3rum do Barro Duro, e o Pres\u00eddio do Agreste, onde o preso est\u00e1 custodiado.<\/span><\/p>\n<p style=\"text-align: justify;\"><span style=\"font-size: 14pt;\">A a\u00e7\u00e3o teve car\u00e1ter experimental e \u00e9 uma das estrat\u00e9gias do conv\u00eanio que ser\u00e1 firmado entre a Justi\u00e7a alagoana e o Poder Executivo para minimizar os problemas com a transfer\u00eancia de presos. De acordo com o juiz Maur\u00edcio C\u00e9sar Br\u00eada Filho, presidente do Conselho Estadual de Seguran\u00e7a P\u00fablica (Conseg), a parceria atende a apelos de operadores do Direito e vai facilitar o trabalho de todos os envolvidos nos processos. \u201cIsso garantir\u00e1 a seguran\u00e7a do pr\u00f3prio reeducando, que n\u00e3o correr\u00e1 riscos durante o deslocamento, do agente p\u00fablico respons\u00e1vel pela remo\u00e7\u00e3o, do magistrado, dos membros do Minist\u00e9rio P\u00fablico, dos profissionais que fazem a defesa dos r\u00e9us e das testemunhas que poder\u00e3o ser ouvidas sem a presen\u00e7a dos acusados\u201d, destacou ele.<\/span><\/p>\n<p style=\"text-align: justify;\"><span style=\"font-size: 14pt;\">A sess\u00e3o por meio de videoconfer\u00eancia foi comanda pelo juiz Sandro Augusto dos Santos. Para o magistrado, a mudan\u00e7a deve acabar com os contratempos causados pela precariedade do sistema prisional.<\/span><\/p>\n","protected":false},"excerpt":{"rendered":"<p> [&hellip;]<\/p>\n","protected":false},"author":2,"featured_media":9058,"comment_status":"open","ping_status":"open","sticky":false,"template":"","format":"standard","meta":{"om_disable_all_campaigns":false,"_monsterinsights_skip_tracking":false,"_monsterinsights_sitenote_active":false,"_monsterinsights_sitenote_note":"","_monsterinsights_sitenote_category":0,"_uf_show_specific_survey":0,"_uf_disable_surveys":false,"footnotes":""},"categories":[23],"tags":[],"class_list":["post-9056","post","type-post","status-publish","format-standard","has-post-thumbnail","hentry","category-not_gaeco"],"aioseo_notices":[],"_links":{"self":[{"href":"https:\/\/www.mpal.mp.br\/index.php?rest_route=\/wp\/v2\/posts\/9056","targetHints":{"allow":["GET"]}}],"collection":[{"href":"https:\/\/www.mpal.mp.br\/index.php?rest_route=\/wp\/v2\/posts"}],"about":[{"href":"https:\/\/www.mpal.mp.br\/index.php?rest_route=\/wp\/v2\/types\/post"}],"author":[{"embeddable":true,"href":"https:\/\/www.mpal.mp.br\/index.php?rest_route=\/wp\/v2\/users\/2"}],"replies":[{"embeddable":true,"href":"https:\/\/www.mpal.mp.br\/index.php?rest_route=%2Fwp%2Fv2%2Fcomments&post=9056"}],"version-history":[{"count":1,"href":"https:\/\/www.mpal.mp.br\/index.php?rest_route=\/wp\/v2\/posts\/9056\/revisions"}],"predecessor-version":[{"id":9060,"href":"https:\/\/www.mpal.mp.br\/index.php?rest_route=\/wp\/v2\/posts\/9056\/revisions\/9060"}],"wp:featuredmedia":[{"embeddable":true,"href":"https:\/\/www.mpal.mp.br\/index.php?rest_route=\/wp\/v2\/media\/9058"}],"wp:attachment":[{"href":"https:\/\/www.mpal.mp.br\/index.php?rest_route=%2Fwp%2Fv2%2Fmedia&parent=9056"}],"wp:term":[{"taxonomy":"category","embeddable":true,"href":"https:\/\/www.mpal.mp.br\/index.php?rest_route=%2Fwp%2Fv2%2Fcategories&post=9056"},{"taxonomy":"post_tag","embeddable":true,"href":"https:\/\/www.mpal.mp.br\/index.php?rest_route=%2Fwp%2Fv2%2Ftags&post=9056"}],"curies":[{"name":"wp","href":"https:\/\/api.w.org\/{rel}","templated":true}]}}