{"id":9002,"date":"2019-04-10T08:48:50","date_gmt":"2019-04-10T11:48:50","guid":{"rendered":"https:\/\/www.mpal.mp.br\/?p=9002"},"modified":"2023-12-06T13:51:02","modified_gmt":"2023-12-06T16:51:02","slug":"caso-pinheiro-em-agravo-ministerio-publico-e-defensoria-publica-pedem-ao-tribunal-de-justica-a-reforma-da-decisao-de-primeiro-grau-para-que-o-bloqueio-de-contas-da-braskem-seja-no-valor-de-r-67-bi","status":"publish","type":"post","link":"https:\/\/www.mpal.mp.br\/?p=9002","title":{"rendered":"Caso Pinheiro: Em agravo, Minist\u00e9rio P\u00fablico e Defensoria P\u00fablica pedem ao Tribunal de Justi\u00e7a a reforma da decis\u00e3o de primeiro grau para que o bloqueio de contas da Braskem seja no valor de R$ 6,7 bilh\u00f5es"},"content":{"rendered":"<p style=\"text-align: justify;\" data-raofz=\"14\"><span style=\"font-size: 14pt;\">O Minist\u00e9rio P\u00fablico Estadual de Alagoas e a Defensoria P\u00fablica do Estado interpuseram agravo de instrumento, perante do Tribunal de Justi\u00e7a de Alagoas, nesta quarta-feira (10), pedindo a reforma da decis\u00e3o de primeiro grau para concess\u00e3o de bloqueio de bens e ativos financeiros da Braskem S.A., no valor de R$ 6.709.440.000.<\/span><\/p>\n<p style=\"text-align: justify;\" data-raofz=\"14\"><span style=\"font-size: 14pt;\">O bloqueio visa garantir reparos por danos morais e materiais aos moradores de todas as localidades apontadas como \u00e1reas de riscos no Decreto de Calamidade P\u00fablica da Prefeitura de Macei\u00f3.<\/span><\/p>\n<p style=\"text-align: justify;\" data-raofz=\"14\"><span style=\"font-size: 14pt;\">Na semana passada, o ju\u00edzo de direito da 2\u00aa Vara C\u00edvel da Capital reconheceu parcialmente o pedido das institui\u00e7\u00f5es, determinando o bloqueio de apenas R$ 100 milh\u00f5es das contas da mineradora, valor considerado insuficiente por ambos os \u00f3rg\u00e3os, que entendem que o \u00f4nus do tempo precisa ser invertido a favor da popula\u00e7\u00e3o vitimizada.<\/span><\/p>\n<p style=\"text-align: justify;\" data-raofz=\"14\"><span style=\"font-size: 14pt;\">No agravo, promotores de justi\u00e7a e defensores p\u00fablicos argumentam que n\u00e3o \u00e9 justo submeter os cidad\u00e3os ao risco de aguardar o fim do processo principal para terem garantias da efetividade do julgamento a ser proferido no processo principal, \u201calgo que somente ocorrer\u00e1 \u2013 levando-se em considera\u00e7\u00e3o os dados do CNJ \u2013 daqui a uns 9 anos\u201d.<\/span><\/p>\n<p style=\"text-align: justify;\" data-raofz=\"14\"><span style=\"font-size: 14pt;\">A t\u00edtulo ilustrativo, os \u00f3rg\u00e3os relembram o processo que busca repara\u00e7\u00e3o para as mais de 130 fam\u00edlias, moradoras do bairro Trapiche, v\u00edtimas de um vazamento de g\u00e1s cloro decorrente da explos\u00e3o no setor 225 da mesma Braskem, em 2011, cuja senten\u00e7a de primeiro grau foi prolatada em 30 de julho de 2018, sete anos ap\u00f3s o vazamento.<\/span><\/p>\n<p style=\"text-align: justify;\" data-raofz=\"14\"><span style=\"font-size: 14pt;\">\u201cEssas pessoas s\u00e3o refugiadas ambientais; foram e est\u00e3o sendo obrigadas a abandonarem seu ambiente social e n\u00e3o querem participar de programa social! A sociedade espera do Judici\u00e1rio a tutela adequada e prote\u00e7\u00e3o suficiente de acordo com o que o caso requer, sob pena de sofrermos o mesmo descr\u00e9dito pelo qual tem passado o Judici\u00e1rio de Minas Gerais, que at\u00e9 hoje n\u00e3o indenizou as v\u00edtimas da trag\u00e9dia de Mariana\u201d, afirmam.<\/span><\/p>\n<p style=\"text-align: justify;\" data-raofz=\"14\"><span style=\"font-size: 14pt;\">O agravo de instrumento foi assinada pelo procurador-geral de Justi\u00e7a, Alfredo Gaspar de Mendon\u00e7a Neto, pelo defensor p\u00fablico-geral do Estado, Ricardo Antunes Melro, pelos promotores de justi\u00e7a Jos\u00e9 Ant\u00f4nio Malta Marques, Max Martins de Oliveira, Adriano Jorge Correira de Barros Lima, Jorge Jos\u00e9 Tavares D\u00f3ria, Jomar de Amorim Moraes e Vicente Jos\u00e9 Cavalcante, e pelos defensores p\u00fablicos Carlos Eduardo de Paula Monteiro, Fernando Rebou\u00e7as de Oliveira e Fabr\u00edcio Le\u00e3o Souto.<\/span><\/p>\n","protected":false},"excerpt":{"rendered":"<p> [&hellip;]<\/p>\n","protected":false},"author":4,"featured_media":9003,"comment_status":"closed","ping_status":"closed","sticky":false,"template":"","format":"standard","meta":{"om_disable_all_campaigns":false,"_monsterinsights_skip_tracking":false,"_monsterinsights_sitenote_active":false,"_monsterinsights_sitenote_note":"","_monsterinsights_sitenote_category":0,"_uf_show_specific_survey":0,"_uf_disable_surveys":false,"footnotes":""},"categories":[56,2],"tags":[],"class_list":["post-9002","post","type-post","status-publish","format-standard","has-post-thumbnail","hentry","category-not_braskem","category-not_mpal"],"aioseo_notices":[],"_links":{"self":[{"href":"https:\/\/www.mpal.mp.br\/index.php?rest_route=\/wp\/v2\/posts\/9002","targetHints":{"allow":["GET"]}}],"collection":[{"href":"https:\/\/www.mpal.mp.br\/index.php?rest_route=\/wp\/v2\/posts"}],"about":[{"href":"https:\/\/www.mpal.mp.br\/index.php?rest_route=\/wp\/v2\/types\/post"}],"author":[{"embeddable":true,"href":"https:\/\/www.mpal.mp.br\/index.php?rest_route=\/wp\/v2\/users\/4"}],"replies":[{"embeddable":true,"href":"https:\/\/www.mpal.mp.br\/index.php?rest_route=%2Fwp%2Fv2%2Fcomments&post=9002"}],"version-history":[{"count":1,"href":"https:\/\/www.mpal.mp.br\/index.php?rest_route=\/wp\/v2\/posts\/9002\/revisions"}],"predecessor-version":[{"id":9004,"href":"https:\/\/www.mpal.mp.br\/index.php?rest_route=\/wp\/v2\/posts\/9002\/revisions\/9004"}],"wp:featuredmedia":[{"embeddable":true,"href":"https:\/\/www.mpal.mp.br\/index.php?rest_route=\/wp\/v2\/media\/9003"}],"wp:attachment":[{"href":"https:\/\/www.mpal.mp.br\/index.php?rest_route=%2Fwp%2Fv2%2Fmedia&parent=9002"}],"wp:term":[{"taxonomy":"category","embeddable":true,"href":"https:\/\/www.mpal.mp.br\/index.php?rest_route=%2Fwp%2Fv2%2Fcategories&post=9002"},{"taxonomy":"post_tag","embeddable":true,"href":"https:\/\/www.mpal.mp.br\/index.php?rest_route=%2Fwp%2Fv2%2Ftags&post=9002"}],"curies":[{"name":"wp","href":"https:\/\/api.w.org\/{rel}","templated":true}]}}