{"id":8976,"date":"2021-09-02T08:20:12","date_gmt":"2021-09-02T11:20:12","guid":{"rendered":"https:\/\/www.mpal.mp.br\/?p=8976"},"modified":"2022-06-13T08:20:28","modified_gmt":"2022-06-13T11:20:28","slug":"procurador-de-justica-geraldo-magela-e-homenageado-durante-solenidade-realizada-em-arapiraca","status":"publish","type":"post","link":"https:\/\/www.mpal.mp.br\/?p=8976","title":{"rendered":"Procurador de Justi\u00e7a Geraldo Magela \u00e9 homenageado durante solenidade realizada em Arapiraca"},"content":{"rendered":"<p style=\"text-align: justify;\" data-raofz=\"14\"><span style=\"font-size: 14pt;\" data-raofz=\"13\">Numa solenidade marcada pelo reconhecimento aos seus 42 anos de servi\u00e7os prestados ao Minist\u00e9rio P\u00fablico do Estado de Alagoas, o procurador de Justi\u00e7a Geraldo Magela Barbosa Pirau\u00e1 foi homenageado, nesta quinta-feira (2), em raz\u00e3o de sua aposentadoria. Ele deixou o \u00f3rg\u00e3o ministerial em 2020, quando atuava na 3\u00aa Procuradoria de Justi\u00e7a Criminal.<\/span><\/p>\n<p style=\"text-align: justify;\" data-raofz=\"14\"><span style=\"font-size: 14pt;\" data-raofz=\"13\">Durante a cerim\u00f4nia, Geraldo Magela recebeu uma placa de homenagem como agradecimento pelas quatro d\u00e9cadas de trabalho dedicados ao Minist\u00e9rio P\u00fablico. O texto do presente fez refer\u00eancia ao compromisso de Magela como membro do MPAL e \u00e0 sua retid\u00e3o de car\u00e1ter. Na ocasi\u00e3o, o promotor de Justi\u00e7a Adivaldo Batista que, por anos, foi coordenador das Promotorias de Justi\u00e7a de Arapiraca, tamb\u00e9m foi agraciado com uma placa.<\/span><\/p>\n<p style=\"text-align: justify;\" data-raofz=\"14\"><span style=\"font-size: 14pt;\" data-raofz=\"13\">O procurador-geral de Justi\u00e7a, M\u00e1rcio Roberto Ten\u00f3rio de Albuquerque, em discurso, agradeceu pela dedica\u00e7\u00e3o de Geraldo Magela ao Minist\u00e9rio P\u00fablico e ressaltou as qualidades do colega procurador de Justi\u00e7a. \u201cEu e todo o Minist\u00e9rio P\u00fablico temos muito respeito pela sua hist\u00f3ria como promotor e procurador, sempre atuante e tratando com respeito a todos aqueles que lhe procuraram. \u00c9 um homem simples, justo, cort\u00eas e sereno e essas suas qualidades nos fizeram aprender bastante, tanto na esfera pessoal quanto na profissional. Ouso dizer que a nossa institui\u00e7\u00e3o jamais poder\u00e1 lhe pagar por tudo o que voc\u00ea fez por ela e pelo povo de Alagoas\u201d, declarou o chefe do MPAL.<\/span><\/p>\n<p style=\"text-align: justify;\" data-raofz=\"14\"><span style=\"font-size: 14pt;\" data-raofz=\"13\">Na sequ\u00eancia, fez uso da palavra o subprocurador administrativo institucional do MPAL, Valter Acioly. \u201cTenho ouvido falar que o momento de aposenta\u00e7\u00e3o \u00e9 um misto de alegria e de tristeza, por\u00e9m, confesso que, para mim, como membro do Minist\u00e9rio P\u00fablico, \u00e9 triste n\u00e3o ter mais o Magela fazendo parte do nosso conv\u00edvio. Suas tantas qualidades e seriedade no trabalho servem de exemplo para n\u00f3s. Foi uma grande honra trabalhar ao seu lado\u201d, disse ele.<\/span><\/p>\n<p style=\"text-align: justify;\" data-raofz=\"14\"><span style=\"font-size: 14pt;\" data-raofz=\"13\">E as homenagens seguiram com o corregedor-geral, Walber Valente de Lima: \u201cA Corregedoria-Geral agradece pela sua dedica\u00e7\u00e3o, saber jur\u00eddico e fidelidade aos princ\u00edpios \u00e9ticos e \u00e0 lei. E por tudo isso que ele tem uma vida funcional imaculada e t\u00e3o cheia de m\u00e9ritos\u201d, afirmou o procurador.<\/span><\/p>\n<p style=\"text-align: justify;\" data-raofz=\"14\"><span style=\"font-size: 14pt;\" data-raofz=\"13\">O presidente da Associa\u00e7\u00e3o do Minist\u00e9rio P\u00fablico de Alagoas (Ampal), Roberto Salom\u00e3o, tamb\u00e9m se pronunciou e elogiou o colega. \u201cEm raz\u00e3o de tantos anos desempenhando suas atribui\u00e7\u00f5es de maneira exemplar, Geraldo Magela sempre continuar\u00e1 sendo um representante leg\u00edtimo do nosso Minist\u00e9rio P\u00fablico, mesmo n\u00e3o estando mais no dia a dia do trabalho. E digo isso porque o procurador \u00e9 sin\u00f4nimo de quatro d\u00e9cadas de servi\u00e7os prestados \u00e0 sociedade alagoana\u201d, frisou ele.<\/span><\/p>\n<p style=\"text-align: justify;\" data-raofz=\"14\"><span style=\"font-size: 14pt;\" data-raofz=\"13\">O servidor das Promotorias de Justi\u00e7a de Arapiraca, Jailson Macedo, falou em nome dos funcion\u00e1rios. \u201cGratid\u00e3o por sempre nos acolher da forma mais carinhosa, por ser fonte de inspira\u00e7\u00e3o e pelo engajamento nos momentos de confraterniza\u00e7\u00e3o e descontra\u00e7\u00e3o\u201d, pontuou.<\/span><\/p>\n<p style=\"text-align: justify;\" data-raofz=\"14\"><span style=\"font-size: 14pt;\" data-raofz=\"13\">\u201cGeraldo Magela \u00e9 um homem que nasceu para distribuir justi\u00e7a, por isso, sempre desempenhou t\u00e3o bom o seu trabalho dentro do Minist\u00e9rio P\u00fablico. A Ordem dos Advogados do Brasil vai sempre render todas as homenagens\u201d, garantiu o presidente da OAB\/AL, advogado Nivaldo Barbosa J\u00fanior.<\/span><\/p>\n<p style=\"text-align: justify;\" data-raofz=\"14\"><span style=\"font-size: 14pt;\" data-raofz=\"13\">O prefeito de Arapiraca, Luciano Barbosa, foi mais uma autoridade que prestigiou a cerim\u00f4nia. \u201cEsta \u00e9 uma homenagem justa e me sinto feliz em poder celebrar o trabalho do procurador Geraldo Magela neste momento. \u00c9 sabido por todo mundo que ele \u00e9 um membro que dedicou toda a sua vida ao Minist\u00e9rio P\u00fablico, engrandecendo, portanto, a institui\u00e7\u00e3o. E, para al\u00e9m disso, acolheu Arapiraca como a sua cidade, contribuindo muito para o seu desenvolvimento. Nosso munic\u00edpio te agradece por tudo\u201d, declarou.<\/span><\/p>\n<p style=\"text-align: justify;\" data-raofz=\"14\"><span style=\"font-size: 14pt;\" data-raofz=\"13\">A solenidade foi encerrada com as palavras do procurador aposentado. \u201cTive uma dif\u00edcil trajet\u00f3ria de vida, mas, sempre aben\u00e7oada por Deus. Estudei, formei-me, fui professor e, depois, aprovado no exame da OAB. Exerci a advocacia e, em 1978, passei a fazer parte dos quadros do honroso Minist\u00e9rio P\u00fablico de Alagoas. Lembro-me que, quando assumi o cargo de promotor de Justi\u00e7a de Delmiro Gouveia, meu sal\u00e1rio era inferior aquele que eu recebia no escrit\u00f3rio de advocacia onde trabalhava. Mas, isso pouco me importava. Jamais me arrependi da profiss\u00e3o escolhida porque eu amo o Minist\u00e9rio P\u00fablico e, a ele, dediquei o melhor de mim\u201d, disse.<\/span><\/p>\n<p style=\"text-align: justify;\" data-raofz=\"14\"><span style=\"font-size: 14pt;\" data-raofz=\"13\">\u201cQuero tamb\u00e9m agradecer pelos amigos que fiz dentro da institui\u00e7\u00e3o. Ter amigos faz bem \u00e0 sa\u00fade. Na verdade, gostaria de agradecer por tudo o que vivi no Minist\u00e9rio P\u00fablico porque foi ele que me ensinou que o poder deve ser exercido com prud\u00eancia, bom censo, modera\u00e7\u00e3o e integridade\u201d, finalizou ele.<\/span><\/p>\n<p style=\"text-align: justify;\" data-raofz=\"14\"><span style=\"font-size: 14pt;\" data-raofz=\"13\">A cerim\u00f4nia foi prestigiada virtual e presencialmente por procuradores e promotores de Justi\u00e7a, servidores do Minist\u00e9rio P\u00fablico e familiares e amigos do homenageado.<\/span><\/p>\n<p style=\"text-align: justify;\" data-raofz=\"14\"><span style=\"font-size: 14pt;\"><strong>Hist\u00f3rico de Geraldo Magela<\/strong><\/span><\/p>\n<p style=\"text-align: justify;\" data-raofz=\"14\"><span style=\"font-size: 14pt;\" data-raofz=\"13\">Geraldo Magela Barbosa Pirau\u00e1 ingressou na carreira do Minist\u00e9rio P\u00fablico do Estado de Alagoas em 28 de dezembro de 1977, tendo entrado em exerc\u00edcio em janeiro do ano seguinte, onde teve a cidade de Delmiro Gouveia como sua primeira comarca. Ao longo dos anos, desenvolveu suas atribui\u00e7\u00f5es nas Promotorias de Justi\u00e7a de Traipu, Batalha, Limoeiro de Anadia e, por fim, em Arapiraca.<\/span><\/p>\n<p style=\"text-align: justify;\" data-raofz=\"14\"><span style=\"font-size: 14pt;\" data-raofz=\"13\">Em 6 de junho de 1996, deixou a 2\u00aa Promotoria de Justi\u00e7a de Arapiraca ap\u00f3s ter ascendido ao cargo de procurador de Justi\u00e7a, de 2\u00aa inst\u00e2ncia. E nessa condi\u00e7\u00e3o permaneceu at\u00e9 a aposentadoria, que se deu em mar\u00e7o de 2020, ap\u00f3s 42 anos de trabalho e dedica\u00e7\u00e3o ao Minist\u00e9rio P\u00fablico do Estado de Alagoas.<\/span><\/p>\n","protected":false},"excerpt":{"rendered":"<p> [&hellip;]<\/p>\n","protected":false},"author":1,"featured_media":8978,"comment_status":"open","ping_status":"open","sticky":false,"template":"","format":"standard","meta":{"om_disable_all_campaigns":false,"_monsterinsights_skip_tracking":false,"_monsterinsights_sitenote_active":false,"_monsterinsights_sitenote_note":"","_monsterinsights_sitenote_category":0,"_uf_show_specific_survey":0,"_uf_disable_surveys":false,"footnotes":""},"categories":[2],"tags":[],"class_list":["post-8976","post","type-post","status-publish","format-standard","has-post-thumbnail","hentry","category-not_mpal"],"aioseo_notices":[],"_links":{"self":[{"href":"https:\/\/www.mpal.mp.br\/index.php?rest_route=\/wp\/v2\/posts\/8976","targetHints":{"allow":["GET"]}}],"collection":[{"href":"https:\/\/www.mpal.mp.br\/index.php?rest_route=\/wp\/v2\/posts"}],"about":[{"href":"https:\/\/www.mpal.mp.br\/index.php?rest_route=\/wp\/v2\/types\/post"}],"author":[{"embeddable":true,"href":"https:\/\/www.mpal.mp.br\/index.php?rest_route=\/wp\/v2\/users\/1"}],"replies":[{"embeddable":true,"href":"https:\/\/www.mpal.mp.br\/index.php?rest_route=%2Fwp%2Fv2%2Fcomments&post=8976"}],"version-history":[{"count":1,"href":"https:\/\/www.mpal.mp.br\/index.php?rest_route=\/wp\/v2\/posts\/8976\/revisions"}],"predecessor-version":[{"id":8979,"href":"https:\/\/www.mpal.mp.br\/index.php?rest_route=\/wp\/v2\/posts\/8976\/revisions\/8979"}],"wp:featuredmedia":[{"embeddable":true,"href":"https:\/\/www.mpal.mp.br\/index.php?rest_route=\/wp\/v2\/media\/8978"}],"wp:attachment":[{"href":"https:\/\/www.mpal.mp.br\/index.php?rest_route=%2Fwp%2Fv2%2Fmedia&parent=8976"}],"wp:term":[{"taxonomy":"category","embeddable":true,"href":"https:\/\/www.mpal.mp.br\/index.php?rest_route=%2Fwp%2Fv2%2Fcategories&post=8976"},{"taxonomy":"post_tag","embeddable":true,"href":"https:\/\/www.mpal.mp.br\/index.php?rest_route=%2Fwp%2Fv2%2Ftags&post=8976"}],"curies":[{"name":"wp","href":"https:\/\/api.w.org\/{rel}","templated":true}]}}