{"id":8973,"date":"2021-09-02T08:17:40","date_gmt":"2021-09-02T11:17:40","guid":{"rendered":"https:\/\/www.mpal.mp.br\/?p=8973"},"modified":"2025-06-18T11:32:07","modified_gmt":"2025-06-18T14:32:07","slug":"em-arapiraca-pgj-marcio-roberto-trata-do-retorno-ao-trabalho-presencial-e-anuncia-nomeacao-de-novos-servidores-para-2022","status":"publish","type":"post","link":"https:\/\/www.mpal.mp.br\/?p=8973","title":{"rendered":"Em Arapiraca, PGJ M\u00e1rcio Roberto trata do retorno ao trabalho presencial e anuncia nomea\u00e7\u00e3o de novos servidores para 2022"},"content":{"rendered":"<p style=\"text-align: justify;\" align=\"justify\" data-raofz=\"14\"><span style=\"font-size: 14pt;\" data-raofz=\"13\">O procurador-geral de Justi\u00e7a de Alagoas, M\u00e1rcio Roberto Ten\u00f3rio de Albuquerque, reuniu-se, na manh\u00e3 desta quinta-feira (2), com membros e servidores das Promotorias de Justi\u00e7a de Arapiraca. Durante o encontro, o chefe do Minist\u00e9rio P\u00fablico do Estado de Alagoas (MPAL) falou a respeito do fim gradual do\u00a0<em>home office,<\/em>\u00a0orientando os presentes a voltarem a exercer suas fun\u00e7\u00f5es na locais de trabalho, anunciou a elabora\u00e7\u00e3o de um projeto de lei para a cria\u00e7\u00e3o do organograma das atividades dos funcion\u00e1rios das promotorias de Justi\u00e7a daquele munic\u00edpio e garantiu a convoca\u00e7\u00e3o de novos servidores para o in\u00edcio do ano de 2022.<\/span><\/p>\n<p style=\"text-align: justify;\" align=\"justify\" data-raofz=\"14\"><span style=\"font-size: 14pt;\" data-raofz=\"13\">A reuni\u00e3o, que aconteceu no pr\u00e9dio das PJs de Arapiraca, foi a primeira que ocorreu com todas as pessoas presentes, uma vez que a pandemia ainda n\u00e3o tinha permitido esse contato mais pr\u00f3ximo anteriormente. \u201cN\u00e3o podemos negar que o trabalho em\u00a0<i data-raofz=\"13\">home office r<\/i>epresentou economicidade \u00e0 institui\u00e7\u00e3o, mas, precisamos voltar \u00e0s nossas atividades presenciais porque \u00e9 importante a presen\u00e7a do promotor, do procurador e do servidor no seu ambiente de trabalho. Inclusive, essa presen\u00e7a \u00e9 relevante para que possamos voltar a atender o cidad\u00e3o, principal destinat\u00e1rio dos servi\u00e7os do Minist\u00e9rio P\u00fablico\u201d, destacou M\u00e1rcio Roberto Ten\u00f3rio de Albuquerque.<\/span><\/p>\n<p style=\"text-align: justify;\" align=\"justify\" data-raofz=\"14\"><span style=\"font-size: 14pt;\" data-raofz=\"13\">Na ocasi\u00e3o, o chefe do MPAL explicou que o mais recente ato falando sobre o retorno das atividades prev\u00ea que aqueles membros e servidores sem comorbidades e que j\u00e1 tomaram as duas doses ou a dose \u00fanica da vacina contra a Covid-19 devem retornar ao trabalho presencial de forma imediata. Os demais dever\u00e3o faz\u00ea-lo ap\u00f3s se imunizarem por completo.<\/span><\/p>\n<p style=\"text-align: justify;\" align=\"justify\" data-raofz=\"14\"><span style=\"font-size: 14pt;\" data-raofz=\"13\"><b>Novos servidores<\/b><\/span><\/p>\n<p style=\"text-align: justify;\" align=\"justify\" data-raofz=\"14\"><span style=\"font-size: 14pt;\" data-raofz=\"13\">O procurador-geral de Justi\u00e7a de Alagoas tamb\u00e9m anunciou que, at\u00e9 o in\u00edcio do pr\u00f3ximo ano, dever\u00e1 nomear os demais aprovados no concurso p\u00fablico realizado pelo MPAL em 2018. \u201cS\u00e3o pessoas que estudaram, prepararam-se para o certame e, agora, aguardam realizar o sonho de se tornarem servidoras p\u00fablicas. E \u00e9 nossa obriga\u00e7\u00e3o convoc\u00e1-las, at\u00e9 porque os cargos precisam ser preenchidos. \u00c9 importante frisar que as nomea\u00e7\u00f5es ainda n\u00e3o ocorreram por falta de or\u00e7amento, no entanto, essa \u00e9 uma quest\u00e3o que j\u00e1 se resolvendo, ent\u00e3o, no primeiro semestre de 2021, teremos v\u00e1rios novos servidores trabalhando ao nosso lado\u201d, garantiu M\u00e1rcio Roberto Ten\u00f3rio de Albuquerque.<\/span><\/p>\n<p style=\"text-align: justify;\" align=\"justify\" data-raofz=\"14\"><span style=\"font-size: 14pt;\" data-raofz=\"13\">E o chefe do Minist\u00e9rio P\u00fablico ainda comunicou outra not\u00edcia: \u201cDaremos aos servidores o reajuste merecido, conforme tratativas que aconteceram junto ao Simpeal, que \u00e9 o sindicato da categoria. E isso dever\u00e1 acontecer em breve, ainda este ano\u201d, garantiu ele.<br \/>\n<\/span><\/p>\n<p style=\"text-align: justify;\" align=\"justify\" data-raofz=\"14\"><span style=\"font-size: 14pt;\" data-raofz=\"13\">Por fim, M\u00e1rcio Roberto Ten\u00f3rio de Albuquerque comunicou que a administra\u00e7\u00e3o superior est\u00e1 elaborando um projeto de lei com a cria\u00e7\u00e3o do organograma das atividades dos servidores p\u00fablicos das promotorias de Justi\u00e7a de Arapiraca.\u00a0<\/span><\/p>\n","protected":false},"excerpt":{"rendered":"<p> [&hellip;]<\/p>\n","protected":false},"author":1,"featured_media":8974,"comment_status":"closed","ping_status":"closed","sticky":false,"template":"","format":"standard","meta":{"om_disable_all_campaigns":false,"_monsterinsights_skip_tracking":false,"_monsterinsights_sitenote_active":false,"_monsterinsights_sitenote_note":"","_monsterinsights_sitenote_category":0,"_uf_show_specific_survey":0,"_uf_disable_surveys":false,"footnotes":""},"categories":[18],"tags":[],"class_list":["post-8973","post","type-post","status-publish","format-standard","has-post-thumbnail","hentry","category-not_concursos"],"aioseo_notices":[],"_links":{"self":[{"href":"https:\/\/www.mpal.mp.br\/index.php?rest_route=\/wp\/v2\/posts\/8973","targetHints":{"allow":["GET"]}}],"collection":[{"href":"https:\/\/www.mpal.mp.br\/index.php?rest_route=\/wp\/v2\/posts"}],"about":[{"href":"https:\/\/www.mpal.mp.br\/index.php?rest_route=\/wp\/v2\/types\/post"}],"author":[{"embeddable":true,"href":"https:\/\/www.mpal.mp.br\/index.php?rest_route=\/wp\/v2\/users\/1"}],"replies":[{"embeddable":true,"href":"https:\/\/www.mpal.mp.br\/index.php?rest_route=%2Fwp%2Fv2%2Fcomments&post=8973"}],"version-history":[{"count":1,"href":"https:\/\/www.mpal.mp.br\/index.php?rest_route=\/wp\/v2\/posts\/8973\/revisions"}],"predecessor-version":[{"id":8975,"href":"https:\/\/www.mpal.mp.br\/index.php?rest_route=\/wp\/v2\/posts\/8973\/revisions\/8975"}],"wp:featuredmedia":[{"embeddable":true,"href":"https:\/\/www.mpal.mp.br\/index.php?rest_route=\/wp\/v2\/media\/8974"}],"wp:attachment":[{"href":"https:\/\/www.mpal.mp.br\/index.php?rest_route=%2Fwp%2Fv2%2Fmedia&parent=8973"}],"wp:term":[{"taxonomy":"category","embeddable":true,"href":"https:\/\/www.mpal.mp.br\/index.php?rest_route=%2Fwp%2Fv2%2Fcategories&post=8973"},{"taxonomy":"post_tag","embeddable":true,"href":"https:\/\/www.mpal.mp.br\/index.php?rest_route=%2Fwp%2Fv2%2Ftags&post=8973"}],"curies":[{"name":"wp","href":"https:\/\/api.w.org\/{rel}","templated":true}]}}