{"id":8969,"date":"2021-09-03T08:15:49","date_gmt":"2021-09-03T11:15:49","guid":{"rendered":"https:\/\/www.mpal.mp.br\/?p=8969"},"modified":"2022-06-13T08:16:01","modified_gmt":"2022-06-13T11:16:01","slug":"ministerio-publico-garante-que-estara-atento-as-manifestacoes-do-feriado-de-7-de-setembro","status":"publish","type":"post","link":"https:\/\/www.mpal.mp.br\/?p=8969","title":{"rendered":"Minist\u00e9rio P\u00fablico garante que estar\u00e1 atento \u00e0s manifesta\u00e7\u00f5es do feriado de 7 de Setembro"},"content":{"rendered":"<p style=\"text-align: justify;\" align=\"justify\" data-raofz=\"14\"><span style=\"font-size: 14pt;\" data-raofz=\"13\">O Minist\u00e9rio P\u00fablico do Estado de Alagoas (MPAL) assegura que estar\u00e1 atento aos atos que est\u00e3o previstos para ocorrer no feriado do pr\u00f3ximo dia 7 de Setembro, data que marcar\u00e1 os 199 anos da independ\u00eancia do Brasil. A chefia da institui\u00e7\u00e3o alerta que profissionais ligados as for\u00e7as da seguran\u00e7a p\u00fablica n\u00e3o poder\u00e3o participar das manifesta\u00e7\u00f5es armados, fardados ou com qualquer s\u00edmbolo que identifique o \u00f3rg\u00e3o ao qual eles s\u00e3o ligados e representando as institui\u00e7\u00f5es nas quais trabalham e, caso isso ocorra, eles ser\u00e3o responsabilizados civil e criminalmente.<\/span><\/p>\n<p style=\"text-align: justify;\" align=\"justify\" data-raofz=\"14\"><span style=\"font-size: 14pt;\" data-raofz=\"13\">De acordo com o procurador-geral de Justi\u00e7a, M\u00e1rcio Roberto Ten\u00f3rio de Albuquerque, o direito \u00e0 livre manifesta\u00e7\u00e3o de pensamento \u00e9 assegurado constitucionalmente a qualquer cidad\u00e3o brasileiro, por\u00e9m, envolver-se em atos pol\u00edticos, fazendo alus\u00e3o \u00e0s corpora\u00e7\u00f5es ou institui\u00e7\u00f5es nas quais os policiais est\u00e3o vinculados, \u00e9 proibido.<\/span><\/p>\n<p style=\"text-align: justify;\" align=\"justify\" data-raofz=\"14\"><span style=\"font-size: 14pt;\" data-raofz=\"13\">A chefia do MPAL lembra que a Constitui\u00e7\u00e3o da Rep\u00fablica pro\u00edbe a sindicaliza\u00e7\u00e3o, a greve e a filia\u00e7\u00e3o a partido pol\u00edtico do policial militar, enquanto este estiver na ativa, motivo pelo qual o profissional n\u00e3o poder\u00e1 ir \u00e0s ruas, identificado com as fardas da corpora\u00e7\u00e3o, para participar de quaisquer atos que simbolizem posicionamento pol\u00edtico-partid\u00e1rio.<\/span><\/p>\n<p style=\"text-align: justify;\" align=\"justify\" data-raofz=\"14\"><span style=\"font-size: 14pt;\" data-raofz=\"13\">O Minist\u00e9rio P\u00fablico tamb\u00e9m lembra que militares identificados com s\u00edmbolos da corpora\u00e7\u00e3o flagrados em atos pol\u00edticos podem ser penalizados pelos crimes de motim ou revolta, cuja penas podem chegar a 20 anos de pris\u00e3o em regime fechado. A mesma lei tamb\u00e9m especifica, em seu artigo 324, que \u00e9 crime \u201cdeixar, no exerc\u00edcio de fun\u00e7\u00e3o, de observar lei, regulamento ou instru\u00e7\u00e3o, dando causa direta \u00e0 pr\u00e1tica de ato prejudicial \u00e0 administra\u00e7\u00e3o militar\u201d.<\/span><\/p>\n<p style=\"text-align: justify;\" align=\"justify\" data-raofz=\"14\"><span style=\"font-size: 14pt;\"><strong>Puni\u00e7\u00e3o<\/strong><\/span><\/p>\n<p style=\"text-align: justify;\" align=\"justify\" data-raofz=\"14\"><span style=\"font-size: 14pt;\" data-raofz=\"13\">Segundo o Minist\u00e9rio P\u00fablico, as Promotorias de Justi\u00e7a com atribui\u00e7\u00f5es em Auditoria Militar e no Controle Externo da Atividade Policial adotar\u00e3o todas as medidas necess\u00e1rias naqueles casos em que ficar comprovada a participa\u00e7\u00e3o volunt\u00e1ria de policiais em manifesta\u00e7\u00f5es, estando eles fardados ou com algum tipo de identifica\u00e7\u00e3o que os associem ao seu local de trabalho.<\/span><\/p>\n","protected":false},"excerpt":{"rendered":"<p> [&hellip;]<\/p>\n","protected":false},"author":1,"featured_media":8970,"comment_status":"open","ping_status":"open","sticky":false,"template":"","format":"standard","meta":{"om_disable_all_campaigns":false,"_monsterinsights_skip_tracking":false,"_monsterinsights_sitenote_active":false,"_monsterinsights_sitenote_note":"","_monsterinsights_sitenote_category":0,"_uf_show_specific_survey":0,"_uf_disable_surveys":false,"footnotes":""},"categories":[2],"tags":[],"class_list":["post-8969","post","type-post","status-publish","format-standard","has-post-thumbnail","hentry","category-not_mpal"],"aioseo_notices":[],"_links":{"self":[{"href":"https:\/\/www.mpal.mp.br\/index.php?rest_route=\/wp\/v2\/posts\/8969","targetHints":{"allow":["GET"]}}],"collection":[{"href":"https:\/\/www.mpal.mp.br\/index.php?rest_route=\/wp\/v2\/posts"}],"about":[{"href":"https:\/\/www.mpal.mp.br\/index.php?rest_route=\/wp\/v2\/types\/post"}],"author":[{"embeddable":true,"href":"https:\/\/www.mpal.mp.br\/index.php?rest_route=\/wp\/v2\/users\/1"}],"replies":[{"embeddable":true,"href":"https:\/\/www.mpal.mp.br\/index.php?rest_route=%2Fwp%2Fv2%2Fcomments&post=8969"}],"version-history":[{"count":1,"href":"https:\/\/www.mpal.mp.br\/index.php?rest_route=\/wp\/v2\/posts\/8969\/revisions"}],"predecessor-version":[{"id":8971,"href":"https:\/\/www.mpal.mp.br\/index.php?rest_route=\/wp\/v2\/posts\/8969\/revisions\/8971"}],"wp:featuredmedia":[{"embeddable":true,"href":"https:\/\/www.mpal.mp.br\/index.php?rest_route=\/wp\/v2\/media\/8970"}],"wp:attachment":[{"href":"https:\/\/www.mpal.mp.br\/index.php?rest_route=%2Fwp%2Fv2%2Fmedia&parent=8969"}],"wp:term":[{"taxonomy":"category","embeddable":true,"href":"https:\/\/www.mpal.mp.br\/index.php?rest_route=%2Fwp%2Fv2%2Fcategories&post=8969"},{"taxonomy":"post_tag","embeddable":true,"href":"https:\/\/www.mpal.mp.br\/index.php?rest_route=%2Fwp%2Fv2%2Ftags&post=8969"}],"curies":[{"name":"wp","href":"https:\/\/api.w.org\/{rel}","templated":true}]}}