{"id":8952,"date":"2021-09-09T07:57:22","date_gmt":"2021-09-09T10:57:22","guid":{"rendered":"https:\/\/www.mpal.mp.br\/?p=8952"},"modified":"2022-06-13T07:57:39","modified_gmt":"2022-06-13T10:57:39","slug":"nota-de-desagravo","status":"publish","type":"post","link":"https:\/\/www.mpal.mp.br\/?p=8952","title":{"rendered":"NOTA DE DESAGRAVO"},"content":{"rendered":"<p style=\"text-align: justify;\" data-raofz=\"14\"><span style=\"font-size: 14pt;\" data-raofz=\"13\">O Minist\u00e9rio P\u00fablico do Estado de Alagoas, por meio da Procuradoria-Geral de Justi\u00e7a, no sentido de garantir o respeito \u00e0s prerrogativas e \u00e0 atua\u00e7\u00e3o funcional dos seus membros, empenha seu total e irrestrito apoio ao trabalho realizado pelo Promotor de Justi\u00e7a LEONARDO NOVAES BASTOS, o qual desenvolve o seu labor de maneira exemplar, notadamente no combate aos crimes contra a vida, na 49\u00aa Promotoria de Justi\u00e7a da capital, raz\u00e3o pela qual obteve o reconhecimento e a admira\u00e7\u00e3o da sociedade alagoana, destinat\u00e1ria \u00fanica dos pr\u00e9stimos ministeriais no Estado.<\/span><\/p>\n<p style=\"text-align: justify;\" data-raofz=\"14\"><span style=\"font-size: 14pt;\" data-raofz=\"13\">Repudia, tamb\u00e9m, o Minist\u00e9rio P\u00fablico, a forma inadequada atrav\u00e9s da qual o advogado Jos\u00e9 Fragoso, durante entrevista coletiva concedida no dia 3 de setembro de 2021, atacou o Representante Ministerial e o Minist\u00e9rio P\u00fablico como um todo, por cumprir com o seu dever funcional, nos exatos limites de suas atribui\u00e7\u00f5es constitucionais, especialmente porque o referido Promotor de Justi\u00e7a acompanhava o feito h\u00e1 v\u00e1rios meses.<\/span><\/p>\n<p style=\"text-align: justify;\" data-raofz=\"14\"><span style=\"font-size: 14pt;\" data-raofz=\"13\">Ao final, a Procuradoria-Geral de Justi\u00e7a repele toda e qualquer insinua\u00e7\u00e3o que venha a macular a imparcialidade e a corre\u00e7\u00e3o de postura do referido Promotor de Justi\u00e7a.<\/span><\/p>\n<p style=\"text-align: justify;\" data-raofz=\"14\"><span style=\"font-size: 14pt;\" data-raofz=\"13\">Macei\u00f3, 09 de setembro de 2021<\/span><\/p>\n<p style=\"text-align: justify;\" data-raofz=\"14\"><span style=\"font-size: 14pt;\"><strong>M\u00e1rcio Roberto Ten\u00f3rio de Albuquerque<\/strong><\/span><br \/>\n<span style=\"font-size: 14pt;\" data-raofz=\"13\">Procurador-Geral de Justi\u00e7a do Estado de Alagoas<\/span><\/p>\n","protected":false},"excerpt":{"rendered":"<p> [&hellip;]<\/p>\n","protected":false},"author":1,"featured_media":8953,"comment_status":"open","ping_status":"open","sticky":false,"template":"","format":"standard","meta":{"om_disable_all_campaigns":false,"_monsterinsights_skip_tracking":false,"_monsterinsights_sitenote_active":false,"_monsterinsights_sitenote_note":"","_monsterinsights_sitenote_category":0,"_uf_show_specific_survey":0,"_uf_disable_surveys":false,"footnotes":""},"categories":[2],"tags":[],"class_list":["post-8952","post","type-post","status-publish","format-standard","has-post-thumbnail","hentry","category-not_mpal"],"aioseo_notices":[],"_links":{"self":[{"href":"https:\/\/www.mpal.mp.br\/index.php?rest_route=\/wp\/v2\/posts\/8952","targetHints":{"allow":["GET"]}}],"collection":[{"href":"https:\/\/www.mpal.mp.br\/index.php?rest_route=\/wp\/v2\/posts"}],"about":[{"href":"https:\/\/www.mpal.mp.br\/index.php?rest_route=\/wp\/v2\/types\/post"}],"author":[{"embeddable":true,"href":"https:\/\/www.mpal.mp.br\/index.php?rest_route=\/wp\/v2\/users\/1"}],"replies":[{"embeddable":true,"href":"https:\/\/www.mpal.mp.br\/index.php?rest_route=%2Fwp%2Fv2%2Fcomments&post=8952"}],"version-history":[{"count":2,"href":"https:\/\/www.mpal.mp.br\/index.php?rest_route=\/wp\/v2\/posts\/8952\/revisions"}],"predecessor-version":[{"id":8955,"href":"https:\/\/www.mpal.mp.br\/index.php?rest_route=\/wp\/v2\/posts\/8952\/revisions\/8955"}],"wp:featuredmedia":[{"embeddable":true,"href":"https:\/\/www.mpal.mp.br\/index.php?rest_route=\/wp\/v2\/media\/8953"}],"wp:attachment":[{"href":"https:\/\/www.mpal.mp.br\/index.php?rest_route=%2Fwp%2Fv2%2Fmedia&parent=8952"}],"wp:term":[{"taxonomy":"category","embeddable":true,"href":"https:\/\/www.mpal.mp.br\/index.php?rest_route=%2Fwp%2Fv2%2Fcategories&post=8952"},{"taxonomy":"post_tag","embeddable":true,"href":"https:\/\/www.mpal.mp.br\/index.php?rest_route=%2Fwp%2Fv2%2Ftags&post=8952"}],"curies":[{"name":"wp","href":"https:\/\/api.w.org\/{rel}","templated":true}]}}