{"id":8949,"date":"2021-09-10T07:55:02","date_gmt":"2021-09-10T10:55:02","guid":{"rendered":"https:\/\/www.mpal.mp.br\/?p=8949"},"modified":"2022-06-13T07:55:18","modified_gmt":"2022-06-13T10:55:18","slug":"setembro-amarelo-ministerio-publico-promove-acoes-estaduais-em-defesa-da-vida","status":"publish","type":"post","link":"https:\/\/www.mpal.mp.br\/?p=8949","title":{"rendered":"Setembro amarelo: Minist\u00e9rio P\u00fablico promove a\u00e7\u00f5es estaduais em defesa da vida"},"content":{"rendered":"<p style=\"text-align: justify;\" align=\"justify\" data-raofz=\"14\"><span style=\"font-size: 14pt;\" data-raofz=\"13\">Incentivar a valoriza\u00e7\u00e3o da vida e adotar a\u00e7\u00f5es de preven\u00e7\u00e3o ao suic\u00eddio e \u00e0 automutila\u00e7\u00e3o: \u00e9 com esse objetivo que o Minist\u00e9rio P\u00fablico do Estado de Alagoas est\u00e1 desenvolvendo uma s\u00e9rie de iniciativas dentro da campanha Setembro Amarelo. E as atividades, que come\u00e7aram na semana passada, ganharam mais um cap\u00edtulo, nesta sexta-feira (10), durante uma\u00a0<em>live<\/em>\u00a0no Youtube que reuniu a chefia da institui\u00e7\u00e3o, o N\u00facleo de Defesa da Sa\u00fade P\u00fablica do MPAL e entidades que trabalham com o tema. Durante todo este m\u00eas, o \u00f3rg\u00e3o ministerial seguir\u00e1 realizando capacita\u00e7\u00f5es e atividades com alunos da rede p\u00fablica em diferentes munic\u00edpios alagoanos.<\/span><\/p>\n<p style=\"text-align: justify;\" align=\"justify\" data-raofz=\"14\"><span style=\"font-size: 14pt;\" data-raofz=\"13\">No in\u00edcio da<em>\u00a0live,<\/em>\u00a0o procurador-geral de Justi\u00e7a, M\u00e1rcio Roberto Ten\u00f3rio de Albuquerque, destacou deve ser um compromisso coletivo socorrer aquelas pessoas que precisam de ajuda. \u201cO suic\u00eddio e as tentativas de suic\u00eddio s\u00e3o certamente um problema de sa\u00fade p\u00fablica, pois \u00e9 uma das causas mais frequente de morte, segundo a Organiza\u00e7\u00e3o Mundial de Sa\u00fade. Sabemos que n\u00e3o \u00e9 f\u00e1cil compreender o processo que leva algu\u00e9m a pensar nesse ato, por isso, n\u00e3o nos cabe julgar. A cada um de n\u00f3s, fica a miss\u00e3o de acolher, ouvir, dar aten\u00e7\u00e3o e buscar a rede de atendimento para dar suporte a essas pessoas. Refor\u00e7o que o Minist\u00e9rio P\u00fablico est\u00e1 de portas abertas para receber esses casos e auxiliar nos caminhos necess\u00e1rios \u00e0 recupera\u00e7\u00e3o de quem sofre com esse mal\u201d, afirmou o chefe do MPAL.<\/span><\/p>\n<p style=\"text-align: justify;\" align=\"justify\" data-raofz=\"14\"><span style=\"font-size: 14pt;\" data-raofz=\"13\">A promotora de Justi\u00e7a Micheline Ten\u00f3rio, coordenadora do N\u00facleo de Defesa da Sa\u00fade P\u00fablica, \u00a0tamb\u00e9m chamou aten\u00e7\u00e3o para o fato de que \u00e9 preciso respeitar a dor do pr\u00f3ximo e que os t\u00e9cnicos que atuam nesses segmentos precisam estar atentos aos sinais. \u201cA gente precisa enxergar com mais sensibilidade as pessoas que est\u00e3o ao nosso redor e procurar compreender aquela fase ou momento em que elas est\u00e3o necessitando de aux\u00edlio. Estender a m\u00e3o \u00e9 um gesto simples e que n\u00e3o nos custa nada. N\u00e3o podemos julgar e nem lidar de forma preconceituosa. Agindo assim, com toler\u00e2ncia, certamente poderemos ajudar aqueles que est\u00e3o precisando do nosso apoio. Muitas vezes, essas v\u00edtimas s\u00f3 querem ser ouvidas, s\u00f3 querem um pouco de aten\u00e7\u00e3o\u201d, disse ela, que coordena a \u201cA\u00e7\u00e3o estadual em defesa da vida\u201d do Minist\u00e9rio P\u00fablico.<\/span><\/p>\n<p style=\"text-align: justify;\" align=\"justify\" data-raofz=\"14\"><span style=\"font-size: 14pt;\" data-raofz=\"13\">Delza Gita\u00ed, presidente do Centro de Valoriza\u00e7\u00e3o da Vida (CVV) Macei\u00f3 e do Comit\u00ea Estadual de Preven\u00e7\u00e3o e Posven\u00e7\u00e3o do Suic\u00eddio, lembrou que a entidade, que \u00e9 filantr\u00f3pica e formada t\u00e3o somente por volunt\u00e1rios, oferece atendimento 24 horas, durante os sete dias da semana, por meio do telefone 188. \u201cQuero garantir que nossa equipe est\u00e1 pronta para fazer a escuta emp\u00e1tica e com respeito. Quem buscar ajuda no CVV, ver\u00e1 que n\u00f3s n\u00e3o fazemos qualquer julgamento sobre o sofrimento do outro exatamente por sabermos que cada dor \u00e9 \u00fanica e pessoal. Conclamamos a todos a assumirem esse compromisso de cuidar do nosso pr\u00f3ximo com a miss\u00e3o de vermos reduzir os dados oficiais. Infelizmente, no Brasil, 32 brasileiros se suicidam por dia, e outras 624 pessoas tentam tirar a pr\u00f3pria vida\u201d, informou<\/span><\/p>\n<p style=\"text-align: justify;\" align=\"justify\" data-raofz=\"14\"><span style=\"font-size: 14pt;\" data-raofz=\"13\">Tamb\u00e9m participaram da live o promotor de Justi\u00e7a e diretor do Centro de Apoio Operacional \u00e0s Promotorias de Justi\u00e7a (Caop), Jos\u00e9 Ant\u00f4nio Malta Marques; coordenador do projeto Acolhe-me, Carlos Jorge, e o motorista Jos\u00e9 Carlos da Silva, que deu seu depoimento falando sobre o processo de depress\u00e3o que enfrentou ano passado e que o fez pensar em tirar a pr\u00f3pria vida.<\/span><\/p>\n<p style=\"text-align: justify;\" align=\"justify\" data-raofz=\"14\"><span style=\"font-size: 14pt;\" data-raofz=\"13\"><b>A\u00e7\u00f5es<\/b><\/span><\/p>\n<p style=\"text-align: justify;\" align=\"justify\" data-raofz=\"14\"><span style=\"font-size: 14pt;\" data-raofz=\"13\">Desde o in\u00edcio do m\u00eas, o projeto \u201cMensageiros da Esperan\u00e7a\u201d, coordenado pela promotora de Justi\u00e7a Hylza Paiva) est\u00e1 desenvolvendo capacita\u00e7\u00f5es de equipes multidisciplinares e promovendo atividades junto a alunos de escolas p\u00fablicas. At\u00e9 o final deste m\u00eas, o trabalho seguir\u00e1 sendo desenvolvido para que aquelas pessoas que receberam o treinamento e as informa\u00e7\u00f5es possam se tornar multiplicadoras dos ensinamentos.<\/span><\/p>\n<p style=\"text-align: justify;\" align=\"justify\" data-raofz=\"14\"><span style=\"font-size: 14pt;\" data-raofz=\"13\">Para profissionais da sa\u00fade, psic\u00f3logos, assistentes sociais e professores, a qualifica\u00e7\u00e3o est\u00e1 sendo ministrada por promotores de Justi\u00e7a e representantes de institui\u00e7\u00f5es que trabalham com o tema. J\u00e1 com os alunos est\u00e3o sendo feitas atividades envolvendo palestras, din\u00e2micas de grupo e jogos educativos que combatem a automutila\u00e7\u00e3o, o\u00a0<em>bullying<\/em>, a depress\u00e3o e o suic\u00eddio.<\/span><\/p>\n<p style=\"text-align: justify;\" data-raofz=\"14\"><span style=\"font-size: 14pt;\" data-raofz=\"13\"><b>Sala amarela<\/b><\/span><\/p>\n<p style=\"text-align: justify;\" data-raofz=\"14\"><span style=\"font-size: 14pt;\" data-raofz=\"13\">Ao encerrar a<em>\u00a0live<\/em>, o procurador-geral de Justi\u00e7a, M\u00e1rcio Roberto Ten\u00f3rio de Albuquerque, comunicou que o Minist\u00e9rio P\u00fablico, em breve, ter\u00e1 a \u201csala amarela\u201d. O ambiente ser\u00e1 completamente preparado para que psic\u00f3logos possam escutar membros, servidores, colaboradores e estagi\u00e1rios do MPAL que necessitarem desse tipo de suporte.<\/span><\/p>\n","protected":false},"excerpt":{"rendered":"<p> [&hellip;]<\/p>\n","protected":false},"author":1,"featured_media":8950,"comment_status":"open","ping_status":"open","sticky":false,"template":"","format":"standard","meta":{"om_disable_all_campaigns":false,"_monsterinsights_skip_tracking":false,"_monsterinsights_sitenote_active":false,"_monsterinsights_sitenote_note":"","_monsterinsights_sitenote_category":0,"_uf_show_specific_survey":0,"_uf_disable_surveys":false,"footnotes":""},"categories":[2],"tags":[],"class_list":["post-8949","post","type-post","status-publish","format-standard","has-post-thumbnail","hentry","category-not_mpal"],"aioseo_notices":[],"_links":{"self":[{"href":"https:\/\/www.mpal.mp.br\/index.php?rest_route=\/wp\/v2\/posts\/8949","targetHints":{"allow":["GET"]}}],"collection":[{"href":"https:\/\/www.mpal.mp.br\/index.php?rest_route=\/wp\/v2\/posts"}],"about":[{"href":"https:\/\/www.mpal.mp.br\/index.php?rest_route=\/wp\/v2\/types\/post"}],"author":[{"embeddable":true,"href":"https:\/\/www.mpal.mp.br\/index.php?rest_route=\/wp\/v2\/users\/1"}],"replies":[{"embeddable":true,"href":"https:\/\/www.mpal.mp.br\/index.php?rest_route=%2Fwp%2Fv2%2Fcomments&post=8949"}],"version-history":[{"count":1,"href":"https:\/\/www.mpal.mp.br\/index.php?rest_route=\/wp\/v2\/posts\/8949\/revisions"}],"predecessor-version":[{"id":8951,"href":"https:\/\/www.mpal.mp.br\/index.php?rest_route=\/wp\/v2\/posts\/8949\/revisions\/8951"}],"wp:featuredmedia":[{"embeddable":true,"href":"https:\/\/www.mpal.mp.br\/index.php?rest_route=\/wp\/v2\/media\/8950"}],"wp:attachment":[{"href":"https:\/\/www.mpal.mp.br\/index.php?rest_route=%2Fwp%2Fv2%2Fmedia&parent=8949"}],"wp:term":[{"taxonomy":"category","embeddable":true,"href":"https:\/\/www.mpal.mp.br\/index.php?rest_route=%2Fwp%2Fv2%2Fcategories&post=8949"},{"taxonomy":"post_tag","embeddable":true,"href":"https:\/\/www.mpal.mp.br\/index.php?rest_route=%2Fwp%2Fv2%2Ftags&post=8949"}],"curies":[{"name":"wp","href":"https:\/\/api.w.org\/{rel}","templated":true}]}}