{"id":8945,"date":"2021-09-10T07:53:11","date_gmt":"2021-09-10T10:53:11","guid":{"rendered":"https:\/\/www.mpal.mp.br\/?p=8945"},"modified":"2022-06-13T07:53:25","modified_gmt":"2022-06-13T10:53:25","slug":"procurador-geral-de-justica-recebe-policiais-que-integram-o-movimento-antifascismo","status":"publish","type":"post","link":"https:\/\/www.mpal.mp.br\/?p=8945","title":{"rendered":"Procurador-geral de Justi\u00e7a recebe policiais que integram o Movimento Antifascismo"},"content":{"rendered":"<p style=\"text-align: justify;\" align=\"justify\" data-raofz=\"14\"><span style=\"font-size: 14pt;\">O procurador \u2013 geral de Justi\u00e7a, M\u00e1rcio Roberto Ten\u00f3rio de Albuquerque, e o chefe de gabinete, promotor de Justi\u00e7a Humberto Henrique Bulh\u00f5es, receberam, na tarde dessa quinta-feira (9), no pr\u00e9dio-sede do Minist\u00e9rio P\u00fablico Estadual (MPE\/AL), bairro do Po\u00e7o, em Macei\u00f3, representantes do Movimento dos Policiais Antifascismo. O grupo elencou alguns t\u00f3picos como pauta e fez a explana\u00e7\u00e3o para os membros ministeriais.<\/span><\/p>\n<p style=\"text-align: justify;\" align=\"justify\" data-raofz=\"14\"><span style=\"font-size: 14pt;\">Os participantes da reuni\u00e3o apresentaram como prop\u00f3sito: democracia nas institui\u00e7\u00f5es, carreira \u00fanica, guerra \u00e0s drogas e descriminaliza\u00e7\u00e3o de algumas drogas, valoriza\u00e7\u00e3o de carreira e das condi\u00e7\u00f5es de trabalho dos policiais, moderniza\u00e7\u00e3o da pol\u00edcia, preserva\u00e7\u00e3o dos direitos humanos e desmilitariza\u00e7\u00e3o.<\/span><\/p>\n<p style=\"text-align: justify;\" align=\"justify\" data-raofz=\"14\"><span style=\"font-size: 14pt;\">\u201cO Minist\u00e9rio P\u00fablico vive de portas abertas para qualquer cidad\u00e3o que sentir necessidade de se fazer ouvir, \u00e9 a casa do povo. Recebemos o grupo e demos espa\u00e7o para que expusesse seus anseios\u201d, ressalta o procurador-geral de Justi\u00e7a.<\/span><\/p>\n<p style=\"text-align: justify;\" align=\"justify\" data-raofz=\"14\"><span style=\"font-size: 14pt;\">O movimento esteve representado pelo major PM, Marcelo Ronaldson; o cel RR Luciano Silva; os subtenentes PM, Geilson e Milton; os escriv\u00e3es da Pol\u00edcia Civil Jos\u00e9 Carlos Minim e Jos\u00e9 Carlos, o policial civil Asc\u00e2nio Correia e o policial federal aposentado, Jorge venerando.<\/span><\/p>\n<p style=\"text-align: justify;\" align=\"justify\" data-raofz=\"14\"><span style=\"font-size: 14pt;\">Foto: Claudemir Mota<\/span><\/p>\n","protected":false},"excerpt":{"rendered":"<p> [&hellip;]<\/p>\n","protected":false},"author":1,"featured_media":8946,"comment_status":"open","ping_status":"open","sticky":false,"template":"","format":"standard","meta":{"om_disable_all_campaigns":false,"_monsterinsights_skip_tracking":false,"_monsterinsights_sitenote_active":false,"_monsterinsights_sitenote_note":"","_monsterinsights_sitenote_category":0,"_uf_show_specific_survey":0,"_uf_disable_surveys":false,"footnotes":""},"categories":[2],"tags":[],"class_list":["post-8945","post","type-post","status-publish","format-standard","has-post-thumbnail","hentry","category-not_mpal"],"aioseo_notices":[],"_links":{"self":[{"href":"https:\/\/www.mpal.mp.br\/index.php?rest_route=\/wp\/v2\/posts\/8945","targetHints":{"allow":["GET"]}}],"collection":[{"href":"https:\/\/www.mpal.mp.br\/index.php?rest_route=\/wp\/v2\/posts"}],"about":[{"href":"https:\/\/www.mpal.mp.br\/index.php?rest_route=\/wp\/v2\/types\/post"}],"author":[{"embeddable":true,"href":"https:\/\/www.mpal.mp.br\/index.php?rest_route=\/wp\/v2\/users\/1"}],"replies":[{"embeddable":true,"href":"https:\/\/www.mpal.mp.br\/index.php?rest_route=%2Fwp%2Fv2%2Fcomments&post=8945"}],"version-history":[{"count":2,"href":"https:\/\/www.mpal.mp.br\/index.php?rest_route=\/wp\/v2\/posts\/8945\/revisions"}],"predecessor-version":[{"id":8948,"href":"https:\/\/www.mpal.mp.br\/index.php?rest_route=\/wp\/v2\/posts\/8945\/revisions\/8948"}],"wp:featuredmedia":[{"embeddable":true,"href":"https:\/\/www.mpal.mp.br\/index.php?rest_route=\/wp\/v2\/media\/8946"}],"wp:attachment":[{"href":"https:\/\/www.mpal.mp.br\/index.php?rest_route=%2Fwp%2Fv2%2Fmedia&parent=8945"}],"wp:term":[{"taxonomy":"category","embeddable":true,"href":"https:\/\/www.mpal.mp.br\/index.php?rest_route=%2Fwp%2Fv2%2Fcategories&post=8945"},{"taxonomy":"post_tag","embeddable":true,"href":"https:\/\/www.mpal.mp.br\/index.php?rest_route=%2Fwp%2Fv2%2Ftags&post=8945"}],"curies":[{"name":"wp","href":"https:\/\/api.w.org\/{rel}","templated":true}]}}